{"id":504025,"date":"2026-04-18T04:57:14","date_gmt":"2026-04-18T04:57:14","guid":{"rendered":"https:\/\/www.europesays.com\/es\/504025\/"},"modified":"2026-04-18T04:57:14","modified_gmt":"2026-04-18T04:57:14","slug":"regreso-al-sur-de-libano-levantaremos-una-nueva-generacion-que-luche-contra-israel-internacional","status":"publish","type":"post","link":"https:\/\/www.europesays.com\/es\/504025\/","title":{"rendered":"Regreso al sur de L\u00edbano: \u201cLevantaremos una nueva generaci\u00f3n que luche contra Israel\u201d | Internacional"},"content":{"rendered":"<p class=\"\">La fractura entre los seguidores de la milicia chi\u00ed Hezbol\u00e1 y el Gobierno liban\u00e9s era este viernes evidente en el abarrotado camino de regreso que miles de personas han emprendido hacia el sur de L\u00edbano. Tras 46 d\u00edas de desplazamiento forzoso por la guerra con el ej\u00e9rcito israel\u00ed, miles de ciudadanos han aprovechado las primeras horas <a href=\"https:\/\/elpais.com\/internacional\/2026-04-16\/trump-anuncia-un-alto-el-fuego-de-10-dias-entre-israel-y-libano-a-partir-de-esta-noche.html\" target=\"_self\" rel=\"nofollow noopener\" title=\"https:\/\/elpais.com\/internacional\/2026-04-16\/trump-anuncia-un-alto-el-fuego-de-10-dias-entre-israel-y-libano-a-partir-de-esta-noche.html\">del alto el fuego temporal<\/a>, de solo 10 d\u00edas de duraci\u00f3n, para retornar a un territorio devastado y donde Israel afirma que mantendr\u00e1 los ataques. Mientras Beirut ha iniciado un di\u00e1logo con Israel y se ha comprometido a desarmar a Hezbol\u00e1, la poblaci\u00f3n fronteriza, en su mayor\u00eda cercana al movimiento proiran\u00ed, regresa al sur entre alabanzas hacia sus combatientes. \u201cNuestros j\u00f3venes han luchado contra Israel hasta la muerte\u201d, proclama orgullosa Randa Manna, de 61 a\u00f1os, desde lo alto del veh\u00edculo. \u201cY levantaremos una nueva generaci\u00f3n que luche contra Israel\u201d, afirma junto a su nieto, ambos haciendo la se\u00f1al de la victoria con los dedos.<\/p>\n<p class=\"\">Manna es parte de la multitud que este viernes se ha lanzado hacia la carretera secundaria que pasa por Qasmiyeh. Horas antes del cese de las hostilidades, Israel bombarde\u00f3 en ese municipio <a href=\"https:\/\/elpais.com\/internacional\/2026-03-18\/israel-inicia-el-bombardeo-de-todos-los-puentes-que-conectan-el-sur-de-libano-con-el-resto-del-pais.html\" target=\"_self\" rel=\"nofollow noopener\" title=\"https:\/\/elpais.com\/internacional\/2026-03-18\/israel-inicia-el-bombardeo-de-todos-los-puentes-que-conectan-el-sur-de-libano-con-el-resto-del-pais.html\">el \u00fanico puente sobre el r\u00edo Litani que todav\u00eda no hab\u00eda dejado del todo inservible<\/a>, en una acci\u00f3n que los residentes del sur ven como algo que buscaba causarles dolor. Cuando la tregua entr\u00f3 en vigor, en la medianoche del jueves al viernes, el paso se reconstruy\u00f3 de madrugada acumulando tierra sobre el agua, obligando a los retornados a atravesar un embudo que ha provocado colas interminables. Y en una de ellas es donde Manna atiende a EL PA\u00cdS. <\/p>\n<p><img alt=\"\" decoding=\"auto\" class=\"_re lazyload a_m-h\" height=\"311\"  width=\"414\"  src=\"https:\/\/www.europesays.com\/es\/wp-content\/uploads\/2026\/04\/KRUHM5O4HVAHRBNJGNMCNYVMO4.jpeg\" loading=\"lazy\" fetchpriority=\"low\"\/>Randa Manna, en su veh\u00edculo de camino a Bourj Rahal, L\u00edbano. Joan  Cabas\u00e9s Vega<\/p>\n<p class=\"\">\u201cNo nos hab\u00edamos ido muy lejos porque necesit\u00e1bamos respirar el aire del sur\u201d, dice la mujer, exultante porque haya llegado el d\u00eda de regresar a su Bourj Rahal natal, cercano a la ciudad milenaria de Tiro. Las banderas de Hezbol\u00e1, de Amal \u2014la otra gran formaci\u00f3n chi\u00ed en L\u00edbano\u2014 y de Ir\u00e1n, aliado de ambos, vuelan por encima de la caravana, que avanza lentamente al comp\u00e1s de las canciones que <a href=\"https:\/\/elpais.com\/internacional\/2026-04-03\/tras-un-mes-de-guerra-con-israel-hezbola-sale-reforzado-entre-el-dolor-de-los-libaneses.html\" target=\"_self\" rel=\"nofollow noopener\" title=\"https:\/\/elpais.com\/internacional\/2026-04-03\/tras-un-mes-de-guerra-con-israel-hezbola-sale-reforzado-entre-el-dolor-de-los-libaneses.html\">enaltecen la resistencia<\/a>, el concepto esencial y hostil hacia la presencia occidental e israel\u00ed en la regi\u00f3n que vertebra la alianza entre Teher\u00e1n y sus aliados en la regi\u00f3n, entre ellos Hezbol\u00e1; el autodenominado Eje de la Resistencia.<\/p>\n<p class=\"\">Mientras la alegr\u00eda del retorno se desvanece en algunas familias que descubren que su hogar ha quedado hundido bajo tierra por los indiscriminados bombardeos israel\u00edes, a Manna no le importa lo que el destino le traiga mientras sea en Bourj Rahal: \u201cEstamos preparados para poner tiendas de campa\u00f1a y estar en nuestro pueblo\u201d.<\/p>\n<p class=\"\">El jueves, la Administraci\u00f3n de Donald Trump anunci\u00f3 una tregua temporal en la guerra abierta en la que los soldados israel\u00edes y los milicianos libaneses se han enzarzado con fuerza desigual, en un conflicto en el que Israel ha matado en L\u00edbano a 2.200 personas y <a href=\"https:\/\/elpais.com\/internacional\/2026-03-21\/centenas-de-miles-de-libaneses-huyen-de-los-ataques-de-israel-que-he-hecho-yo-para-terminar-en-la-calle.html\" target=\"_self\" rel=\"nofollow noopener\" title=\"https:\/\/elpais.com\/internacional\/2026-03-21\/centenas-de-miles-de-libaneses-huyen-de-los-ataques-de-israel-que-he-hecho-yo-para-terminar-en-la-calle.html\">ha desplazado a 1,2 millones<\/a>, es decir, una quinta parte de la poblaci\u00f3n nacional. La \u00faltima escalada empez\u00f3 el 2 de marzo. Ese d\u00eda, Hezbol\u00e1 dispar\u00f3 contra Israel por primera vez tras 15 meses de un alto el fuego anterior, <a href=\"https:\/\/elpais.com\/internacional\/2024-11-26\/netanyahu-anuncia-un-alto-el-fuego-con-libano-y-promete-responder-con-fuerza-a-cualquier-vulneracion-por-hezbola.html\" target=\"_self\" rel=\"nofollow noopener\" title=\"https:\/\/elpais.com\/internacional\/2024-11-26\/netanyahu-anuncia-un-alto-el-fuego-con-libano-y-promete-responder-con-fuerza-a-cualquier-vulneracion-por-hezbola.html\">pactado en 2024<\/a>, que Israel incumpli\u00f3 a diario, causando 400 muertos con sus bombardeos y durante el cual sigui\u00f3 ocupando el territorio liban\u00e9s. <\/p>\n<p><img alt=\"\" decoding=\"auto\" class=\"_re lazyload a_m-h\" height=\"311\"  width=\"414\"  src=\"https:\/\/www.europesays.com\/es\/wp-content\/uploads\/2026\/04\/FRZUATLRL5DRNFEDTBFRNYAB2M.jpeg\" loading=\"lazy\" fetchpriority=\"low\"\/>Dos j\u00f3venes ondean banderas de Hezbol\u00e1 y de Ir\u00e1n en la caravana de regreso al sur de L\u00edbano. Joan  Cabas\u00e9s Vega<\/p>\n<p class=\"\">Aunque la tensi\u00f3n escal\u00f3 en octubre de 2023, cuando Hezbol\u00e1 atac\u00f3 a Israel en supuesta solidaridad con Gaza, el conflicto entre ambos se remonta al nacimiento de la milicia. En 1982, las autoridades iran\u00edes exportaron su revoluci\u00f3n isl\u00e1mica y encontraron tierra f\u00e9rtil entre el resentimiento de la poblaci\u00f3n chi\u00ed del sur de L\u00edbano, entonces y hasta el a\u00f1o 2000 ocupado por el ej\u00e9rcito israel\u00ed, en un periodo que atraves\u00f3 a casi cada familia con agravios y humillaciones. <\/p>\n<p class=\"\">Desde entonces, <a href=\"https:\/\/elpais.com\/internacional\/2024-09-26\/hezbola-la-milicia-mejor-armada-del-mundo.html\" target=\"_self\" rel=\"nofollow noopener\" title=\"https:\/\/elpais.com\/internacional\/2024-09-26\/hezbola-la-milicia-mejor-armada-del-mundo.html\">Teher\u00e1n aporta fondos y armas a Hezbol\u00e1,<\/a> que ejerce de autoridad de facto \u2014ofreciendo protecci\u00f3n y servicios sociales\u2014 en los territorios de mayor\u00eda chi\u00ed, como el sur de L\u00edbano. All\u00ed, las calles est\u00e1n forradas con im\u00e1genes de los l\u00edderes supremos de Ir\u00e1n y de los jeques y combatientes que han conformado la formaci\u00f3n libanesa. <\/p>\n<p class=\"\">De camino al sur, se ve la sede del medio de comunicaci\u00f3n Al Mayadeen, que Israel bombarde\u00f3 por su cercan\u00eda a Hezbol\u00e1, y a decenas de personas celebrando en medio de la autopista la supervivencia de una estaci\u00f3n de servicio de Al Amana, una distribuidora de combustible repetidamente atacada por su afiliaci\u00f3n al grupo chi\u00ed. Tambi\u00e9n se aprecia la destrucci\u00f3n de un pol\u00edgono con decenas de gr\u00faas, en un ataque que la poblaci\u00f3n local entendi\u00f3 como un impedimento para la reconstrucci\u00f3n del sur.<\/p>\n<p class=\"\">El presidente liban\u00e9s, Joseph Aoun, y el primer ministro, Nawaf Salam, ambos independientes y elegidos en 2025 tras la p\u00e9rdida de influencia de Hezbol\u00e1 por la ofensiva israel\u00ed, han dado pasos in\u00e9ditos en la historia de L\u00edbano. Ellos los presentan como necesarios para salir del ciclo de la violencia, pero la comunidad en torno a Hezbol\u00e1 los siente como una amenaza. <\/p>\n<p class=\"\">Este abril han iniciado conversaciones con las autoridades israel\u00edes, en un paso que vinculan con la llegada de la tregua. El pasado agosto decretaron el desarme de la formaci\u00f3n chi\u00ed, la \u00fanica que retuvo las armas al t\u00e9rmino de la guerra civil en 1990, con el permiso de Beirut, para defender L\u00edbano ante la ocupaci\u00f3n israel\u00ed. <\/p>\n<p class=\"\">La decisi\u00f3n, que tiene adeptos entre otras comunidades sociales y religiosas, busca el monopolio estatal de las armas y asegurar a L\u00edbano mediante un papel de neutralidad en una regi\u00f3n conflictiva. Pero esa idea preocupa a los residentes del sur, que ven al ej\u00e9rcito liban\u00e9s incapaz de defenderlos ante Israel. En la caravana circulan incluso bromas sobre sus soldados, asegurando que, a diferencia de Hezbol\u00e1, se replegaron del sur ante la llegada israel\u00ed y ahora regresan junto con la poblaci\u00f3n civil.<\/p>\n<p class=\"\">Aunque la nueva tregua es por ahora peor para Hezbol\u00e1 que la de 2024, puesto que permite a Israel permanecer en una franja fronteriza de 10 kil\u00f3metros, muchos de los que regresan en el primer d\u00eda la ven como una victoria. Im\u00e1genes como la del castillo de Beaufort, donde se retir\u00f3 la bandera israel\u00ed, levantan la moral durante el viaje hacia un territorio que la ofensiva israel\u00ed <a href=\"https:\/\/elpais.com\/internacional\/2026-04-16\/seis-semanas-de-ofensiva-sobre-libano-mas-de-2000-muertos-12-millones-de-desplazados-y-pueblos-enteros-destruidos.html\" target=\"_self\" rel=\"nofollow noopener\" title=\"https:\/\/elpais.com\/internacional\/2026-04-16\/seis-semanas-de-ofensiva-sobre-libano-mas-de-2000-muertos-12-millones-de-desplazados-y-pueblos-enteros-destruidos.html\">ha dejado en muchas ocasiones sin servicios b\u00e1sicos<\/a>, redes de agua, electricidad o flujo comercial, y en el que 100.000 personas han permanecido bajo bombardeos, seg\u00fan la ONU. <\/p>\n<p>Dolor bajo la superficie<\/p>\n<p class=\"\">La alegr\u00eda por el retorno al sur esconde bajo la superficie el dolor por una ofensiva israel\u00ed que ha provocado v\u00edctimas civiles hasta el \u00faltimo minuto antes del cese de las hostilidades, como en el caso de Tiro, con el bombardeo de sucesivos edificios residenciales. A la altura de Sarafand, un grupo de j\u00f3venes alienta los veh\u00edculos. Uno de ellos, Mohamed, a\u00fan no se explica lo ocurrido el d\u00eda anterior, cuando un avi\u00f3n tripulado israel\u00ed bombarde\u00f3 a su abuelo, Mohammed Harbi, un agricultor de 93 a\u00f1os, mientras se desplazaba en su motocicleta de tres ruedas. <\/p>\n<p class=\"\">\u201cEstamos agotados tras tantas semanas de guerra\u201d, dice Fadi, que se acerca junto a su familia al puente de Qasmiyeh. Su hija peque\u00f1a ondea una bandera de Hezbol\u00e1. \u201cSomos de Qana, el pueblo de los m\u00e1rtires\u201d, dice en referencia a la masacre de 1996, cuando Israel mat\u00f3 a un centenar de personas que se refugiaban en una base de la misi\u00f3n de paz de la ONU. \u201cPero nuestro cansancio no llega a la suela del zapato al esfuerzo de quienes est\u00e1n luchando contra Israel\u201d, admite con pena.<\/p>\n<p><img alt=\"\" decoding=\"auto\" class=\"_re lazyload a_m-h\" height=\"311\"  width=\"414\"  src=\"https:\/\/www.europesays.com\/es\/wp-content\/uploads\/2026\/04\/4MCV7NPBZFE6ZMOLLIE233I5II.jpeg\" loading=\"lazy\" fetchpriority=\"low\"\/>El colapso en el retorno masivo hacia el sur de L\u00edbano a su paso por Kfar Dabba, donde luce un cartel con el rostro del ayatol\u00e1 Ruholl\u00e1 Jomeini, el primer l\u00edder supremo de Ir\u00e1n. Joan  Cabas\u00e9s Vega<\/p>\n<p class=\"\">Detr\u00e1s, seis mujeres de la misma familia comparten veh\u00edculo, del que salen banderas de Hezbol\u00e1, Amal e Ir\u00e1n por ambos lados. Zahara, maestra de 25 a\u00f1os y de Bourj Rahal, agradece el sacrificio de los milicianos libaneses, a quienes ve como posibilitadores de su retorno. Dice que su familia y otras dos han estado viviendo en el mismo hogar desde que tuvieron que huir, en un municipio cercano al r\u00edo Litani.<\/p>\n<p class=\"\">Desde ah\u00ed, o\u00edan los bombardeos israel\u00edes y el lanzamiento de proyectiles de Hezbol\u00e1 a su alrededor. \u201cNos sentimos fuertes con cada misil contra la Palestina ocupada [Israel]. Sent\u00edamos el viento con cada cohete que disparaba la resistencia\u201d, dice con los ojos h\u00famedos y con su sobrina peque\u00f1a en el regazo. Pese a lamentar la existencia de municipios fronterizos a los que la ocupaci\u00f3n israel\u00ed impide el regreso, Zahara asegura que \u201cla lucha de los j\u00f3venes contra Israel nos hace levantar la cabeza\u201d. \u201cEl mundo puede estar seguro de que, mientras exista la resistencia, que espero que sea para siempre, no les permitiremos quedarse ni un solo palmo de tierra libanesa\u201d, concluye. <\/p>\n","protected":false},"excerpt":{"rendered":"La fractura entre los seguidores de la milicia chi\u00ed Hezbol\u00e1 y el Gobierno liban\u00e9s era este viernes evidente&hellip;\n","protected":false},"author":2,"featured_media":504026,"comment_status":"","ping_status":"","sticky":false,"template":"","format":"standard","meta":{"footnotes":""},"categories":[42],"tags":[89903,17,18,68,70,71,72,2262,20033,629,13,14,69,11,61,62,63,64,3137,74,19,20,13831,9,10,15,16,77,12,23357,21,22,65,66,67],"class_list":["post-504025","post","type-post","status-publish","format-standard","has-post-thumbnail","category-internacional","tag-ataque-contra-iran","tag-breaking-news","tag-breakingnews","tag-conflicto-arabe-israeli","tag-conflictos","tag-conflictos-armados","tag-conflictos-internacionales","tag-crisis-humanitaria","tag-desplazados","tag-estados-unidos","tag-featured-news","tag-featurednews","tag-guerra","tag-headlines","tag-internacional","tag-international","tag-international-news","tag-internationalnews","tag-iran","tag-israel","tag-latest-news","tag-latestnews","tag-libano","tag-news","tag-noticias","tag-noticias-destacadas","tag-noticiasdestacadas","tag-oriente-proximo","tag-titulares","tag-tregua","tag-ultimas-noticias","tag-ultimasnoticias","tag-world","tag-world-news","tag-worldnews"],"share_on_mastodon":{"url":"","error":"Validation failed: Text character limit of 500 exceeded"},"_links":{"self":[{"href":"https:\/\/www.europesays.com\/es\/wp-json\/wp\/v2\/posts\/504025","targetHints":{"allow":["GET"]}}],"collection":[{"href":"https:\/\/www.europesays.com\/es\/wp-json\/wp\/v2\/posts"}],"about":[{"href":"https:\/\/www.europesays.com\/es\/wp-json\/wp\/v2\/types\/post"}],"author":[{"embeddable":true,"href":"https:\/\/www.europesays.com\/es\/wp-json\/wp\/v2\/users\/2"}],"replies":[{"embeddable":true,"href":"https:\/\/www.europesays.com\/es\/wp-json\/wp\/v2\/comments?post=504025"}],"version-history":[{"count":0,"href":"https:\/\/www.europesays.com\/es\/wp-json\/wp\/v2\/posts\/504025\/revisions"}],"wp:featuredmedia":[{"embeddable":true,"href":"https:\/\/www.europesays.com\/es\/wp-json\/wp\/v2\/media\/504026"}],"wp:attachment":[{"href":"https:\/\/www.europesays.com\/es\/wp-json\/wp\/v2\/media?parent=504025"}],"wp:term":[{"taxonomy":"category","embeddable":true,"href":"https:\/\/www.europesays.com\/es\/wp-json\/wp\/v2\/categories?post=504025"},{"taxonomy":"post_tag","embeddable":true,"href":"https:\/\/www.europesays.com\/es\/wp-json\/wp\/v2\/tags?post=504025"}],"curies":[{"name":"wp","href":"https:\/\/api.w.org\/{rel}","templated":true}]}}