{"id":50406,"date":"2025-08-16T01:37:07","date_gmt":"2025-08-16T01:37:07","guid":{"rendered":"https:\/\/www.europesays.com\/es\/50406\/"},"modified":"2025-08-16T01:37:07","modified_gmt":"2025-08-16T01:37:07","slug":"feijoo-habla-de-crisis-nacional-y-pide-el-ejercito-ante-cuatro-nuevos-heridos","status":"publish","type":"post","link":"https:\/\/www.europesays.com\/es\/50406\/","title":{"rendered":"Feijoo habla de\u00a0\u00abcrisis nacional\u00bb y pide el Ej\u00e9rcito ante cuatro nuevos heridos"},"content":{"rendered":"<p>\t\t\t \t\t \t\t\t\t\t\t\tDos bomberos, este viernes trabajando en la extinci\u00f3n de un incendio cerca de Cip\u00e9rez, Salamanca. <strong class=\"pd-l\">JMGARCIA | EFE  <\/strong><\/p>\n<p>\t\t\t\t\t\tEn total, ya son trece los quemados en la ola de incendios, que tambi\u00e9n deja tres muertos<br \/>\n\t\t\t\t\t\t\t\t\t\t\t\t<strong>15 ago 2025<\/strong> . Actualizado a las 21:51 h.\t\t\t\t\t\t<\/p>\n<p class=\"first-paragraph txt\">El l\u00edder del PP, <strong>Alberto N\u00fa\u00f1ez Feijoo,<\/strong> reiter\u00f3 este viernes que Espa\u00f1a est\u00e1 ante una <strong>crisis nacional<\/strong> por los incendios, avis\u00f3 de que lo peor puede estar por llegar y <strong>reclam\u00f3 m\u00e1s<\/strong> <strong>medios del Ej\u00e9rcito.<\/strong> Despu\u00e9s de visitar con el presidente de Castilla y Le\u00f3n, Alfonso Fern\u00e1ndez Ma\u00f1ueco, el puesto de mando avanzado de Palacios del Sil, en Le\u00f3n, se\u00f1al\u00f3 que es el momento de una \u00abpol\u00edtica de Estado\u00bb y de olvidarse de la \u00abpol\u00edtica cutre, de los tuits groseros y de la permanente intensidad en las provocaciones\u00bb que vienen, dijo, del Gobierno.<\/p>\n<p class=\"txt\">Entre <strong>cr\u00edticas<\/strong> <strong>de algunos vecinos<\/strong> \u2014\u00abnos han tenido abandonados y ahora solo buscan una foto\u00bb, \u00abdeber\u00edan estar coordinando para acabar con esto\u00bb\u2014, reclam\u00f3 al Ej\u00e9rcito que despliegue su fuerza operativa y log\u00edstica y sus capacidades de apoyo en la extinci\u00f3n de incendios, tanto para ayudar a la evacuaci\u00f3n de poblaciones como para la vigilancia de los per\u00edmetros y el apoyo a las patrullas de emergencias. A ello deber\u00eda unirse, indic\u00f3 Feijoo, el trabajo de maquinaria pesada, como retroexcavadoras y veh\u00edculos anfibios, y con medios a\u00e9reos para facilitar el transporte de brigadas.<\/p>\n<p class=\"txt\">\u00abEs evidente que la UME [Unidad Militar de Emergencias] est\u00e1 haciendo un excelente trabajo, pero necesitamos m\u00e1s apoyo\u00bb ante una situaci\u00f3n de \u00abextrema gravedad\u00bb, porque <strong>no estamos \u2014se\u00f1al\u00f3\u2014 al final de la campa\u00f1a de incendios, sino al principio.<\/strong> Tambi\u00e9n puntualiz\u00f3, ante las preguntas de los periodistas, que no pide que se declare la emergencia nacional, sino que las comunidades aut\u00f3nomas, que son las que conocen mejor c\u00f3mo se pueden atajar los incendios, tengan m\u00e1s medios y m\u00e1s coordinaci\u00f3n.<\/p>\n<p class=\"ladillo\">Puente, \u00abMamporrero\u00bb<\/p>\n<p class=\"txt\">\u00abEstamos en una crisis nacional, la mayor parte de Espa\u00f1a est\u00e1 viviendo una situaci\u00f3n in\u00e9dita\u00bb, prosigui\u00f3 el l\u00edder del PP, quien avis\u00f3 de que, tras el conjunto de incendios \u00abvoraces\u00bb que ya ha afectado a la mitad del pa\u00eds, \u00abqueda lo peor\u00bb si no bajan las temperaturas ni vienen lluvias. \u00abLo que nos espera es dif\u00edcil, muy dif\u00edcil\u00bb, sentenci\u00f3.<\/p>\n<p class=\"txt\">Dentro del rifirrafe que continu\u00f3 un d\u00eda m\u00e1s entre el Gobierno y el PP, con acusaciones cruzadas por la falta de medios, destacaron este viernes los comentarios del presidente andaluz, <strong>Juanma Moreno,<\/strong> sobre el ministro de Transportes, <strong>\u00d3scar Puente.<\/strong> Despu\u00e9s de las continuas cr\u00edticas de Puente, a trav\u00e9s de X, a Moreno por no cancelar sus vacaciones ante el incendio de Tarifa, el andaluz lo tach\u00f3 de \u00abmamporrero\u00bb del Gobierno. Se\u00f1al\u00f3 su \u00ablamentable\u00bb actitud \u00abfr\u00edvola e irresponsable\u00bb, y a\u00f1adi\u00f3 que si \u00abdedicara el 50 % de su tiempo a trabajar por el transporte p\u00fablico, como en los trenes en Andaluc\u00eda, y dejara de bromear, las cosas funcionar\u00edan\u00bb.<\/p>\n<p class=\"txt\">Poco despu\u00e9s, <strong>Pedro S\u00e1nchez<\/strong> se\u00f1al\u00f3 en un tuit que el Gobierno sigue volcado con \u00abtodos los recursos\u00bb para frenar los incendios, advirti\u00f3 de que la jornada ser\u00eda \u00abmuy dura\u00bb y dio las gracias a quienes luchan en primera l\u00ednea.<\/p>\n<p class=\"ladillo\">Felipe VI trata la situaci\u00f3n<\/p>\n<p class=\"txt\">Tambi\u00e9n Felipe VI continu\u00f3 con sus llamadas a los presidentes auton\u00f3micos para tratar la situaci\u00f3n. Despu\u00e9s de telefonear el martes a Isabel D\u00edaz Ayuso (Madrid), Juanma Moreno (Andaluc\u00eda), Alfonso Rueda (Galicia), Alfonso Fern\u00e1ndez Ma\u00f1ueco (Castilla y Le\u00f3n) y Emiliano Garc\u00eda-Page (Castilla-La Mancha); el mi\u00e9rcoles a Mar\u00eda Guardiola (Extremadura); y el jueves a Adri\u00e1n Barb\u00f3n (Asturias), Salvador Illa (Catalu\u00f1a) y Carlos Maz\u00f3n (Valencia); este viernes se comunic\u00f3 con Jorge Azc\u00f3n, del Gobierno de Arag\u00f3n.<\/p>\n<p class=\"txt\">Entretanto, <strong>cuatro miembros de la Unidad Militar de Emergencias (UME)<\/strong> resultaron <strong>heridos en el incendio de Yeres, en Le\u00f3n.<\/strong> Tres de ellos sufrieron quemaduras de diversa consideraci\u00f3n en distintas partes del cuerpo, mientras que el cuarto padece una luxaci\u00f3n en el hombro. Todos, inform\u00f3 Defensa, fueron trasladados al hospital de Ponferrada, donde este viernes se encontraban en observaci\u00f3n y pendientes de evoluci\u00f3n.<\/p>\n<p class=\"txt\">En total, por tanto, ya son trece los heridos \u2014y tres los muertos\u2014 que ha dejado esta ola de incendios. Una ola que arrasa especialmente el noroeste de la Pen\u00ednsula y que lleg\u00f3 este viernes a su s\u00e9ptimo d\u00eda con una situaci\u00f3n algo m\u00e1s favorable en algunos puntos, aunque el fuego en Ourense y Zamora segu\u00eda descontrolado. De hecho, el jueves, dos lenguas cruzaron la frontera desde la provincia gallega a la castellanoleonesa, donde fueron avanzando por los valles de Hermisende y de P\u00edas, en la comarca de la Alta Sanabria. All\u00ed, 1.700 vecinos tuvieron que ser desalojados, aunque anoche las llamas todav\u00eda no hab\u00edan llegado a ninguna vivienda.<\/p>\n<p>&#13;<br \/>\n\tArchivado en:&#13;<br \/>\n\t\t\t\t\t<a href=\"https:\/\/www.lavozdegalicia.es\/temas\/alberto-nunez-feijoo\/\" target=\"_blank\" class=\"mg-l\" rel=\"nofollow noopener\">Alberto N\u00fa\u00f1ez Feijoo<\/a>&#13;<br \/>\n\t\t\t\t\t<a href=\"https:\/\/www.lavozdegalicia.es\/temas\/castilla-y-leon\/\" target=\"_blank\" class=\"mg-l\" rel=\"nofollow noopener\">Castilla y Le\u00f3n<\/a>&#13;<br \/>\n\t\t\t\t\t<a href=\"https:\/\/www.lavozdegalicia.es\/temas\/incendios\/\" target=\"_blank\" class=\"mg-l\" rel=\"nofollow noopener\">Incendios<\/a>&#13;<br \/>\n\t\t\t\t\t<a href=\"https:\/\/www.lavozdegalicia.es\/temas\/incendios-forestales\/\" target=\"_blank\" class=\"mg-l\" rel=\"nofollow noopener\">Incendios forestales<\/a>&#13;<br \/>\n\t&#13;<\/p>\n","protected":false},"excerpt":{"rendered":"Dos bomberos, este viernes trabajando en la extinci\u00f3n de un incendio cerca de Cip\u00e9rez, Salamanca. JMGARCIA | EFE&hellip;\n","protected":false},"author":2,"featured_media":50407,"comment_status":"","ping_status":"","sticky":false,"template":"","format":"standard","meta":{"footnotes":""},"categories":[8],"tags":[6069,17,18,3590,25,24,13,14,11,4342,8877,19,20,9,10,15,16,23,12,21,22],"class_list":{"0":"post-50406","1":"post","2":"type-post","3":"status-publish","4":"format-standard","5":"has-post-thumbnail","7":"category-espana","8":"tag-alberto-nunez-feijoo","9":"tag-breaking-news","10":"tag-breakingnews","11":"tag-castilla-y-leon","12":"tag-es","13":"tag-espana","14":"tag-featured-news","15":"tag-featurednews","16":"tag-headlines","17":"tag-incendios","18":"tag-incendios-forestales","19":"tag-latest-news","20":"tag-latestnews","21":"tag-news","22":"tag-noticias","23":"tag-noticias-destacadas","24":"tag-noticiasdestacadas","25":"tag-spain","26":"tag-titulares","27":"tag-ultimas-noticias","28":"tag-ultimasnoticias"},"share_on_mastodon":{"url":"","error":""},"_links":{"self":[{"href":"https:\/\/www.europesays.com\/es\/wp-json\/wp\/v2\/posts\/50406","targetHints":{"allow":["GET"]}}],"collection":[{"href":"https:\/\/www.europesays.com\/es\/wp-json\/wp\/v2\/posts"}],"about":[{"href":"https:\/\/www.europesays.com\/es\/wp-json\/wp\/v2\/types\/post"}],"author":[{"embeddable":true,"href":"https:\/\/www.europesays.com\/es\/wp-json\/wp\/v2\/users\/2"}],"replies":[{"embeddable":true,"href":"https:\/\/www.europesays.com\/es\/wp-json\/wp\/v2\/comments?post=50406"}],"version-history":[{"count":0,"href":"https:\/\/www.europesays.com\/es\/wp-json\/wp\/v2\/posts\/50406\/revisions"}],"wp:featuredmedia":[{"embeddable":true,"href":"https:\/\/www.europesays.com\/es\/wp-json\/wp\/v2\/media\/50407"}],"wp:attachment":[{"href":"https:\/\/www.europesays.com\/es\/wp-json\/wp\/v2\/media?parent=50406"}],"wp:term":[{"taxonomy":"category","embeddable":true,"href":"https:\/\/www.europesays.com\/es\/wp-json\/wp\/v2\/categories?post=50406"},{"taxonomy":"post_tag","embeddable":true,"href":"https:\/\/www.europesays.com\/es\/wp-json\/wp\/v2\/tags?post=50406"}],"curies":[{"name":"wp","href":"https:\/\/api.w.org\/{rel}","templated":true}]}}