{"id":50441,"date":"2025-08-16T02:00:11","date_gmt":"2025-08-16T02:00:11","guid":{"rendered":"https:\/\/www.europesays.com\/es\/50441\/"},"modified":"2025-08-16T02:00:11","modified_gmt":"2025-08-16T02:00:11","slug":"fin-a-la-guerra-de-las-sombrillas","status":"publish","type":"post","link":"https:\/\/www.europesays.com\/es\/50441\/","title":{"rendered":"fin a la guerra de las sombrillas"},"content":{"rendered":"<p><img decoding=\"async\" class=\"voc-author__img\" src=\"https:\/\/www.europesays.com\/es\/wp-content\/uploads\/2025\/08\/autor-5299-foto-2.gif\" alt=\"Jos\u00e9 Luis Fern\u00e1ndez\"\/><\/p>\n<p>15\/08\/2025<br \/>\n<br \/><strong><br \/>\nActualizado 16\/08\/2025 a las 02:56h.<br \/>\n<\/strong><\/p>\n<p class=\"voc-p\" style=\"\">La idea de reservar una especie de<strong> &#8216;carril de peatones&#8217;<\/strong> en la primera l\u00ednea de playa en <a href=\"https:\/\/www.abc.es\/espana\/comunidad-valenciana\/\" target=\"_blank\" data-voc-vtm-id=\"in-text-traffic\" title=\"Benidorm\" data-mrf-link=\"www.abc.es\" rel=\"nofollow noopener\">Benidorm<\/a> surgi\u00f3 como precauci\u00f3n para la distancia de seguridad frente al coronavirus, pero ahora que ya nadie se acuerda de la pandemia ha cuajado como tregua en la &#8216;guerra de las sombrillas&#8217;. No era un mal mortal ni comparable, desde luego, pero generaba no pocas tensiones.<\/p>\n<p class=\"voc-p\" style=\"\">\u00abMe parece muy bien, as\u00ed dejan tr\u00e1nsito para que la gente pase\u00bb, opina Juan, un valenciano instalado en su hamaca y bajo su sombrilla un metro y medio por detr\u00e1s de la cuerda fina de color azul que marca el l\u00edmite de esa franja de arena intocable, salvo para el paseo. \u00abLa Polic\u00eda patrulla en quads y a algunos les tienen que decir que quiten sus cosas y se pongan detr\u00e1s, tambi\u00e9n que no se pueden hacer agujeros en la arena, aunque eso ya es m\u00e1s dif\u00edcil que se cumpla\u00bb, a\u00f1ade, como observador veterano.<\/p>\n<p>\nMedida aplaudida\n<\/p>\n<p class=\"voc-p\" style=\"\">En su grupo de &#8216;vecinos&#8217; junto al Rinc\u00f3n de Loix, coincide con turistas venidos de otras partes de Espa\u00f1a que aplauden la medida del Ayuntamiento. \u00abLo que pasa es que hay algunos que vienen a las once y media de la ma\u00f1ana, ven el espacio libre delante, en primera fila, y se ponen, cuando <strong>otros llevamos aqu\u00ed desde las siete<\/strong>, a primera hora\u00bb, se queja Puri, de Navarra, molesta con que los espabilados que no madrugan quieran colarse, cuando ellos est\u00e1n a primera hora para coger una buena posici\u00f3n.<\/p>\n<p class=\"voc-p\" style=\"\">\u00abAdem\u00e1s, hay mucha gente mayor y cuando hay una emergencia pueden salir r\u00e1pidamente sin problemas, sin encontrarse todo lleno de personas\u00bb, a\u00f1ade Juan, de Albacete, poniendo el foco en que cuando hay urgencia, el tiempo se convierte en crucial.<\/p>\n<p>\nQuien hace la ley&#8230;\n<\/p>\n<p class=\"voc-p\" style=\"\">Una pareja de benidormenses que ha asistido a la evoluci\u00f3n del turismo desde hace d\u00e9cadas, aprecia la diferencia. \u00abAntes se liaban unas guerras por venir pronto para plantar las sombrillas en primera fila y ahora est\u00e1n m\u00e1s tranquilos\u00bb, aseguran, al tiempo que apuntan otros problemas acuciantes en la playa. \u00ab<strong>Est\u00e1n los bares pagando una fortuna<\/strong> y ahora se ve a otros clandestinos vendiendo bebidas con bandejas sobre la arena\u00bb, describen, pocos minutos de que incluso dos de estos &#8216;piratas&#8217; de las bandejas se hayan cruzado mientras ofrec\u00edan a gritos mojitos y otros c\u00f3cteles de elaboraci\u00f3n casera. Por decirlo de alguna manera, porque al prepararlos en cualquier sitio, las medidas b\u00e1sicas de higiene brillan por su ausencia, tal como denuncia este matrimonio de vecinos de Benidorm.<\/p>\n<p class=\"voc-p\" style=\"\">Aunque no todos le ven ventajas. La madrile\u00f1a Marga, por ejemplo, mira con recelo cuando alguien se acerca, porque disfruta en su tumbona sola, pero sabe que est\u00e1 dentro de la zona &#8216;prohibida&#8217; en teor\u00eda, sin nadie alrededor en un radio de una decena de metros. \u00ab<strong>Cre\u00eda que ven\u00edais a decirme que ten\u00eda que irme de aqu\u00ed<\/strong>\u00bb, confiesa tras justificarse a medias: \u00abMe gusta tomar el sol aqu\u00ed, cerca del agua, s\u00e9 que no est\u00e1 permitido ahora, pero quien hace la ley, hace la trampa, un poco lo hacemos todos\u00bb. Consciente de que en cualquier momento puede acabarse su &#8216;invasi\u00f3n&#8217;, ya asume lo que le espera: \u00abCuando pasen y me digan que no puedo estar aqu\u00ed, me ir\u00e9\u00bb.<\/p>\n<p class=\"voc-p\" style=\"\">Otras ba\u00f1istas comparten este rechazo a esa franja libre, aunque no la usurpen. \u00abEstoy en contra, creo que soy libre de disfrutar de la playa donde quiera y no me parece bien que pongan limitaciones\u00bb, explica Mar\u00eda, alcoyana asidua a Benidorm, porque all\u00ed tienen apartamento sus abuelos.<\/p>\n<p class=\"voc-p\" style=\"\">Los <strong>socorristas<\/strong> no entran en esta vigilancia exclusiva de la Polic\u00eda. \u00abNo podemos encararnos con la gente, porque dejar\u00edamos desatendida la playa y nuestra misi\u00f3n es la seguridad\u00bb, comenta Izan desde su silla elevada, que proporciona a estos vigilantes las mejores vistas de los posibles infractores de esta norma no escrita.<\/p>\n<p>\nUn vac\u00edo legal\n<\/p>\n<p class=\"voc-p\" style=\"\">\u00abEsa l\u00ednea de playa no est\u00e1 sujeta a ninguna normativa u ordenanza, se tuvo que habilitar con la premura de la <strong>pandemia<\/strong> y no se puede establecer una infracci\u00f3n, se trata de una especie de canales de entrada y salida para evacuaci\u00f3n\u00bb, precisan fuentes municipales acerca del vac\u00edo legal de la medida.<\/p>\n<p class=\"voc-p\" style=\"\">\u00abSe ha conseguido concienciaci\u00f3n, hay gente que lo respeta y gente que no, que esperan a que pase la patrulla de la Polic\u00eda Local con el quad para quitarse, m\u00e1s que nada es una v\u00eda de paso\u00bb, se\u00f1alan.<\/p>\n<p><img decoding=\"async\" loading=\"lazy\" src=\"https:\/\/www.europesays.com\/es\/wp-content\/uploads\/2025\/08\/vendedor-benidorm-playa-U33040136441PmZ-760x427@diario_abc.jpg\" class=\"voc-img\" width=\"760\" height=\"427\" alt=\"Imagen de un vendedor ambulante en la playa de Levante de Benidorm\" data-voc-vtm-id=\"in-text-traffic\"\/><\/p>\n<p>Imagen de un vendedor ambulante en la playa de Levante de Benidorm<\/p>\n<p>JUAN CARLOS SOLER<\/p>\n<p class=\"voc-p\" style=\"\">La filosof\u00eda apunta a <strong>\u00abdisuadir\u00bb<\/strong> de ese uso esta parte privilegiada del litoral y con la \u00abinercia\u00bb de varios veranos de experiencia \u00abla gente lo ve\u00bb, aunque no hay ni siquiera carteles para informar, hay que deducirlo de la cuerda azul y las advertencias de los agentes que patrullan. \u00abApelamos a la buena voluntad de la gente\u00bb, apostillan.<\/p>\n<p class=\"voc-p\" style=\"\">Al fin y al cabo, impera el sentido com\u00fan y se tolera que los ni\u00f1os hagan sus castillos de arena, ya que la \u00fanica arena mojada est\u00e1 en esa franja junto al agua. Tambi\u00e9n, que en la zona de mayor densidad de la playa \u2013el Rinc\u00f3n de Loix\u2013 la distancia de seis metros se reduzca dr\u00e1sticamente a la mitad.<\/p>\n<p>Reportar un error<\/p>\n","protected":false},"excerpt":{"rendered":"15\/08\/2025 Actualizado 16\/08\/2025 a las 02:56h. La idea de reservar una especie de &#8216;carril de peatones&#8217; en la&hellip;\n","protected":false},"author":2,"featured_media":50442,"comment_status":"","ping_status":"","sticky":false,"template":"","format":"standard","meta":{"footnotes":""},"categories":[8],"tags":[490,7092,17,18,11078,25,24,13,14,772,69,11,19,20,9,10,15,16,22449,776,22450,23,12,21,22],"class_list":{"0":"post-50441","1":"post","2":"type-post","3":"status-publish","4":"format-standard","5":"has-post-thumbnail","7":"category-espana","8":"tag-abre","9":"tag-benidorm","10":"tag-breaking-news","11":"tag-breakingnews","12":"tag-carril","13":"tag-es","14":"tag-espana","15":"tag-featured-news","16":"tag-featurednews","17":"tag-fin","18":"tag-guerra","19":"tag-headlines","20":"tag-latest-news","21":"tag-latestnews","22":"tag-news","23":"tag-noticias","24":"tag-noticias-destacadas","25":"tag-noticiasdestacadas","26":"tag-peatones","27":"tag-playa","28":"tag-sombrillas","29":"tag-spain","30":"tag-titulares","31":"tag-ultimas-noticias","32":"tag-ultimasnoticias"},"share_on_mastodon":{"url":"","error":""},"_links":{"self":[{"href":"https:\/\/www.europesays.com\/es\/wp-json\/wp\/v2\/posts\/50441","targetHints":{"allow":["GET"]}}],"collection":[{"href":"https:\/\/www.europesays.com\/es\/wp-json\/wp\/v2\/posts"}],"about":[{"href":"https:\/\/www.europesays.com\/es\/wp-json\/wp\/v2\/types\/post"}],"author":[{"embeddable":true,"href":"https:\/\/www.europesays.com\/es\/wp-json\/wp\/v2\/users\/2"}],"replies":[{"embeddable":true,"href":"https:\/\/www.europesays.com\/es\/wp-json\/wp\/v2\/comments?post=50441"}],"version-history":[{"count":0,"href":"https:\/\/www.europesays.com\/es\/wp-json\/wp\/v2\/posts\/50441\/revisions"}],"wp:featuredmedia":[{"embeddable":true,"href":"https:\/\/www.europesays.com\/es\/wp-json\/wp\/v2\/media\/50442"}],"wp:attachment":[{"href":"https:\/\/www.europesays.com\/es\/wp-json\/wp\/v2\/media?parent=50441"}],"wp:term":[{"taxonomy":"category","embeddable":true,"href":"https:\/\/www.europesays.com\/es\/wp-json\/wp\/v2\/categories?post=50441"},{"taxonomy":"post_tag","embeddable":true,"href":"https:\/\/www.europesays.com\/es\/wp-json\/wp\/v2\/tags?post=50441"}],"curies":[{"name":"wp","href":"https:\/\/api.w.org\/{rel}","templated":true}]}}