{"id":50443,"date":"2025-08-16T02:01:11","date_gmt":"2025-08-16T02:01:11","guid":{"rendered":"https:\/\/www.europesays.com\/es\/50443\/"},"modified":"2025-08-16T02:01:11","modified_gmt":"2025-08-16T02:01:11","slug":"galicia-y-castilla-y-leon-en-alerta-maxima-con-nuevas-preocupaciones","status":"publish","type":"post","link":"https:\/\/www.europesays.com\/es\/50443\/","title":{"rendered":"Galicia y Castilla y Le\u00f3n, en alerta m\u00e1xima con nuevas preocupaciones"},"content":{"rendered":"<p><b>Espa\u00f1a se est\u00e1 enfrentando a uno de los peores veranos de su historia<\/b> debido a una <b>oleada devastadora de incendios forestales que ya dejan m\u00e1s de 100.000 hect\u00e1reas calcinadas<\/b>. Las llamas no solo consumen los bosques, sino tambi\u00e9n la tranquilidad de miles de personas evacuadas.<\/p>\n<p><b>En la frontera entre Galicia y Castilla y Le\u00f3n, el incendio que se extiende desde Ourense hacia Zamora sigue fuera de control<\/b>, con dos frentes activos avanzando en la comarca de Alta Sanabria. <b>M\u00e1s de 1.700 personas han sido desalojadas<\/b>, aunque por ahora no se han registrado da\u00f1os en viviendas.<\/p>\n<p>Galicia, ante \u00abla peor situaci\u00f3n de la historia\u00bb<\/p>\n<p><b>Galicia<\/b>, y en particular <b>Ourense<\/b>, vive una situaci\u00f3n cr\u00edtica, probablemente <b>\u00abla peor de la historia\u00bb<\/b>, seg\u00fan <b>Manuel Rodr\u00edguez<\/b>, director general de Defensa del Monte de la Xunta. Los incendios en esta provincia, que permanece en Situaci\u00f3n 2, han arrasado <b>unas 32.000 hect\u00e1reas<\/b>, con<b> 16.000 solo en Chandrexa de Queixa<\/b> (Requeixo y Parafita, que son ya un \u00fanico incendio), que\u00a0se ha convertido en el mayor registrado en Galicia desde que existen datos oficiales. Supera<b>\u00a0en 5.000 hect\u00e1reas al fuego de O Courel, que en 2022 ostentaba el r\u00e9cord<\/b>.\u00a0<\/p>\n<p>Adem\u00e1s del fuego de Chandrexa, siguen activos otros importantes incendios en Ourense, como los de <b>Maceda <\/b>(2.500 hect\u00e1reas), <b>O\u00edmbra-A Granxa<\/b> (10.000 hect\u00e1reas), A <b>Mezquita-A Esculqueira<\/b> (9.000 hect\u00e1reas), y varios en <b>Vilardev\u00f3s <\/b>con superficies que oscilan entre 50 y 700 hect\u00e1reas. Tambi\u00e9n est\u00e1n activos incendios en <b>Mux\u00eda <\/b>(A Coru\u00f1a), <b>Toques <\/b>(200 hect\u00e1reas, en situaci\u00f3n 2) y <b>Agolada-O Sexo<\/b> (Pontevedra, 300 hect\u00e1reas, tambi\u00e9n en nivel 2). Algunos focos ya se han estabilizado o est\u00e1n controlados en distintas zonas de Ourense, Lugo y Pontevedra.<\/p>\n<p>Debido a la gravedad de los incendios, <b>varios pueblos han sido confinados por precauci\u00f3n<\/b>, entre ellos <b>Carballal <\/b>(Pet\u00edn), <b>Roblido <\/b>(A R\u00faa) y <b>A Madanela<\/b> (Monterrei), as\u00ed como <b>una residencia en Chandrexa de Queixa<\/b>. El 112 Galicia ha activado <b>mensajes de emergencia a trav\u00e9s del sistema ES-Alert<\/b> para recomendar confinamientos en m\u00e1s de treinta municipios de la provincia.\u00a0<\/p>\n<p><b>La alcaldesa de A R\u00faa ha descrito la situaci\u00f3n como \u00abdram\u00e1tica\u00bb,<\/b> con una aldea aislada, una residencia evacuada y una f\u00e1brica de componentes de automoci\u00f3n calcinada. Adem\u00e1s, se han visto afectadas infraestructuras clave como la N-120, la A-52, reabierta parcialmente, y la N-525.<\/p>\n<p>Tambi\u00e9n <b><a href=\"https:\/\/www.huffingtonpost.es\/sociedad\/suspendida-circulacion-trenes-madrid-galicia-hasta-nuevo-aviso-corte-precedentes-red-ave.html\" target=\"_blank\" rel=\"nofollow noopener\">se ha suspendio la circulaci\u00f3n de trenes entre Madrid y Galicia para todo el d\u00eda y \u00abhasta nuevo aviso\u00bb<\/a><\/b>, lo que supone un corte sin precedentes en la red de alta velocidad de nuestro pa\u00eds.\u00a0\u00abEs la <b>primera vez que una l\u00ednea de alta velocidad est\u00e1 cortada 3 d\u00edas consecutivos<\/b>\u00ab, ha confirmado <b>\u00d3scar Puente<\/b>, ministro de Transportes.<\/p>\n<p>\u00abEs una <b>situaci\u00f3n compleja<\/b>, posiblemente<b> la peor de la historia de los incendios de Galicia<\/b> en cuanto a escenas vividas, complejidades de los fuegos, las dificultades de extinci\u00f3n y las condiciones meteorol\u00f3gicas\u00bb, ha se\u00f1alado\u00a0Manuel Rodr\u00edguez en una entrevista con Radio Galega, recordando\u00a0que <b>su equipo lleva \u00abmuchos d\u00edas pensando, luchando, a veces un poco desesperados, cansados\u00bb<\/b> frente a los incendios, pero siempre con \u00abtodo el empe\u00f1o posible\u00bb.<\/p>\n<p>Adem\u00e1s, ha explicado que se enfrentan a <b>incendios que pueden \u00abdarse la vuelta por completo\u00bb en apenas 24 horas<\/b>, con zonas que parec\u00edan controladas pero que<b> \u00abvuelven a salir al d\u00eda siguiente o dos despu\u00e9s\u00bb<\/b>, incluso en<b> \u00abzonas de monta\u00f1a inaccesibles\u00bb<\/b>.<\/p>\n<p>En su opini\u00f3n, todo esto es el <b>resultado de \u00abla tormenta perfecta\u00bb, tras una primavera con abundantes lluvias que hicieron crecer la biomasa de forma exponencial<\/b>, seguida de sucesivas <b>olas de calor<\/b>.<\/p>\n<p>En todos estos fuegos se han movilizado <b>t\u00e9cnicos<\/b>, <b>agentes<\/b>, <b>brigadas<\/b>, <b>motobombas<\/b>, <b>helic\u00f3pteros<\/b>, <b>aviones <\/b>y <b>maquinaria pesada<\/b>, con la <b>colaboraci\u00f3n destacada de la Unidad Militar de Emergencias (UME) <\/b>y, en algunos casos, tambi\u00e9n de medios portugueses.\u00a0<\/p>\n<p>La intensidad y gravedad de los incendios forestales ocurridos en los \u00faltimos d\u00edas en Galicia han provocado un <b>notable deterioro en la calidad del aire en varias provincias de la regi\u00f3n<\/b>, donde en muchos lugares se percibe una densa capa de humo.<\/p>\n<p>Seg\u00fan los datos de MeteoGalicia, <b>la calidad del aire es mala o muy mala en \u00e1reas como la ciudad de Ourense<\/b>, mientras que en localidades como Laza, cerca de grandes incendios como los de Monterrei y el Macizo central, el nivel de contaminaci\u00f3n se considera \u00abp\u00e9simo\u00bb. Adem\u00e1s de Laza, MeteoGalicia se\u00f1ala tambi\u00e9n una mala calidad del aire en zonas de Lal\u00edn, en la estaci\u00f3n de A Ponte (Ourense) y en el sur de la provincia de Ourense.<\/p>\n<p>Salamanca, nueva preocupaci\u00f3n en Castilla y Le\u00f3n<\/p>\n<p>Aunque <b>la evoluci\u00f3n general de los incendios en Castilla y Le\u00f3n parec\u00eda mejorar<\/b>, seg\u00fan indic\u00f3 su presidente <b>Alfonso Fern\u00e1ndez Ma\u00f1ueco<\/b>, lo que permiti\u00f3 el <b>regreso de todos los vecinos de Molezuelas de la Carballeda (Zamora)<\/b>, la provincia de <b>Salamanca <\/b>ha entrado esta tarde en <b>situaci\u00f3n extrema<\/b> debido a <b>cinco grandes incendios activos<\/b>.<\/p>\n<p>De estos, <b>tres est\u00e1n clasificados en nivel 2 y dos en nivel 1<\/b>, ubicados en San Crist\u00f3bal de los Mochuelos, El Payo, La Sagrada, La Alberca y Corral de Garci\u00f1igo. Los incendios en San Crist\u00f3bal de los Mochuelos y El Payo son los m\u00e1s preocupantes, hasta el punto de que <b>la poblaci\u00f3n de El Payo, tuvo que ser evacuada por el r\u00e1pido empeoramiento del fuego<\/b>.<\/p>\n<p>En total, <b>unas 1.500 personas han sido evacuadas por el incendio declarado en El Payo (Salamanca)<\/b>, entre ellas los <b>residentes de un centro de mayores<\/b>, debido al avance del fuego y las condiciones meteorol\u00f3gicas adversas, seg\u00fan ha explicado el alcalde, <b>Agapito Pascual Silva<\/b>, ha a la agencia EFE. Aunque el pueblo cuenta con unos 300 habitantes habituales, la cifra se ha incrementado notablemente por el puente festivo.<\/p>\n<p>Los vecinos que no han podido alojarse con familiares o amigos han sido <b>trasladados a pabellones en localidades cercanas como Robleda y Fuenteguinaldo<\/b>, mientras que <b>los mayores de la residencia local han sido llevados a un centro de la Diputaci\u00f3n en Ciudad Rodrigo<\/b>.\u00a0<\/p>\n<p>Otros incendios activos en la provincia han dejado <b>dos heridos leves<\/b>: un <b>hombre de 61 a\u00f1os con quemaduras en los brazos<\/b> en la carretera de Vitigudino y un <b>bombero que sufri\u00f3 un malestar en Cip\u00e9rez<\/b>. Varios tramos de carreteras, como la DSA-370, DSA-433 y la CL-517, han sido cerrados temporalmente debido al humo y las rachas de viento que complican la situaci\u00f3n.<\/p>\n<p><b>En Le\u00f3n, el n\u00famero de personas evacuadas ha disminuido de cerca de 7.800 a 2.500<\/b>, y se espera que durante el d\u00eda se realojen a m\u00e1s residentes en otros municipios. No obstante, <b><a href=\"https:\/\/www.huffingtonpost.es\/sociedad\/cuatro-militares-ume-resultan-heridos-incendio-yeres-leon.html\" target=\"_blank\" rel=\"nofollow noopener\">cuatro miembros de la UME han resultado heridos en esta provincia<\/a>, concretamente en el incendio de Yeres<\/b>.\u00a0<\/p>\n<p>Todos ellos han sido <b>trasladados al hospital de Ponferrada<\/b>, donde se encuentran ingresados, en observaci\u00f3n y pendientes de la evoluci\u00f3n del diagn\u00f3stico inicial.\u00a0<b>Tres han sufrido quemaduras de diversa consideraci\u00f3n<\/b> en distintas partes del cuerpo, mientras que <b>el cuarto padece una luxaci\u00f3n en el hombro<\/b>.<\/p>\n<p>Por otro lado, en <b>\u00c1vila<\/b>, un <b>incendio declarado a las 13:50 horas en El Herrad\u00f3n de Pinares<\/b>, con un \u00edndice de <b>gravedad potencial 2<\/b>, ha obligado a <b>evacuar a los 91 habitantes de Ojos Albos <\/b>y a alrededor de <b>un centenar de personas en el barrio anexo a la capital, Urraca Miguel<\/b>. Adem\u00e1s, se ha declarado otro fuego en Mijares, al sur de la provincia.<\/p>\n<p>Evoluci\u00f3n favorable en Asturias, Extremadura y Comunidad Valenciana, pero con la mirada puesta en la meteorolog\u00eda<\/p>\n<p><b>En Extremadura, la evoluci\u00f3n de los incendios es favorable<\/b>. Tras una <b>noche sin reactivaciones en el fuego de Jarilla (C\u00e1ceres)<\/b> y una <b>reducci\u00f3n del confinamiento en Villagarc\u00eda de la Torre (Badajoz)<\/b>, las autoridades esperan continuar con esta tendencia positiva.<\/p>\n<p>El <b>incendio en el norte de C\u00e1ceres<\/b> afecta unas<b> 4.800 hect\u00e1reas con un per\u00edmetro de 50 kil\u00f3metros<\/b>, seg\u00fan el consejero <b>Abel Bautista<\/b>. Se prev\u00e9 que el enfriamiento del terreno y la calma en el viento a partir de la tarde mejoren a\u00fan m\u00e1s la situaci\u00f3n.<\/p>\n<p>En <b>Asturias<\/b>, hay <b>10 incendios forestales<\/b>, de los cuales <b>cinco siguen activos<\/b>, cuatro est\u00e1n controlados y uno permanece estabilizado, seg\u00fan ha informado el Servicio de Emergencias del Principado de Asturias (SEPA). Los esfuerzos se concentran en la zona de <b>Genestoso <\/b>(Cangas del Narcea), donde preocupa la meteorolog\u00eda.<\/p>\n<p>El consejero de Gesti\u00f3n de Emergencias del Principado de Asturias, <b>Alejandro Calvo<\/b>, ha se\u00f1alado que <b>las actuales condiciones meteorol\u00f3gicas son \u00abmuy malas\u00bb<\/b>, lo que ha dificultado las labores de extinci\u00f3n de los incendios que contin\u00faan activos en las zonas de Genestoso y Somiedo.<\/p>\n<p>Ante esta situaci\u00f3n, el Gobierno asturiano est\u00e1 evaluando la <b>posibilidad de realizar evacuaciones parciales<\/b>, especialmente de <b>personas mayores y menores<\/b>, en las localidades de <b>Genestoso y Llamera<\/b>, en el concejo de Cangas del Narcea. \u00abEstamos valorando que all\u00ed donde pueda haber cierto riesgo se pueda hacer alguna evacuaci\u00f3n parcial\u00bb, ha afirmado Calvo, haciendo referencia en concreto a los n\u00facleos de Llamera y Sonande, los m\u00e1s expuestos ante un posible avance de las llamas.<\/p>\n<p>En un respiro para la <b>Comunidad Valenciana<\/b>, el incendio declarado el mi\u00e9rcoles en <b>Teresa de Cofrentes<\/b>, que afect\u00f3 unas 500 hect\u00e1reas, ha sido dado por <b>estabilizado<\/b>, seg\u00fan el Centro de Emergencias de la Generalitat.<\/p>\n","protected":false},"excerpt":{"rendered":"Espa\u00f1a se est\u00e1 enfrentando a uno de los peores veranos de su historia debido a una oleada devastadora&hellip;\n","protected":false},"author":2,"featured_media":50444,"comment_status":"","ping_status":"","sticky":false,"template":"","format":"standard","meta":{"footnotes":""},"categories":[5],"tags":[17,18,25,24,13,14,11,4342,19,20,9,10,15,16,23,12,21,22],"class_list":{"0":"post-50443","1":"post","2":"type-post","3":"status-publish","4":"format-standard","5":"has-post-thumbnail","7":"category-titulares","8":"tag-breaking-news","9":"tag-breakingnews","10":"tag-es","11":"tag-espana","12":"tag-featured-news","13":"tag-featurednews","14":"tag-headlines","15":"tag-incendios","16":"tag-latest-news","17":"tag-latestnews","18":"tag-news","19":"tag-noticias","20":"tag-noticias-destacadas","21":"tag-noticiasdestacadas","22":"tag-spain","23":"tag-titulares","24":"tag-ultimas-noticias","25":"tag-ultimasnoticias"},"share_on_mastodon":{"url":"","error":""},"_links":{"self":[{"href":"https:\/\/www.europesays.com\/es\/wp-json\/wp\/v2\/posts\/50443","targetHints":{"allow":["GET"]}}],"collection":[{"href":"https:\/\/www.europesays.com\/es\/wp-json\/wp\/v2\/posts"}],"about":[{"href":"https:\/\/www.europesays.com\/es\/wp-json\/wp\/v2\/types\/post"}],"author":[{"embeddable":true,"href":"https:\/\/www.europesays.com\/es\/wp-json\/wp\/v2\/users\/2"}],"replies":[{"embeddable":true,"href":"https:\/\/www.europesays.com\/es\/wp-json\/wp\/v2\/comments?post=50443"}],"version-history":[{"count":0,"href":"https:\/\/www.europesays.com\/es\/wp-json\/wp\/v2\/posts\/50443\/revisions"}],"wp:featuredmedia":[{"embeddable":true,"href":"https:\/\/www.europesays.com\/es\/wp-json\/wp\/v2\/media\/50444"}],"wp:attachment":[{"href":"https:\/\/www.europesays.com\/es\/wp-json\/wp\/v2\/media?parent=50443"}],"wp:term":[{"taxonomy":"category","embeddable":true,"href":"https:\/\/www.europesays.com\/es\/wp-json\/wp\/v2\/categories?post=50443"},{"taxonomy":"post_tag","embeddable":true,"href":"https:\/\/www.europesays.com\/es\/wp-json\/wp\/v2\/tags?post=50443"}],"curies":[{"name":"wp","href":"https:\/\/api.w.org\/{rel}","templated":true}]}}