{"id":504444,"date":"2026-04-18T10:58:48","date_gmt":"2026-04-18T10:58:48","guid":{"rendered":"https:\/\/www.europesays.com\/es\/504444\/"},"modified":"2026-04-18T10:58:48","modified_gmt":"2026-04-18T10:58:48","slug":"iran-recupera-las-restricciones-en-el-estrecho-de-ormuz-por-el-bloqueo-de-eeuu-apenas-unas-horas-despues-de-reabrirlo","status":"publish","type":"post","link":"https:\/\/www.europesays.com\/es\/504444\/","title":{"rendered":"Ir\u00e1n recupera las restricciones en el estrecho de Ormuz por el bloqueo de EEUU apenas unas horas despu\u00e9s de reabrirlo"},"content":{"rendered":"<p class=\"article-text\">\n        Ir\u00e1n ha recuperado este s\u00e1bado las restricciones en el paso de buques en el estrecho de Ormuz apenas unas horas despu\u00e9s de <a href=\"https:\/\/www.eldiario.es\/internacional\/anuncio-reapertura-ormuz-tregua-libano-sirven-palanca-segunda-ronda-dialogo-eeuu-e-iran_1_13151923.html\" target=\"_blank\" data-mrf-recirculation=\"links-noticia\" class=\"link\" rel=\"nofollow noopener\">reabrirlo por completo<\/a>, seg\u00fan informa la agencia EFE. \u201cEl control del estrecho de Ormuz ha vuelto a su estado anterior y esta v\u00eda estrat\u00e9gica se encuentra bajo una estricta gesti\u00f3n y control por parte de las Fuerzas Armadas\u201d, ha anunciado el portavoz del Cuartel General Central Jatam al Anbiya, el teniente coronel Ebrahim Zolfagari, en un comunicado recogido por la agencia Tasnim.\n    <\/p>\n<p>    <a href=\"https:\/\/www.eldiario.es\/internacional\/trump-impone-alto-fuego-libano-dudas-israel-cumpla_1_13148496.html\" data-mrf-recirculation=\"saber-mas\" data-dl-event=\"saber-mas\" rel=\"nofollow noopener\" target=\"_blank\"><\/p>\n<p class=\"know-more__title\">Trump impone un alto el fuego en L\u00edbano entre dudas de que Israel lo cumpla<\/p>\n<p>            <img decoding=\"async\" class=\"lazy\" loading=\"lazy\" data-src=\"https:\/\/static.eldiario.es\/clip\/fc12a740-af78-47b7-b3fb-8e8806495d5a_16-9-aspect-ratio_default_0.jpg\" src=\"data:image\/svg+xml,%3Csvg xmlns=\" http:=\"\" viewbox=\"0 0 880 495\" alt=\"Trump impone un alto el fuego en L\u00edbano entre dudas de que Israel lo cumpla\"\/><\/p>\n<p>                        <\/a><\/p>\n<p class=\"article-text\">\n        El portavoz militar ha afirmado que el control del estrecho ha regresado a su estado anterior, lo que implica fuertes restricciones al tr\u00e1nsito mar\u00edtimo en uno de los principales corredores energ\u00e9ticos del mundo, por donde pasa el 20 % del petr\u00f3leo mundial. El presidente del Parlamento iran\u00ed, Mohamad Baqer Qalibaf, ya hab\u00eda advertido a primera hora que Ormuz no permanecer\u00eda abierto si continuaba el bloqueo estadounidense contra los puertos iran\u00edes. \u201cCon la continuaci\u00f3n del bloqueo, el estrecho de Ormuz no permanecer\u00e1 abierto\u201d, hab\u00eda afirmado Qalibaf en la red social X.\n    <\/p>\n<p class=\"article-text\">\n        Ir\u00e1n hab\u00eda anunciado la reapertura \u201ccompleta\u201d del estrecho de Ormuz unas doce horas despu\u00e9s de la entrada en vigor del alto el fuego en L\u00edbano. Ambos desarrollos hab\u00edan sido bienvenidos por la comunidad internacional y por los mercados y apuntaban a que empezaban a desatascarse algunas de las cuestiones clave que estaban dificultando un acuerdo m\u00e1s amplio para poner fin al conflicto entre Estados Unidos e Ir\u00e1n iniciado por Washington.\n    <\/p>\n<p class=\"article-text\">\n        No obstante, este s\u00e1bado, el dirigente iran\u00ed se\u00f1al\u00f3 adem\u00e1s que el tr\u00e1nsito mar\u00edtimo por el estrecho se realizar\u00e1 conforme a \u201crutas designadas\u201d y con \u201cautorizaci\u00f3n de Ir\u00e1n\u201d. Qalibaf critic\u00f3 adem\u00e1s las declaraciones del presidente estadounidense, Donald Trump, al asegurar que formul\u00f3 \u201csiete afirmaciones falsas en una hora\u201d sobre el estrecho de Ormuz y las negociaciones, sin precisar a que declaraciones se refiere. \u201cCon estas mentiras no ganaron la guerra y, sin duda, tampoco lograr\u00e1n nada en las negociaciones\u201d, asever\u00f3 el presidente del Parlamento iran\u00ed, quien encabez\u00f3 la delegaci\u00f3n de su pa\u00eds en las negociaciones del s\u00e1bado pasado con EEUU en Islamabad.\n    <\/p>\n<p class=\"article-text\">\n        Qalibaf subray\u00f3 que las condiciones de paso por el estrat\u00e9gico estrecho de Ormuz, por donde transita el 20% del petr\u00f3leo mundial, estar\u00e1n determinadas por \u201cla realidad sobre el terreno, no por las redes sociales\u201d. Trump dijo en un discurso en Arizona que el estrecho est\u00e1 \u201ccompletamente abierto\u201d para el comercio y plante\u00f3 la posibilidad de entrar en Ir\u00e1n para extraer el uranio enriquecido con excavadoras junto con la Rep\u00fablica Isl\u00e1mica.\n    <\/p>\n<p>    <a href=\"https:\/\/www.eldiario.es\/internacional\/anuncio-reapertura-ormuz-tregua-libano-sirven-palanca-segunda-ronda-dialogo-eeuu-e-iran_1_13151923.html\" data-mrf-recirculation=\"saber-mas-abajo\" data-dl-event=\"saber-mas-abajo\" rel=\"nofollow noopener\" target=\"_blank\"><\/p>\n<p class=\"know-more__title\">El anuncio de la reapertura de Ormuz y la tregua en L\u00edbano sirven de palanca a una segunda ronda de di\u00e1logo de EEUU e Ir\u00e1n<\/p>\n<p>            <img decoding=\"async\" class=\"lazy\" loading=\"lazy\" data-src=\"https:\/\/static.eldiario.es\/clip\/26987273-404e-4214-973c-f4d42e3841f8_16-9-aspect-ratio_default_0.jpg\" src=\"data:image\/svg+xml,%3Csvg xmlns=\" http:=\"\" viewbox=\"0 0 880 495\" alt=\"El anuncio de la reapertura de Ormuz y la tregua en L\u00edbano sirven de palanca a una segunda ronda de di\u00e1logo de EEUU e Ir\u00e1n\"\/><\/p>\n<p>                        <\/a><\/p>\n<p class=\"article-text\">\n        El ministro iran\u00ed de Exteriores, Ab\u00e1s Araqch\u00ed, anunci\u00f3 el viernes en X la apertura del paso a todos los buques comerciales; sin embargo, m\u00e1s tarde el portavoz del Ministerio, Ismail Bagaei, detall\u00f3 que los barcos podr\u00e1n pasar \u201cpor la ruta que determine Ir\u00e1n y en coordinaci\u00f3n con las autoridades competentes iran\u00edes\u201d. Bagaei denunci\u00f3, a su vez, que la continuaci\u00f3n del bloqueo naval estadounidense contra la Rep\u00fablica Isl\u00e1mica viola el alto el fuego, por lo que advirti\u00f3 que Teher\u00e1n \u201cadoptar\u00e1 las medidas necesarias en respuesta\u201d.\n    <\/p>\n","protected":false},"excerpt":{"rendered":"Ir\u00e1n ha recuperado este s\u00e1bado las restricciones en el paso de buques en el estrecho de Ormuz apenas&hellip;\n","protected":false},"author":2,"featured_media":504445,"comment_status":"","ping_status":"","sticky":false,"template":"","format":"standard","meta":{"footnotes":""},"categories":[5],"tags":[4507,6647,17,18,987,115,25,24,41443,13,14,11,297,3137,19,20,9,10,15,16,90848,100931,6833,20620,23,12,21,22],"class_list":["post-504444","post","type-post","status-publish","format-standard","has-post-thumbnail","category-titulares","tag-apenas","tag-bloqueo","tag-breaking-news","tag-breakingnews","tag-despues","tag-eeuu","tag-es","tag-espana","tag-estrecho","tag-featured-news","tag-featurednews","tag-headlines","tag-horas","tag-iran","tag-latest-news","tag-latestnews","tag-news","tag-noticias","tag-noticias-destacadas","tag-noticiasdestacadas","tag-ormuz","tag-reabrirlo","tag-recupera","tag-restricciones","tag-spain","tag-titulares","tag-ultimas-noticias","tag-ultimasnoticias"],"share_on_mastodon":{"url":"https:\/\/pubeurope.com\/@es\/116425359663581123","error":""},"_links":{"self":[{"href":"https:\/\/www.europesays.com\/es\/wp-json\/wp\/v2\/posts\/504444","targetHints":{"allow":["GET"]}}],"collection":[{"href":"https:\/\/www.europesays.com\/es\/wp-json\/wp\/v2\/posts"}],"about":[{"href":"https:\/\/www.europesays.com\/es\/wp-json\/wp\/v2\/types\/post"}],"author":[{"embeddable":true,"href":"https:\/\/www.europesays.com\/es\/wp-json\/wp\/v2\/users\/2"}],"replies":[{"embeddable":true,"href":"https:\/\/www.europesays.com\/es\/wp-json\/wp\/v2\/comments?post=504444"}],"version-history":[{"count":0,"href":"https:\/\/www.europesays.com\/es\/wp-json\/wp\/v2\/posts\/504444\/revisions"}],"wp:featuredmedia":[{"embeddable":true,"href":"https:\/\/www.europesays.com\/es\/wp-json\/wp\/v2\/media\/504445"}],"wp:attachment":[{"href":"https:\/\/www.europesays.com\/es\/wp-json\/wp\/v2\/media?parent=504444"}],"wp:term":[{"taxonomy":"category","embeddable":true,"href":"https:\/\/www.europesays.com\/es\/wp-json\/wp\/v2\/categories?post=504444"},{"taxonomy":"post_tag","embeddable":true,"href":"https:\/\/www.europesays.com\/es\/wp-json\/wp\/v2\/tags?post=504444"}],"curies":[{"name":"wp","href":"https:\/\/api.w.org\/{rel}","templated":true}]}}