{"id":50447,"date":"2025-08-16T02:03:11","date_gmt":"2025-08-16T02:03:11","guid":{"rendered":"https:\/\/www.europesays.com\/es\/50447\/"},"modified":"2025-08-16T02:03:11","modified_gmt":"2025-08-16T02:03:11","slug":"viaje-por-los-recuerdos-del-verano-mas-loco-de-jesulin","status":"publish","type":"post","link":"https:\/\/www.europesays.com\/es\/50447\/","title":{"rendered":"Viaje por los recuerdos del verano m\u00e1s loco de Jesul\u00edn"},"content":{"rendered":"<p style=\"\">Y el 1 de agosto de 1995, descans\u00f3. Imaginamos que ir\u00eda a la playa o que se tumbar\u00eda a la bartola con la mente en blanco, pero el caso es que Jes\u00fas Janeiro Baz\u00e1n, <a href=\"https:\/\/www.abc.es\/noticias\/jesulin-de-ubrique\/\" target=\"_self\" data-voc-vtm-id=\"in-text-traffic\" title=\"Jesul\u00edn de Ubrique\" data-mrf-link=\"www.abc.es\" rel=\"nofollow noopener\">Jesul\u00edn de Ubrique<\/a> en los carteles, no recuerda ahora lo  &#8230; que hizo un martes de hace 30 a\u00f1os por mucho que este fuese extraordinario. Es normal; acumulaba 90 corridas y, despu\u00e9s de tomarse un peque\u00f1o respiro, <strong>empalmar\u00eda 49 d\u00edas seguidos, siete semanas exactas hasta el 19 de septiembre, sin parar de torear<\/strong>.<\/p>\n<p class=\"voc-p\" style=\"\">Si la vuelta al mundo, medida por el ecuador, son 40.075 kil\u00f3metros, Jesul\u00edn complet\u00f3 esa temporada 76.206 de plaza en plaza. Se dej\u00f3 ver en Ceuta, en Melilla y en todas las comunidades aut\u00f3nomas -salvo las islas Canarias por motivos obvios-. Arranc\u00f3 en Valdemoro el 25 de febrero y cruz\u00f3 exhausto la meta en El Puerto de Santa Mar\u00eda el 20 de octubre en una de esas encerronas s\u00f3lo para mujeres que tuvieron tal alboroto que hasta Madonna cay\u00f3 rendida cuando supo del invento. \u00abEspero gustarle y quiz\u00e1 me dedique una corrida\u00bb, declar\u00f3 la diva.<\/p>\n<p class=\"voc-p\" style=\"\">En total, 161 actuaciones: <strong>155 en Espa\u00f1a, cinco en Francia (Nimes, Mont de Marsan, Dax, B\u00e9ziers y Bayona) y una en Portugal (Moita)<\/strong>. Lo nunca visto en un escalaf\u00f3n con otros tres centenarios: Litri alcanz\u00f3 las 133, Manuel D\u00edaz &#8216;El Cordob\u00e9s&#8217; lleg\u00f3 a 126 y Enrique Ponce se qued\u00f3 en 120. Tres d\u00e9cadas m\u00e1s tarde, las 161 de Jesul\u00edn en 1995 siguen siendo un r\u00e9cord insuperable. <\/p>\n<p><img decoding=\"async\" loading=\"lazy\" src=\"https:\/\/www.europesays.com\/es\/wp-content\/uploads\/2025\/08\/jesulin3-U74101513823sDv-760x427@diario_abc.jpg\" class=\"voc-img\" width=\"760\" height=\"427\" alt=\"Jesul\u00edn de Ubrique, en un derechazo\" data-voc-vtm-id=\"in-text-traffic\"\/><\/p>\n<p>Jesul\u00edn de Ubrique, en un derechazo<\/p>\n<p>ABC<\/p>\n<p class=\"voc-p\" style=\"\">\u00abEstaba haci\u00e9ndome la casa de campo en la finca y me gustaba mirarla en la avioneta. Le dec\u00eda al piloto: &#8216;Cambia la ruta que quiero ver c\u00f3mo va el cortijo desde arriba&#8217;. Aterriz\u00e1bamos en una pista de tierra en Utrera y desde all\u00ed nos mov\u00edamos\u00bb, desvela el protagonista a ABC mientras prepara su (breve) retorno a los ruedos, cerrados \u00abseis o siete festivales\u00bb. El primero ser\u00e1 <strong>en Casasimarro (Cuenca) el pr\u00f3ximo domingo 24 de agosto<\/strong>.<\/p>\n<p class=\"voc-p\" style=\"\">Jesul\u00edn espera que la rodilla derecha no le d\u00e9 problemas: \u00abEra algo que ven\u00eda arrastrando; me molestaba mucho. De momento, me han recetado corticoides, me han metido plasma y ha mejorado bastante. La \u00faltima opci\u00f3n ser\u00eda operarme porque tengo tambi\u00e9n afectados los ligamentos. Me preocupaba un poco, estoy empezando a entrenar y no he notado ninguna molestia\u00bb.<\/p>\n<p>\nEl objetivo eran 200\n<\/p>\n<p class=\"voc-p\" style=\"\">Qu\u00e9 lejos los tiempos en los que el objetivo era torear 200 corridas en un a\u00f1o natural, del 1 de enero al 31 de diciembre, entre Europa y Am\u00e9rica. No lo consigui\u00f3, aunque este peri\u00f3dico public\u00f3 una <a href=\"https:\/\/www.abc.es\/archivo\/periodicos\/abc-sevilla-19950129-88.html\" target=\"_self\" data-voc-vtm-id=\"in-text-traffic\" title=\"entrevista el 29 de enero de 1995\" data-mrf-link=\"www.abc.es\" rel=\"nofollow noopener\">entrevista el 29 de enero de 1995<\/a>, firmada por Luis Nieto, en cuyo titular Jesul\u00edn avisaba de sus intenciones: \u00abTengo contratadas para este a\u00f1o unas 170\u00bb. Vistos los acontecimientos, no era una bravuconada.<\/p>\n<p class=\"voc-p\" style=\"\"> \u00abLa temporada 1995 fue apote\u00f3sica, adem\u00e1s de un reto personal. Quer\u00eda batirme a m\u00ed mismo. Manuel Ben\u00edtez &#8216;El Cordob\u00e9s&#8217; puso el list\u00f3n en 121 corridas en 1970 y yo lo hab\u00eda elevado a 153 en 1994\u00bb, expone.<\/p>\n<p class=\"voc-p\" style=\"\"> De no haber sufrido una cogida en Burgos el 27 de junio hubiera llegado a las 170 que pregonaba. La cornada ocurri\u00f3 mientras recib\u00eda de capa a un animal de Lora Sangr\u00e1n, resultando herido grave en la regi\u00f3n inguinal derecha, con dos trayectorias de 20 y 25 cent\u00edmetros, lo que le oblig\u00f3 a parar once d\u00edas. <\/p>\n<p class=\"voc-p\" style=\"\"> Regres\u00f3 a los ruedos en Tarragona el 8 de julio y \u00abhab\u00eda veces que era como el que hace la mili y est\u00e1 borrando d\u00edas para ver cu\u00e1ndo descansa. Era fren\u00e9tico, casi imposible. <strong>Para los trayectos largos cog\u00edamos la avioneta y si no llev\u00e1bamos una furgoneta, un microbus, que era la hostia. Yo dorm\u00eda mejor en la furgoneta que en el hotel<\/strong>, iba muy descansado. Todav\u00eda me acuerdo del consejo que Diego Puerta me dio en la Venta Pazo, en Sanl\u00facar la Mayor: &#8216;Muchacho, para ser figura del toreo lo primero que hay que hacer es aprender a dormir en un coche&#8217;\u00bb.<\/p>\n<p><img decoding=\"async\" loading=\"lazy\" src=\"https:\/\/www.europesays.com\/es\/wp-content\/uploads\/2025\/08\/jesulin1-U34107044562rua-760x427@diario_abc.jpg\" class=\"voc-img\" width=\"760\" height=\"427\" alt=\"Una admiradora firma al torero en la habitaci\u00f3n del hotel\" data-voc-vtm-id=\"in-text-traffic\"\/><\/p>\n<p>Una admiradora firma al torero en la habitaci\u00f3n del hotel<\/p>\n<p>ABC<\/p>\n<p class=\"voc-p\" style=\"\">La previa de las corridas la pasaba \u00aben el hotel y no me relacionaba con el resto de matadores. Bajaba a comer y me volv\u00eda a la habitaci\u00f3n con el mozo de espadas y el ayuda viendo c\u00f3mo preparaban los trajes. Y cuando me vest\u00eda mi objetivo era triunfar y no dar cuartel a nadie. Luego me divert\u00eda viajando por la noche, charlando de esto y aquello con mi gente\u00bb.<\/p>\n<p class=\"voc-p\" style=\"\"> El de Ubrique cree que para torear tanto tiene que haber \u00abun inter\u00e9s medi\u00e1tico fuera de lo normal\u00bb. \u00abLos empresarios llamaban a Morilla y le dec\u00edan: &#8216;El ayuntamiento me impone a Jesul\u00edn y dos m\u00e1s&#8217;. Apoderar a una figura es relativamente f\u00e1cil. T\u00fa no eres el que llamas; te llaman a ti, pones las condiciones y todo el mundo se adapta, pero porque tambi\u00e9n lo generas y eso es lo que no es f\u00e1cil\u00bb, explica.<\/p>\n<p class=\"voc-p\" style=\"\">La exigencia, aparte de mental, era muy muy f\u00edsica. Ese agosto de 1995, por ejemplo, mat\u00f3 35 corridas. Si bien descans\u00f3 el d\u00eda 1, hubo cinco fechas de doblete tarde y noche. <strong>\u00abCuando tore\u00e9 en Antequera y El Puerto de Santa Mar\u00eda me vest\u00ed en la enfermer\u00eda; y de El Puerto a Marbella me cambi\u00e9 en una gasolinera\u00bb<\/strong>, asegura. Un verano loco en el que hac\u00eda el pase\u00edllo en Bilbao y, a continuaci\u00f3n, volaba en jet privado a Palma de Mallorca o recorr\u00eda a toda mecha los m\u00e1s de 200 kil\u00f3metros que separan San Sebasti\u00e1n de los Reyes de Almagro en jornadas interminables.<\/p>\n<p class=\"voc-p\" style=\"\">Y las televisiones, sobre todo Antena 3, Telecinco y las auton\u00f3micas, en un atrac\u00f3n en el que no siempre primaba lo art\u00edstico, vieron en los toreros un fil\u00f3n con el que ganar audiencia. Cabe rese\u00f1ar que Antena 3 registr\u00f3 un 43 por ciento de cuota de pantalla con la primera corrida para mujeres en Aranjuez el 7 de octubre de 1994.<\/p>\n<p>\nComerse el mundo\n<\/p>\n<p class=\"voc-p\" style=\"\">\u00abMe criticaron que toreaba s\u00f3lo en los pueblos y no era as\u00ed. A Valencia iba dos tardes en Fallas y una en la Feria de Julio; a Sevilla, una en preferia, dos en farolillos, una en San Miguel y otra el 12 de octubre; a M\u00e1laga, el Domingo de Resurrecci\u00f3n y dos en feria; a Bilbao, dos; a Pamplona, dos; a Barcelona, otras dos&#8230;\u00bb, enumera. Sin embargo, \u00aben Madrid se torc\u00eda todo. La mayor\u00eda de las veces pude ser el culpable, pero hubo cuatro o cinco faenas que si es el que est\u00e1 all\u00ed no es Jesul\u00edn de Ubrique se abre la puerta grande\u00bb. Nunca cort\u00f3 una oreja en Las Ventas, apenas presumi\u00f3 de \u00abuna vuelta al ruedo con un toro de Chamaco y no vea la que se li\u00f3\u00bb.<\/p>\n<p class=\"voc-p\" style=\"\"> Preguntado, finalmente, por la p\u00f3cima secreta del \u00e9xito, Jesul\u00edn responde: \u00abMis virtudes han sido el temple y no perder la cabeza ni con la gloria ni con el fracaso. Siempre he aceptado las cosas como me han ido viniendo. Considero que ten\u00eda desparpajo, soltura y que cuando todo el mundo estaba con el agua al cuello yo no hab\u00eda roto a sudar. Estamos hablando de un chaval de 21 a\u00f1os y con esa edad te comes el mundo\u00bb.<\/p>\n<p><img decoding=\"async\" loading=\"lazy\" src=\"https:\/\/www.europesays.com\/es\/wp-content\/uploads\/2025\/08\/jesulin4-U57756366307bNs-760x427@diario_abc.jpg\" class=\"voc-img\" width=\"760\" height=\"427\" alt=\"Pase\u00edllo en un festival en Las Ventas\" data-voc-vtm-id=\"in-text-traffic\"\/><\/p>\n<p>Pase\u00edllo en un festival en Las Ventas<\/p>\n<p>BOT\u00c1N<\/p>\n<p>\u00abTuve que parar porque ya no sab\u00eda ni lo que ten\u00eda ni lo que ganaba ni lo que deb\u00eda\u00bb<\/p>\n<p class=\"voc-p\">Pese a que sigue toreando festivales, Jesul\u00edn de Ubrique asegura que la reaparici\u00f3n vestido de luces est\u00e1 \u00abdescartada\u00bb. Tras una corrida en Cuenca en 2018 y dos en Mor\u00f3n de la Frontera y Tudela en 2019, \u00abiba a haber hecho una cosa especial en 2020, por los 30 a\u00f1os de alternativa, pero con el covid fue imposible\u00bb.<\/p>\n<p class=\"voc-p\"> No todo el mundo sabe que <strong>Ambiciones, su famos\u00edsima finca, era el nombre del primer novillo que estoque\u00f3 en Ronda<\/strong>, de la ganader\u00eda de Manolo Gonz\u00e1lez, el 30 de abril de 1989. \u00abHablamos con Morilla para que me apoderara y me contest\u00f3 que no ten\u00eda tiempo. En esa novillada de Ronda dio la casualidad que puso a Alberto Ram\u00edrez, otro compa\u00f1ero. Y cuando Morilla telefone\u00f3 a Antonio Ord\u00f3\u00f1ez para preguntarle qu\u00e9 tal hab\u00eda ido, el maestro le cont\u00f3: &#8216;Aqu\u00ed hay uno que me ha puesto la plaza hasta arriba, que se llama Jesul\u00edn, es de un pueblo de la sierra de C\u00e1diz y es a quien voy a volver a poner. Y te voy a decir una cosa: te recomiendo que lo apoderes porque si no lo voy a hacer yo&#8217;. Tambi\u00e9n recuerdo que a Luis Miguel Domingu\u00edn le pidieron opini\u00f3n despu\u00e9s de una novillada en San Roque y coment\u00f3: <strong>&#8216;Este no viene con una goma de borrar, este viene con una escoba de barrer&#8217;<\/strong>\u00bb.<\/p>\n<p class=\"voc-p\">La temporada 1992 fue \u00abcrucial\u00bb porque \u00abempec\u00e9 sin nada y termin\u00e9 con m\u00e1s de 60 corridas\u00bb. Y los \u00aba\u00f1os gloriosos\u00bb abarcaron de 1993 a 1997. En 1999, en plena Feria de Abril de Sevilla, convoc\u00f3 a los medios de comunicaci\u00f3n en el hotel Col\u00f3n para anunciar que se retiraba. \u00abTuve que parar. El motivo era que <strong>ya no sab\u00eda ni lo que ten\u00eda ni lo que ganaba ni lo que deb\u00eda; fue como poner orden y coger las riendas de mi carrera<\/strong>, punto y final y a partir de ahora soy yo el que maneja el cotarro\u00bb, confiesa. Volver\u00eda en 2001, aunque sin repetir la locura de la d\u00e9cada de los 90.<\/p>\n<p>\nLas 161 corridas de Jesul\u00edn en 1995\n<\/p>\n<p class=\"voc-p\" style=\"\"><strong>* 3 corridas en febrero:<\/strong><\/p>\n<p class=\"voc-p\" style=\"\">1\u00ba Valdemoro, 25 de febrero<\/p>\n<p class=\"voc-p\" style=\"\">2\u00ba Constantina, 26 de febrero (+ 474 kil\u00f3metros)<\/p>\n<p class=\"voc-p\" style=\"\">3\u00ba Fuengirola, 28 de febrero (+ 242)<\/p>\n<p class=\"voc-p\" style=\"\"><strong>* 9 corridas en marzo:<\/strong><\/p>\n<p class=\"voc-p\" style=\"\">4\u00ba Calahorra, 3 de marzo (+ 882) <\/p>\n<p class=\"voc-p\" style=\"\">5\u00ba Esquivias, 4 de marzo (+ 383)<\/p>\n<p class=\"voc-p\" style=\"\">6\u00ba Olivenza, 5 de marzo (+ 428)<\/p>\n<p class=\"voc-p\" style=\"\">7\u00ba Ceheg\u00edn, 12 de marzo (+ 684)<\/p>\n<p class=\"voc-p\" style=\"\">8\u00ba Valencia, 15 de marzo (+ 232)<\/p>\n<p class=\"voc-p\" style=\"\">9\u00ba Valencia, 17 de marzo (+ 0)<\/p>\n<p class=\"voc-p\" style=\"\">10\u00ba Martos, 18 de marzo (+ 479)<\/p>\n<p class=\"voc-p\" style=\"\">11\u00ba Chiclana de la Frontera, 19 de marzo (+ 313)<\/p>\n<p class=\"voc-p\" style=\"\">12\u00ba Castell\u00f3n, 24 de marzo (+ 840)<\/p>\n<p class=\"voc-p\" style=\"\"><strong>* 17 corridas en abril:<\/strong><\/p>\n<p class=\"voc-p\" style=\"\">13\u00ba Trujillo, 1 de abril (+ 648)<\/p>\n<p class=\"voc-p\" style=\"\">14\u00ba Brihuega, 2 de abril (+ 344)<\/p>\n<p class=\"voc-p\" style=\"\">15\u00ba Alcoy, 8 de abril (+ 473)<\/p>\n<p class=\"voc-p\" style=\"\">16\u00ba Ciudad Real, 9 de abril (+ 379)<\/p>\n<p class=\"voc-p\" style=\"\">17\u00ba Fuengirola, 12 de abril (+ 371)<\/p>\n<p class=\"voc-p\" style=\"\">18\u00ba Benidorm, 13 de abril (+ 543)<\/p>\n<p class=\"voc-p\" style=\"\">19\u00ba El Bosque, 14 de abril (+ 617)<\/p>\n<p class=\"voc-p\" style=\"\">20\u00ba Alicante, 15 de abril (+ 572)<\/p>\n<p class=\"voc-p\" style=\"\">21\u00ba M\u00e1laga, 16 de abril (+ 478)<\/p>\n<p class=\"voc-p\" style=\"\">22\u00ba Murcia, 17 de abril (+ 400)<\/p>\n<p class=\"voc-p\" style=\"\">23\u00ba Sevilla, 21 de abril (+ 523)<\/p>\n<p class=\"voc-p\" style=\"\">24\u00ba Fregenal de la Sierra, 22 de abril (+ 127)<\/p>\n<p class=\"voc-p\" style=\"\">25\u00ba Sevilla, 23 de abril (+ 127)<\/p>\n<p class=\"voc-p\" style=\"\">26\u00ba Talayuela, 24 de abril (+ 361)<\/p>\n<p class=\"voc-p\" style=\"\">27\u00ba Sevilla, 28 de abril (+ 361)<\/p>\n<p class=\"voc-p\" style=\"\">28\u00ba Corella, 29 de abril (+ 820)<\/p>\n<p class=\"voc-p\" style=\"\">29\u00ba Barcelona, 30 de abril (+ 408)<\/p>\n<p class=\"voc-p\" style=\"\"><strong>* 20 corridas en mayo:<\/strong><\/p>\n<p class=\"voc-p\" style=\"\">30\u00ba Elda, 1 de mayo (+ 497)<\/p>\n<p class=\"voc-p\" style=\"\">31\u00ba Valdemoro, 4 de mayo (+ 362)<\/p>\n<p class=\"voc-p\" style=\"\">32\u00ba Ceuta, 6 de mayo (+ 765)<\/p>\n<p class=\"voc-p\" style=\"\">33\u00ba Tarragona, 7 de mayo (+ 1.047)<\/p>\n<p class=\"voc-p\" style=\"\">34\u00ba Ordu\u00f1a, 8 de mayo (+ 509)<\/p>\n<p class=\"voc-p\" style=\"\">35\u00ba M\u00f3stoles, 12 de mayo (+ 398)<\/p>\n<p class=\"voc-p\" style=\"\">36\u00ba Jerez de la Frontera, 13 de mayo (+ 602)<\/p>\n<p class=\"voc-p\" style=\"\">37\u00ba Jerez de la Frontera, 14 de mayo (+ 0)<\/p>\n<p class=\"voc-p\" style=\"\">38\u00ba Valencia de Alc\u00e1ntara, 15 de mayo (+ 387)<\/p>\n<p class=\"voc-p\" style=\"\">39\u00ba Talavera la Reina, 16 de mayo (+ 279)<\/p>\n<p class=\"voc-p\" style=\"\">40\u00ba Madrid, 18 de mayo (+ 116)<\/p>\n<p class=\"voc-p\" style=\"\">41\u00ba Sanl\u00facar de Barrameda, 20 de mayo (+ 625)<\/p>\n<p class=\"voc-p\" style=\"\">42\u00ba Torremolinos, 21 de mayo (+ 238)<\/p>\n<p class=\"voc-p\" style=\"\">43\u00ba Corral de Almaguer, 22 de mayo (+ 471)<\/p>\n<p class=\"voc-p\" style=\"\">44\u00ba Madrid, 24 de mayo (+ 105)<\/p>\n<p class=\"voc-p\" style=\"\">45\u00ba C\u00f3rdoba, 26 de mayo (+ 394)<\/p>\n<p class=\"voc-p\" style=\"\">46\u00ba C\u00e1ceres, 27 de mayo (+ 264)<\/p>\n<p class=\"voc-p\" style=\"\">47\u00ba C\u00f3rdoba, 28 de mayo (+ 264)<\/p>\n<p class=\"voc-p\" style=\"\">48\u00ba San Fernando de Henares, 29 de mayo (+ 401)<\/p>\n<p class=\"voc-p\" style=\"\">49\u00ba Aranjuez, 30 de mayo (+ 58)<\/p>\n<p class=\"voc-p\" style=\"\"><strong>* 20 corridas en junio:<\/strong><\/p>\n<p class=\"voc-p\" style=\"\">50\u00ba Antequera, 2 de junio (+ 427)<\/p>\n<p class=\"voc-p\" style=\"\">51\u00ba Haro, 3 de junio (+ 797)<\/p>\n<p class=\"voc-p\" style=\"\">52\u00ba Nimes, 4 de junio (+ 770)<\/p>\n<p class=\"voc-p\" style=\"\">53\u00ba San Clemente, 5 de junio (+ 921)<\/p>\n<p class=\"voc-p\" style=\"\">54\u00ba Getafe, 7 de junio (+ 190)<\/p>\n<p class=\"voc-p\" style=\"\">55\u00ba Benidorm, 8 de junio (+ 458)<\/p>\n<p class=\"voc-p\" style=\"\">56\u00ba Bilbao, 9 de junio (+ 760)<\/p>\n<p class=\"voc-p\" style=\"\">57\u00ba Plasencia, 10 de junio (+ 526)<\/p>\n<p class=\"voc-p\" style=\"\">58\u00ba Barcelona, 11 de junio (+ 866)<\/p>\n<p class=\"voc-p\" style=\"\">59\u00ba Sahag\u00fan, 12 de junio (+ 717)<\/p>\n<p class=\"voc-p\" style=\"\">60\u00ba Toledo, 15 de junio (+ 376)<\/p>\n<p class=\"voc-p\" style=\"\">61\u00ba Granada, 16 de junio (+ 367)<\/p>\n<p class=\"voc-p\" style=\"\">62\u00ba Bocairent, 17 de junio (+ 405)<\/p>\n<p class=\"voc-p\" style=\"\">63\u00ba Granada, 18 de junio (+ 405)<\/p>\n<p class=\"voc-p\" style=\"\">64\u00ba Alicante, 21 de junio (+ 349)<\/p>\n<p class=\"voc-p\" style=\"\">65\u00ba Alicante, 23 de junio (+ 0)<\/p>\n<p class=\"voc-p\" style=\"\">66\u00ba Badajoz, 24 de junio (+ 699)<\/p>\n<p class=\"voc-p\" style=\"\">67\u00ba Le\u00f3n, 25 de junio (+ 498)<\/p>\n<p class=\"voc-p\" style=\"\">68\u00ba Burgos, 26 de junio (+ 182)<\/p>\n<p class=\"voc-p\" style=\"\">69\u00ba Burgos, 27 de junio (+ 0)<\/p>\n<p class=\"voc-p\" style=\"\"><strong>* 21 corridas en julio:<\/strong><\/p>\n<p class=\"voc-p\" style=\"\">70\u00ba Tarragona, 8 de julio (+ 527)<\/p>\n<p class=\"voc-p\" style=\"\">71\u00ba Barcelona, 9 de julio (+ 96)<\/p>\n<p class=\"voc-p\" style=\"\">72\u00ba Fuentesa\u00faco, 10 de julio (+ 817)<\/p>\n<p class=\"voc-p\" style=\"\">73\u00ba Pamplona, 11 de julio (+ 425)<\/p>\n<p class=\"voc-p\" style=\"\">74\u00ba Moraleja, 13 de julio (+ 603)<\/p>\n<p class=\"voc-p\" style=\"\">75\u00ba Pamplona, 14 de julio (+ 603)<\/p>\n<p class=\"voc-p\" style=\"\">76\u00ba Estepona, 15 de julio (+ 996)<\/p>\n<p class=\"voc-p\" style=\"\">77\u00ba Barcelona, 16 de julio (+ 1.048)<\/p>\n<p class=\"voc-p\" style=\"\">78\u00ba San Fernando, 17 de julio (+ 1.114)<\/p>\n<p class=\"voc-p\" style=\"\">79\u00ba La Puebla de Montalb\u00e1n, 18 de julio (+ 580)<\/p>\n<p class=\"voc-p\" style=\"\">80\u00ba Mont de Marsan, 19 de julio (+ 708)<\/p>\n<p class=\"voc-p\" style=\"\">81\u00ba Palma de Mallorca, 20 de julio (+ 990)<\/p>\n<p class=\"voc-p\" style=\"\">82\u00ba Benidorm, 21 de julio (+ 322)<\/p>\n<p class=\"voc-p\" style=\"\">83\u00ba La L\u00ednea de la Concepci\u00f3n, 22 de julio (+ 638)<\/p>\n<p class=\"voc-p\" style=\"\">84\u00ba \u00c1vila, 23 de julio (+ 689)<\/p>\n<p class=\"voc-p\" style=\"\">85\u00ba Valencia, 24 de julio (+ 467)<\/p>\n<p class=\"voc-p\" style=\"\">86\u00ba Tudela, 25 de julio (+ 394)<\/p>\n<p class=\"voc-p\" style=\"\">87\u00ba Santander, 26 de julio (+ 325)<\/p>\n<p class=\"voc-p\" style=\"\">88\u00ba Santander, 27 de julio (+ 0)<\/p>\n<p class=\"voc-p\" style=\"\">89\u00ba Calasparra, 29 de julio (+ 811)<\/p>\n<p class=\"voc-p\" style=\"\">90\u00ba La Roda, 30 de julio (+ 154)<\/p>\n<p class=\"voc-p\" style=\"\"><strong>* 35 corridas en agosto:<\/strong><\/p>\n<p class=\"voc-p\" style=\"\">91\u00ba Soria, 2 de agosto (+ 422)<\/p>\n<p class=\"voc-p\" style=\"\">92\u00ba Huelva, 3 de agosto (+ 842)<\/p>\n<p class=\"voc-p\" style=\"\">93\u00ba Alicante, 4 de agosto (Nocturna) (+ 692)<\/p>\n<p class=\"voc-p\" style=\"\">94\u00ba Tarragona, 5 de agosto (+ 444)<\/p>\n<p class=\"voc-p\" style=\"\">95\u00ba El Puerto de Santa Mar\u00eda, 6 de agosto (+ 1.015)<\/p>\n<p class=\"voc-p\" style=\"\">96\u00ba Marbella-Puerto Ban\u00fas, 6 de agosto (Nocturna) (+ 171)<\/p>\n<p class=\"voc-p\" style=\"\">97\u00ba Estella, 7 de agosto (+ 956)<\/p>\n<p class=\"voc-p\" style=\"\">98\u00ba Vitoria, 8 de agosto (+ 70)<\/p>\n<p class=\"voc-p\" style=\"\">99\u00ba Benidorm, 9 de agosto (+ 720)<\/p>\n<p class=\"voc-p\" style=\"\">100\u00ba San Roque, 10 de agosto (+ 635)<\/p>\n<p class=\"voc-p\" style=\"\">101\u00ba Huesca, 11 de agosto (+ 1.023)<\/p>\n<p class=\"voc-p\" style=\"\">102\u00ba Dax, 12 de agosto (+ 228)<\/p>\n<p class=\"voc-p\" style=\"\">103\u00ba B\u00e9ziers, 13 de agosto (+ 444)<\/p>\n<p class=\"voc-p\" style=\"\">104\u00ba Bayona, 14 de agosto (+ 472)<\/p>\n<p class=\"voc-p\" style=\"\">105\u00ba Gij\u00f3n, 15 de agosto (+ 416)<\/p>\n<p class=\"voc-p\" style=\"\">106\u00ba Pontevedra, 16 de agosto (+ 381)<\/p>\n<p class=\"voc-p\" style=\"\">107\u00ba X\u00e1tiva, 17 de agosto (+ 1.005)<\/p>\n<p class=\"voc-p\" style=\"\">108\u00ba Ondara, 17 de agosto (Nocturna) (+ 81)<\/p>\n<p class=\"voc-p\" style=\"\">109\u00ba M\u00e1laga, 18 de agosto (+ 561)<\/p>\n<p class=\"voc-p\" style=\"\">110\u00ba Antequera, 19 de agosto (+ 51)<\/p>\n<p class=\"voc-p\" style=\"\">111\u00ba El Puerto de Santa Mar\u00eda, 19 de agosto (Nocturna) (+ 197)<\/p>\n<p class=\"voc-p\" style=\"\">112\u00ba M\u00e1laga, 20 de agosto (+ 240)<\/p>\n<p class=\"voc-p\" style=\"\">113\u00ba Almer\u00eda, 21 de agosto (+ 204)<\/p>\n<p class=\"voc-p\" style=\"\">114\u00ba Bilbao, 22 de agosto (+ 931)<\/p>\n<p class=\"voc-p\" style=\"\">115\u00ba Palma de Mallorca, 22 de agosto (Nocturna) (+ 974)<\/p>\n<p class=\"voc-p\" style=\"\">116\u00ba Almer\u00eda, 23 de agosto (+ 653)<\/p>\n<p class=\"voc-p\" style=\"\">117\u00ba Cuenca, 24 de agosto (+ 517)<\/p>\n<p class=\"voc-p\" style=\"\">118\u00ba Bilbao, 25 agosto (+ 551)<\/p>\n<p class=\"voc-p\" style=\"\">119\u00ba San Sebasti\u00e1n de los Reyes, 26 de agosto (+ 375)<\/p>\n<p class=\"voc-p\" style=\"\">120\u00ba Almagro, 26 de agosto (Nocturna) (+ 224)<\/p>\n<p class=\"voc-p\" style=\"\">121\u00ba Toro, 27 de agosto (+ 423)<\/p>\n<p class=\"voc-p\" style=\"\">122\u00ba Linares, 28 de agosto (+ 523)<\/p>\n<p class=\"voc-p\" style=\"\">123\u00ba Tarazona, 29 de agosto (+ 579)<\/p>\n<p class=\"voc-p\" style=\"\">124\u00ba Cu\u00e9llar, 30 de agosto (+ 252)<\/p>\n<p class=\"voc-p\" style=\"\">125\u00ba Calahorra, 31 de agosto (+ 302)<\/p>\n<p class=\"voc-p\" style=\"\"><strong>* 28 corridas en septiembre:<\/strong><\/p>\n<p class=\"voc-p\" style=\"\">126\u00ba Alcal\u00e1 de Henares, 1 de septiembre (+ 310)<\/p>\n<p class=\"voc-p\" style=\"\">127\u00ba M\u00e9rida, 2 de septiembre (+ 371)<\/p>\n<p class=\"voc-p\" style=\"\">128\u00ba Alc\u00e1zar de San Juan, 3 de septiembre (+ 407)<\/p>\n<p class=\"voc-p\" style=\"\">129\u00ba Palencia, 4 de septiembre (+ 413)<\/p>\n<p class=\"voc-p\" style=\"\">130\u00ba Ejea de los Caballeros, 5 de septiembre (+ 357)<\/p>\n<p class=\"voc-p\" style=\"\">131\u00ba Ponferrada, 6 de septiembre (+ 550)<\/p>\n<p class=\"voc-p\" style=\"\">132\u00ba Melilla, 7 de septiembre (+ 1.053)<\/p>\n<p class=\"voc-p\" style=\"\">133\u00ba Santo\u00f1a, 8 de septiembre (+ 1.121)<\/p>\n<p class=\"voc-p\" style=\"\">134\u00ba San Mart\u00edn de Valdeiglesias, 9 de septiembre (+ 471)<\/p>\n<p class=\"voc-p\" style=\"\">135\u00ba Utiel, 10 de septiembre (+ 347)<\/p>\n<p class=\"voc-p\" style=\"\">136\u00ba Murcia, 11 de septiembre (+ 227)<\/p>\n<p class=\"voc-p\" style=\"\">137\u00ba Murcia, 12 de septiembre (+ 0)<\/p>\n<p class=\"voc-p\" style=\"\">138\u00ba Albacete, 13 de septiembre (+ 144)<\/p>\n<p class=\"voc-p\" style=\"\">139\u00ba Salamanca, 14 de septiembre (+ 473)<\/p>\n<p class=\"voc-p\" style=\"\">140\u00ba Albacete, 15 de septiembre (+ 473)<\/p>\n<p class=\"voc-p\" style=\"\">141\u00ba Moita, 16 de septiembre (+ 712)<\/p>\n<p class=\"voc-p\" style=\"\">142\u00ba Guadalajara, 17 de septiembre (+ 665)<\/p>\n<p class=\"voc-p\" style=\"\">143\u00ba Salamanca, 18 de septiembre (+ 274)<\/p>\n<p class=\"voc-p\" style=\"\">144\u00ba Herrera de Pisuerga, 19 de septiembre (+ 236)<\/p>\n<p class=\"voc-p\" style=\"\">145\u00ba Valladolid, 21 de septiembre (+ 123)<\/p>\n<p class=\"voc-p\" style=\"\">146\u00ba Consuegra, 22 de septiembre (+ 318)<\/p>\n<p class=\"voc-p\" style=\"\">147\u00ba Talavera de la Reina, 23 de septiembre (+ 142)<\/p>\n<p class=\"voc-p\" style=\"\">148\u00ba Lorca, 24 de septiembre (+ 543)<\/p>\n<p class=\"voc-p\" style=\"\">149\u00ba Logro\u00f1o, 25 de septiembre (+ 766)<\/p>\n<p class=\"voc-p\" style=\"\">150\u00ba Logro\u00f1o, 26 de septiembre (+ 0)<\/p>\n<p class=\"voc-p\" style=\"\">151\u00ba Pozoblanco, 27 de septiembre (+ 657)<\/p>\n<p class=\"voc-p\" style=\"\">152\u00ba Corella, 29 de septiembre (+ 628)<\/p>\n<p class=\"voc-p\" style=\"\">153\u00ba Mojados, 30 de septiembre (+ 303)<\/p>\n<p class=\"voc-p\" style=\"\"><strong>* 8 corridas en octubre:<\/strong><\/p>\n<p class=\"voc-p\" style=\"\">154\u00ba Sevilla, 1 de octubre (+ 586)<\/p>\n<p class=\"voc-p\" style=\"\">155\u00ba Medina de Pomar, 2 de octubre (+ 797)<\/p>\n<p class=\"voc-p\" style=\"\">156\u00ba Zafra, 5 de octubre (+ 665)<\/p>\n<p class=\"voc-p\" style=\"\">157\u00ba Zafra, 7 de octubre (+ 0)<\/p>\n<p class=\"voc-p\" style=\"\">158\u00ba Fuengirola, 8 de octubre (+ 373)<\/p>\n<p class=\"voc-p\" style=\"\">159\u00ba Zaragoza, 10 de octubre (+ 861)<\/p>\n<p class=\"voc-p\" style=\"\">160\u00ba Zaragoza, 11 de octubre (+ 0)<\/p>\n<p class=\"voc-p\" style=\"\">161\u00ba El Puerto de Santa Mar\u00eda, 20 de octubre (+ 955)<\/p>\n<p class=\"voc-p\" style=\"\">* Entre par\u00e9ntesis el n\u00famero de kil\u00f3metros recorridos de una plaza a otra. En total, salen 76.206.<\/p>\n<p class=\"voc-p\" style=\"\">* La recopilaci\u00f3n de las 161 corridas ha sido posible gracias a la ayuda de Jos\u00e9 Mar\u00eda Sotomayor, gran experto en estad\u00edstica taurina. <\/p>\n","protected":false},"excerpt":{"rendered":"Y el 1 de agosto de 1995, descans\u00f3. Imaginamos que ir\u00eda a la playa o que se tumbar\u00eda&hellip;\n","protected":false},"author":2,"featured_media":50448,"comment_status":"","ping_status":"","sticky":false,"template":"","format":"standard","meta":{"footnotes":""},"categories":[277],"tags":[373,168,25,24,5570,22451,14072,23,167,374,1793,12856],"class_list":{"0":"post-50447","1":"post","2":"type-post","3":"status-publish","4":"format-standard","5":"has-post-thumbnail","7":"category-toreo","8":"tag-bullfighting","9":"tag-deportes","10":"tag-es","11":"tag-espana","12":"tag-jesulin","13":"tag-loco","14":"tag-recuerdos","15":"tag-spain","16":"tag-sports","17":"tag-toreo","18":"tag-verano","19":"tag-viaje"},"share_on_mastodon":{"url":"","error":""},"_links":{"self":[{"href":"https:\/\/www.europesays.com\/es\/wp-json\/wp\/v2\/posts\/50447","targetHints":{"allow":["GET"]}}],"collection":[{"href":"https:\/\/www.europesays.com\/es\/wp-json\/wp\/v2\/posts"}],"about":[{"href":"https:\/\/www.europesays.com\/es\/wp-json\/wp\/v2\/types\/post"}],"author":[{"embeddable":true,"href":"https:\/\/www.europesays.com\/es\/wp-json\/wp\/v2\/users\/2"}],"replies":[{"embeddable":true,"href":"https:\/\/www.europesays.com\/es\/wp-json\/wp\/v2\/comments?post=50447"}],"version-history":[{"count":0,"href":"https:\/\/www.europesays.com\/es\/wp-json\/wp\/v2\/posts\/50447\/revisions"}],"wp:featuredmedia":[{"embeddable":true,"href":"https:\/\/www.europesays.com\/es\/wp-json\/wp\/v2\/media\/50448"}],"wp:attachment":[{"href":"https:\/\/www.europesays.com\/es\/wp-json\/wp\/v2\/media?parent=50447"}],"wp:term":[{"taxonomy":"category","embeddable":true,"href":"https:\/\/www.europesays.com\/es\/wp-json\/wp\/v2\/categories?post=50447"},{"taxonomy":"post_tag","embeddable":true,"href":"https:\/\/www.europesays.com\/es\/wp-json\/wp\/v2\/tags?post=50447"}],"curies":[{"name":"wp","href":"https:\/\/api.w.org\/{rel}","templated":true}]}}