{"id":50449,"date":"2025-08-16T02:04:08","date_gmt":"2025-08-16T02:04:08","guid":{"rendered":"https:\/\/www.europesays.com\/es\/50449\/"},"modified":"2025-08-16T02:04:08","modified_gmt":"2025-08-16T02:04:08","slug":"quiero-que-me-recuerden-como-aquel-tipo-que-se-sacudia-el-polvo","status":"publish","type":"post","link":"https:\/\/www.europesays.com\/es\/50449\/","title":{"rendered":"\u00abQuiero que me recuerden como aquel tipo que se sacud\u00eda el polvo&#8230;\u00bb"},"content":{"rendered":"<p><img decoding=\"async\" class=\"voc-author__img\" src=\"https:\/\/www.europesays.com\/es\/wp-content\/uploads\/2025\/07\/autor-1617-foto-9.jpeg\" alt=\"\u00c1lvaro Colmenero\"\/><\/p>\n<p class=\"voc-p\" style=\"\">Ya hace varias semanas que Dustin Poirier,<a href=\"https:\/\/www.abc.es\/deportes\/mma\/dustin-poirier-leyenda-ufc-pronostico-sobre-topuria-20250803043255-nt.html\" target=\"_self\" data-voc-vtm-id=\"in-text-traffic\" title=\" excampe\u00f3n interino de peso ligero de la UFC\" rel=\"nofollow noopener\"> excampe\u00f3n interino de peso ligero de la UFC<\/a>, el eterno rey sin corona, abandonara las artes marciales mixtas (MMA) para siempre. Si bien continuar\u00e1 vinculado con el deporte a trav\u00e9s de la mesa de comentaristas de los combates en la se\u00f1al oficial de la compa\u00f1\u00eda estadounidense, los aficionados echar\u00e1n de menos las legendarias batallas con las que les brind\u00f3 el Diamante de Lafayatte (Louisiana). <\/p>\n<p class=\"voc-p\" style=\"\">Antes de la que ser\u00eda la \u00faltima derrota de su extensa carrera profesional, este peri\u00f3dico pudo conversar con Dustin Poirier, quien quiso analizar el legado que dejar\u00e1, eternamente, en el deporte. \u00ab<strong>Quiero que me recuerden como aquel tipo que cuando entraba al oct\u00e1gono sab\u00edas que iba a ser una batalla, que iba a ser una guerra que no te pod\u00edas perder<\/strong>. No quiero que me recuerden como alguien que entraba ah\u00ed para ganar una pelea por decisi\u00f3n, con jabs y dando vueltas en c\u00edrculo. Entraba ah\u00ed, lo daba todo y me pon\u00eda en peligro para conseguir finalizaciones y siempre lo dejaba todo dentro. Solo quiero que me recuerden como un perseguidor de sue\u00f1os\u00bb, apuntaba durante su \u00faltima &#8216;Fight Week&#8217;, en Nueva Orleans.<\/p>\n<p class=\"voc-p\" style=\"\">El estadounidense protagoniz\u00f3 algunas de las rivalidades m\u00e1s sonadas de la historia de la UFC, como la trilog\u00eda contra el controvertido Conor McGregor. El irland\u00e9s venci\u00f3 a Poirier cuando ambos emprend\u00edan su escalada hacia el \u00e9xito, pero luego el de Lafayette se tom\u00f3 su revancha particular con dos triunfos consecutivos, que marc\u00f3 el descenso a los abismos de la superestrella irlandesa.<\/p>\n<p class=\"voc-p\" style=\"\">No obstante, pese a que <a href=\"https:\/\/www.abc.es\/deportes\/mma\/dustin-poirier-leyenda-ufc-pronostico-sobre-topuria-20250803043255-nt.html\" target=\"_self\" data-voc-vtm-id=\"in-text-traffic\" title=\"Poirier obtuvo grand\u00edsimas victorias\" rel=\"nofollow noopener\">Poirier obtuvo grand\u00edsimas victorias<\/a>, su camino no estuvo exento de contratiempos y atesor\u00f3 duros tropiezos durante su recorrido en la UFC. \u00ab<strong>Quiero ser recordado como un tipo que siempre ven\u00eda a pelear, un tipo que se sacud\u00eda el polvo cada vez que se qued\u00f3 corto.<\/strong> Un duro trabajador, alguien que estaba dedicado a su oficio, eso es lo que he sido\u00bb, apuntaba a ABC MMA. Poirier ya no se enfundar\u00e1 m\u00e1s las guantillas, pero siempre tendr\u00e1 un lugar en el coraz\u00f3n de los fans a la UFC. <\/p>\n<p>Reportar un error<\/p>\n","protected":false},"excerpt":{"rendered":"Ya hace varias semanas que Dustin Poirier, excampe\u00f3n interino de peso ligero de la UFC, el eterno rey&hellip;\n","protected":false},"author":2,"featured_media":50450,"comment_status":"","ping_status":"","sticky":false,"template":"","format":"standard","meta":{"footnotes":""},"categories":[276],"tags":[168,364,25,24,368,365,22453,10474,16784,22452,23,167,6593,343],"class_list":{"0":"post-50449","1":"post","2":"type-post","3":"status-publish","4":"format-standard","5":"has-post-thumbnail","7":"category-ufc","8":"tag-deportes","9":"tag-dustin","10":"tag-es","11":"tag-espana","12":"tag-leyenda","13":"tag-poirier","14":"tag-polvo","15":"tag-quiero","16":"tag-recuerden","17":"tag-sacudia","18":"tag-spain","19":"tag-sports","20":"tag-tipo","21":"tag-ufc"},"share_on_mastodon":{"url":"","error":""},"_links":{"self":[{"href":"https:\/\/www.europesays.com\/es\/wp-json\/wp\/v2\/posts\/50449","targetHints":{"allow":["GET"]}}],"collection":[{"href":"https:\/\/www.europesays.com\/es\/wp-json\/wp\/v2\/posts"}],"about":[{"href":"https:\/\/www.europesays.com\/es\/wp-json\/wp\/v2\/types\/post"}],"author":[{"embeddable":true,"href":"https:\/\/www.europesays.com\/es\/wp-json\/wp\/v2\/users\/2"}],"replies":[{"embeddable":true,"href":"https:\/\/www.europesays.com\/es\/wp-json\/wp\/v2\/comments?post=50449"}],"version-history":[{"count":0,"href":"https:\/\/www.europesays.com\/es\/wp-json\/wp\/v2\/posts\/50449\/revisions"}],"wp:featuredmedia":[{"embeddable":true,"href":"https:\/\/www.europesays.com\/es\/wp-json\/wp\/v2\/media\/50450"}],"wp:attachment":[{"href":"https:\/\/www.europesays.com\/es\/wp-json\/wp\/v2\/media?parent=50449"}],"wp:term":[{"taxonomy":"category","embeddable":true,"href":"https:\/\/www.europesays.com\/es\/wp-json\/wp\/v2\/categories?post=50449"},{"taxonomy":"post_tag","embeddable":true,"href":"https:\/\/www.europesays.com\/es\/wp-json\/wp\/v2\/tags?post=50449"}],"curies":[{"name":"wp","href":"https:\/\/api.w.org\/{rel}","templated":true}]}}