{"id":50453,"date":"2025-08-16T02:07:15","date_gmt":"2025-08-16T02:07:15","guid":{"rendered":"https:\/\/www.europesays.com\/es\/50453\/"},"modified":"2025-08-16T02:07:15","modified_gmt":"2025-08-16T02:07:15","slug":"joan-marti-bennassar-y-anita-stenberg-vencen-a-lo-grande-en-el-trofeo-festes-dagost-de-campos","status":"publish","type":"post","link":"https:\/\/www.europesays.com\/es\/50453\/","title":{"rendered":"Joan Mart\u00ed Benn\u00e0ssar y Anita Stenberg vencen a lo grande en el Trofeo Festes d&#8217;Agost de Campos"},"content":{"rendered":"<p class=\"ft-text ft-helper-align-justify\"><a class=\"ft-link ft-link--decoration\" href=\"https:\/\/www.diariodemallorca.es\/tags\/joan-marti-bennassar\/\" rel=\"nofollow noopener\" target=\"_blank\"><strong>Joan Mart\u00ed Benn\u00e0ssar <\/strong><\/a><strong>y Anita Stenberg<\/strong> fueron los dos grandes protagonistas del <strong>Trofeo Festes d\u2019Agost<\/strong>, una de las cl\u00e1sicas del ciclismo mallorqu\u00edn con la que se ha iniciado la <strong>Challenge Grupo Miralles Palfinger <\/strong>que agrupa a esta prueba con la del pr\u00f3ximo domingo en Ses Salines y la del dia 25 en Sant Joan. Destacar que el <strong>expresidente de la Real Federaci\u00f3n Espa\u00f1ola de Ciclismo, Joan Serra,<\/strong> recibi\u00f3 de manos del presidente de la Balear, Toni Bauz\u00e1, la distinci\u00f3n que le otorg\u00f3 la Nacional el pasado mes de junio.<\/p>\n<p><img decoding=\"async\" src=\"https:\/\/www.europesays.com\/es\/wp-content\/uploads\/2025\/08\/e8cd8db6-380c-42fb-8c2c-a5fe14df53ce_alta-libre-aspect-ratio_default_0.jpg\" width=\"1200\" height=\"800\" alt=\"Joan Serra recibi\u00f3 la distinci\u00f3n de la nacional de manos del presidente de la Balear, Toni Bauz\u00e1.\" class=\"ft-helper-img-rd\" loading=\"lazy\" hasdataaida=\"true\"\/><\/p>\n<p class=\"ft-helper-fontColor-quaternary ft-helper-fontSize-body-S ft-helper-spacer-t-xxs\">Joan Serra recibi\u00f3 la distinci\u00f3n de la nacional de manos del presidente de la Balear, Toni Bauz\u00e1.  \/ Tomeu Arbona<\/p>\n<p class=\"ft-text ft-helper-align-justify\">En la prueba para open y juniors, despu\u00e9s de un inicio trepidante, el momento decisivo lleg\u00f3 poco antes del ecuador de la carrera cuando <strong>Joan Mart\u00ed Benn\u00e0sssar tom\u00f3 el mando de la carrera. Solo pudo seguirle Mateu Estelrich. <\/strong>Fue el ganador quien asumi\u00f3 la responsabilidad de la fuga. Una vez consolidada, con la colaboraci\u00f3n del de Santa Margalida, fueron distanciando a sus rivales directos y doblando a los rezagados hasta llegar al final de las 50 vueltas con 1-20 respecto al primer grupo perseguidor de siete unidades donde Sergi Amengual complet\u00f3 los puestos de p\u00f3dium por delante de Alejandro G\u00f3miz. Francesc Benn\u00e0ssar, Toni Ballester y Lloren\u00e7 Tom\u00e0s. El mejor de los juniors fue Miquel Adrover (17\u00ba) seguido de Lluc Dols (18\u00ba) y Eric Camino (20\u00ba).<\/p>\n<p><img decoding=\"async\" src=\"https:\/\/www.europesays.com\/es\/wp-content\/uploads\/2025\/08\/5aa5eda6-2000-4af5-911e-786024a4c60d_alta-libre-aspect-ratio_default_0.jpg\" width=\"1200\" height=\"800\" alt=\"Joan Mart\u00ed Benn\u00e0ssar y Mateu Estelrich en cabeza de carrera.\" class=\"ft-helper-img-rd\" loading=\"lazy\" hasdataaida=\"true\"\/><\/p>\n<p class=\"ft-helper-fontColor-quaternary ft-helper-fontSize-body-S ft-helper-spacer-t-xxs\">Joan Mart\u00ed Benn\u00e0ssar y Mateu Estelrich en cabeza de carrera.  \/ Tomeu Arbona<\/p>\n<p class=\"ft-text ft-helper-align-justify\">La carrera para f\u00e9minas con 34 participantes, <strong>evidenci\u00f3 la diferencia de potencial entre Anita Stenberg y el resto<\/strong>. La noruega inici\u00f3 su andadura en solitario en la primera vuelta para convertir la prueba en un mon\u00f3logo. El fuerte ritmo que marc\u00f3 le permiti\u00f3 doblar a la totalidad de sus rivales. Comparti\u00f3 las plazas de p\u00f3dium con <strong>Marina Garau y Luc\u00eda G\u00f3mez<\/strong> seguidas de la mejor junior,<strong> Zoe Wuyts<\/strong>, la mejor m\u00e1ster, <strong>Rosa Gonz\u00e1lez<\/strong>, y la mejor cadete, <strong>Marta Almansa.<\/strong><\/p>\n<p class=\"ft-text ft-helper-align-justify\"><strong>Miquel \u00c0ngel Gelabert <\/strong>se impuso de la prueba para masters seguido de Miquel Perell\u00f3 y David Mayol con <strong>Jaume Moncadas<\/strong> (7\u00ba) como mejor m\u00e1ster 50 y<strong> Sim\u00f3 Darder<\/strong> (17\u00ba) primer m\u00e1ster 60. En la prueba para cadetes <strong>Lluc Mascarell super\u00f3 a Toni Bordoy<\/strong>, su compa\u00f1ero de escapada con Iz\u00e1n Ba\u00eddez completando las plazas de honor tras ceder medio minuto. <strong>Francesc Martorell y Mar\u00eda Prats<\/strong> fueron los respectivos ganadores en infantiles, mientras que <strong>Tomeu Verger y Aina Mu\u00f1oz<\/strong> hicieron lo propio en alevines. La prueba para principiantes concluy\u00f3 con el triunfo de<strong> Marc S\u00e1nchez.<\/strong><\/p>\n<p><img decoding=\"async\" src=\"https:\/\/www.europesays.com\/es\/wp-content\/uploads\/2025\/08\/9b1cf64c-b125-4a73-9ec3-b10bc6c6d9e0_alta-libre-aspect-ratio_default_0.jpg\" width=\"1200\" height=\"800\" alt=\"Los ganadores de las distintas pruebas posan con el maillot acreditativo.\" class=\"ft-helper-img-rd\" loading=\"lazy\" hasdataaida=\"true\"\/><\/p>\n<p class=\"ft-helper-fontColor-quaternary ft-helper-fontSize-body-S ft-helper-spacer-t-xxs\">Los ganadores de las distintas pruebas posan con el maillot acreditativo.  \/ Tomeu Arbona<\/p>\n","protected":false},"excerpt":{"rendered":"Joan Mart\u00ed Benn\u00e0ssar y Anita Stenberg fueron los dos grandes protagonistas del Trofeo Festes d\u2019Agost, una de las&hellip;\n","protected":false},"author":2,"featured_media":50454,"comment_status":"","ping_status":"","sticky":false,"template":"","format":"standard","meta":{"footnotes":""},"categories":[273],"tags":[20892,22454,313,312,168,25,24,5170,22457,22456,10407,10320,10461,23,167,22455],"class_list":{"0":"post-50453","1":"post","2":"type-post","3":"status-publish","4":"format-standard","5":"has-post-thumbnail","7":"category-ciclismo","8":"tag-anita","9":"tag-bennassar","10":"tag-ciclismo","11":"tag-cycling","12":"tag-deportes","13":"tag-es","14":"tag-espana","15":"tag-joan","16":"tag-joan-marti-bennassar","17":"tag-la-balear","18":"tag-marti","19":"tag-master","20":"tag-serra","21":"tag-spain","22":"tag-sports","23":"tag-stenberg"},"share_on_mastodon":{"url":"","error":""},"_links":{"self":[{"href":"https:\/\/www.europesays.com\/es\/wp-json\/wp\/v2\/posts\/50453","targetHints":{"allow":["GET"]}}],"collection":[{"href":"https:\/\/www.europesays.com\/es\/wp-json\/wp\/v2\/posts"}],"about":[{"href":"https:\/\/www.europesays.com\/es\/wp-json\/wp\/v2\/types\/post"}],"author":[{"embeddable":true,"href":"https:\/\/www.europesays.com\/es\/wp-json\/wp\/v2\/users\/2"}],"replies":[{"embeddable":true,"href":"https:\/\/www.europesays.com\/es\/wp-json\/wp\/v2\/comments?post=50453"}],"version-history":[{"count":0,"href":"https:\/\/www.europesays.com\/es\/wp-json\/wp\/v2\/posts\/50453\/revisions"}],"wp:featuredmedia":[{"embeddable":true,"href":"https:\/\/www.europesays.com\/es\/wp-json\/wp\/v2\/media\/50454"}],"wp:attachment":[{"href":"https:\/\/www.europesays.com\/es\/wp-json\/wp\/v2\/media?parent=50453"}],"wp:term":[{"taxonomy":"category","embeddable":true,"href":"https:\/\/www.europesays.com\/es\/wp-json\/wp\/v2\/categories?post=50453"},{"taxonomy":"post_tag","embeddable":true,"href":"https:\/\/www.europesays.com\/es\/wp-json\/wp\/v2\/tags?post=50453"}],"curies":[{"name":"wp","href":"https:\/\/api.w.org\/{rel}","templated":true}]}}