{"id":50457,"date":"2025-08-16T02:09:14","date_gmt":"2025-08-16T02:09:14","guid":{"rendered":"https:\/\/www.europesays.com\/es\/50457\/"},"modified":"2025-08-16T02:09:14","modified_gmt":"2025-08-16T02:09:14","slug":"darius-thompson-ya-habla-como-jugador-taronja","status":"publish","type":"post","link":"https:\/\/www.europesays.com\/es\/50457\/","title":{"rendered":"Darius Thompson ya habla como jugador taronja"},"content":{"rendered":"<p class=\"ft-text\">El base <a class=\"ft-link ft-link--decoration\" href=\"https:\/\/www.superdeporte.es\/tags\/darius-thompson\/\" target=\"_blank\" rel=\"nofollow noopener\"><strong>Darius Thompson<\/strong><\/a> ya se encuentra concentrado con la selecci\u00f3n italiana de cara al EuroBasket, aunque la pasada semana pas\u00f3 por nuestra ciudad para someterse a la revisi\u00f3n m\u00e9dica y confirmar su vinculaci\u00f3n con nuestro Club para las pr\u00f3ximas tres temporadas. En su paso por el hospital Quir\u00f3nsalud nos dej\u00f3 sus primeras valoraciones como jugador taronja.<\/p>\n<p class=\"ft-text\">Nuestro nuevo director de juego resalto que\u00a0\u201cuna de las principales razones por las que quer\u00eda jugar en Valencia fue el proyecto que se est\u00e1 construyendo. Tambi\u00e9n los \u00e9xitos que tuvieron la temporada pasada y continuar creciendo sobre eso. Formar parte de este proyecto es muy emocionante, con el nuevo Arena se est\u00e1 generando mucha expectaci\u00f3n alrededor. Y para m\u00ed el motivo principal ha sido volver al baloncesto espa\u00f1ol. Creo que la Liga acb es lo que mejor me encaja\u201d.\u00a0<\/p>\n<p><img decoding=\"async\" src=\"https:\/\/www.europesays.com\/es\/wp-content\/uploads\/2025\/08\/7d1a9abe-f8ea-46cb-a45c-e36458a8eb83_alta-libre-aspect-ratio_default_0.jpg\" width=\"1200\" height=\"695\" alt=\"Darius Thompson\" class=\"ft-helper-img-rd\" loading=\"lazy\" hasdataaida=\"true\"\/><\/p>\n<p class=\"ft-helper-fontColor-quaternary ft-helper-fontSize-body-S ft-helper-spacer-t-xxs\">Darius Thompson  \/ SD<\/p>\n<p class=\"ft-text\">Thompson no duda en se\u00f1alar que cree que le va a resultar sencillo encajar en la filosof\u00eda del equipo:\u00a0\u201cEse estilo, con jugadas r\u00e1pidas, para m\u00ed es muy emocionante y la mejor manera de jugar al baloncesto\u201d. Y al mismo tiempo, es sincero a la hora de calibrar la dificultad de los retos que se avecinan:\u00a0\u201cTodas las temporadas en Euroliga son muy duras pero a\u00f1adiendo otros tres equipos, 20 equipos en total, muchas semanas dobles. Seguro que va a ser muy duro, pero tambi\u00e9n creo que lo vamos a poder disfrutar\u201d.<\/p>\n<p>Pendiente del Eurobasket<\/p>\n<p class=\"ft-text\">Darius jug\u00f3 este jueves su primer partido con la selecci\u00f3n italiana, en el triunfo en un partido amistoso ante Argentina en el que aport\u00f3 tres puntos y una asistencia. Con la <strong>posibilidad de participar en el EuroBasket con los azzuri hasta el 14 de septiembre<\/strong>, Thompson se enfrenta a una situaci\u00f3n novedosa para \u00e9l:\u00a0\u201cEsta va a ser una pretemporada distinta para m\u00ed. Es la primera vez que no voy a estar desde el principio de la pretemporada. Adem\u00e1s, otros muchos de mis compa\u00f1eros van a estar en diferentes competiciones como el AfroBasket o la AmeriCup. Va a ser una forma un poco inusual de juntarnos y formar el equipo, pero tengo ganas de estar con mis compa\u00f1eros y conocerlos. Con los que he podido hablar hasta ahora parecen buenos chicos, as\u00ed que estoy emocionado por formar parte de este equipo\u201d.<\/p>\n","protected":false},"excerpt":{"rendered":"El base Darius Thompson ya se encuentra concentrado con la selecci\u00f3n italiana de cara al EuroBasket, aunque la&hellip;\n","protected":false},"author":2,"featured_media":32111,"comment_status":"","ping_status":"","sticky":false,"template":"","format":"standard","meta":{"footnotes":""},"categories":[269],"tags":[299,298,9846,9663,168,25,24,301,1298,961,1640,23,167,8134,9847,235,2916],"class_list":{"0":"post-50457","1":"post","2":"type-post","3":"status-publish","4":"format-standard","5":"has-post-thumbnail","7":"category-baloncesto","8":"tag-baloncesto","9":"tag-basketball","10":"tag-darius","11":"tag-darius-thompson","12":"tag-deportes","13":"tag-es","14":"tag-espana","15":"tag-eurobasket","16":"tag-palabras","17":"tag-pretemporada","18":"tag-primeras","19":"tag-spain","20":"tag-sports","21":"tag-taronja","22":"tag-thompson","23":"tag-valencia","24":"tag-valencia-basket"},"share_on_mastodon":{"url":"","error":""},"_links":{"self":[{"href":"https:\/\/www.europesays.com\/es\/wp-json\/wp\/v2\/posts\/50457","targetHints":{"allow":["GET"]}}],"collection":[{"href":"https:\/\/www.europesays.com\/es\/wp-json\/wp\/v2\/posts"}],"about":[{"href":"https:\/\/www.europesays.com\/es\/wp-json\/wp\/v2\/types\/post"}],"author":[{"embeddable":true,"href":"https:\/\/www.europesays.com\/es\/wp-json\/wp\/v2\/users\/2"}],"replies":[{"embeddable":true,"href":"https:\/\/www.europesays.com\/es\/wp-json\/wp\/v2\/comments?post=50457"}],"version-history":[{"count":0,"href":"https:\/\/www.europesays.com\/es\/wp-json\/wp\/v2\/posts\/50457\/revisions"}],"wp:featuredmedia":[{"embeddable":true,"href":"https:\/\/www.europesays.com\/es\/wp-json\/wp\/v2\/media\/32111"}],"wp:attachment":[{"href":"https:\/\/www.europesays.com\/es\/wp-json\/wp\/v2\/media?parent=50457"}],"wp:term":[{"taxonomy":"category","embeddable":true,"href":"https:\/\/www.europesays.com\/es\/wp-json\/wp\/v2\/categories?post=50457"},{"taxonomy":"post_tag","embeddable":true,"href":"https:\/\/www.europesays.com\/es\/wp-json\/wp\/v2\/tags?post=50457"}],"curies":[{"name":"wp","href":"https:\/\/api.w.org\/{rel}","templated":true}]}}