{"id":50458,"date":"2025-08-16T02:10:07","date_gmt":"2025-08-16T02:10:07","guid":{"rendered":"https:\/\/www.europesays.com\/es\/50458\/"},"modified":"2025-08-16T02:10:07","modified_gmt":"2025-08-16T02:10:07","slug":"video-luna-da-el-visto-bueno-a-fichar-por-el-sporting-asi-son-sus-detalles-de-calidad-la-voz-de-asturias","status":"publish","type":"post","link":"https:\/\/www.europesays.com\/es\/50458\/","title":{"rendered":"V\u00eddeo: Luna da el visto bueno a fichar por el Sporting, as\u00ed son sus detalles de calidad &#8211; La Voz de Asturias"},"content":{"rendered":"<ol>\n<li><a href=\"https:\/\/news.google.com\/rss\/articles\/CBMi2wFBVV95cUxQSVhLeDlxdUluTF9ucWsxOFpWMFF3RVlxRGh0M25fQUdVMjlJSDRHclgzeWJaR2ctc1Y0c0FBQjBwVTJ3SXZKNVJ1OTczTE9sdUk0bjl0VTZreURSa0pFV0tiSGE5U0t3M0l0V1pwOG1ldUp6N0M0WlBxYkhlSU85RmtEakVaZ3J2aUN4OHlKdXdtbkV3ejRURHRxNnBRNXpQVF9TMzZjaHpELVJ6ajNuZFJHYzZyLXRqMkhfM2d0dGpXa0NRRFZvTks3NHRtdi00LWo3MkpmUVBYT2M?oc=5\" target=\"_blank\" rel=\"nofollow noopener\">V\u00eddeo: Luna da el visto bueno a fichar por el Sporting, as\u00ed son sus detalles de calidad<\/a>&nbsp;&nbsp;La Voz de Asturias<\/li>\n<li><a href=\"https:\/\/news.google.com\/rss\/articles\/CBMirAFBVV95cUxPQ0ZOdnJQRXFCNE9OY0ZzcWJ0QV9sQmdWbUE3VzhJSUxvZ0pnb20tWTdLRUx0R2RnR3NlUFZqa0ZCeUJvMF80dk0wTC1vX0ZzQlVIeHo0UWVxREZCZ1B2eG1iMkd1QXFYZ3dteFludG9OenRvQldxSHpnT2hrUDN5WEYwcXBDYkZ3WEZhRHJ1NnNHVFEzQnR4VXdNX3h2WVFBS0xIdWZXRnRJTGJK0gHAAUFVX3lxTE5nbGplVnBJRU1OcXpnSnBIalItdXQxUEhQQWx3eS1XUHl4QXY5d1Zrd0xnVkhfcUV5MGVBNmpkYmh3dVdtcHFGMXBFOEQyaGtLWHoxM0FfZUphUHdqWUhmMDNYZ3MxdEk4a3dOX3pQTkp2dkcwdE43dG5LVVUzMWpoMWRhMzBHY20zQXFDUDd5Q3ZDYXJjdkVGdGZNUEFSQnFDVE5BbEo4QTRCX2VJZnl6elMtOUh2dk5ldlByMUkwZw?oc=5\" target=\"_blank\" rel=\"nofollow noopener\">El Sporting de Gij\u00f3n quiere la cesi\u00f3n de Dani Luna<\/a>&nbsp;&nbsp;Cadena SER<\/li>\n<li><a href=\"https:\/\/news.google.com\/rss\/articles\/CBMilAFBVV95cUxPbzhWbkZ0RmFtck12N0tmY2VMc0dPZ3hDNm43V004VFB6bjN6Vm0yY09yVnByeS1sQUVKaUNIWVI4dEljWWlOUVV4MGR3Zkk0TGZUT3VjQ2d2T3pTdVV6cjVwYmRtSkR6SFJ4WUtxQXo0TXY0X1ZvQzBhYnhKN2NhejdHYm9pUzdKTG9iRjRHaDhubG5z0gGoAUFVX3lxTE5JMUZRWDJEVEJuRm5pdHQ1bVBvU0pycjhKd0FfWVIzM01rbHZoalRTV1ZHVGpFZW85LVRTZ0p0SXBmRUJJbzRjX2JNVDItYzNyblZJSy1sak9OWUVBZjltOF80N3hoSVUyNzRnYzNxcUxOTkRLSFFUMldpXzRqQmlTNkJXRHVvNUd0NXpUVzlick83b2IzZkRVRlJOZzk5MWNkN0RjZ2U5cA?oc=5\" target=\"_blank\" rel=\"nofollow noopener\">Negociaci\u00f3n abierta con el Mallorca por el colombiano Daniel Luna<\/a>&nbsp;&nbsp;Diario AS<\/li>\n<li><a href=\"https:\/\/news.google.com\/rss\/articles\/CBMikgFBVV95cUxObDQwd0NwdEVkbUJjVEJKNWFtRGdHd01oWkgwbVJOLU9Jbm5jeWJTbS10WExCczh3MGM1Y0h3RTc0b1dBUnlRbHpyYTFidXhNcGFkZ3J1M2IwQVF1UFpSU0RhSWhvR0xqZXhRQjFhaENVYnFvNUZwQmk1b2w1Ry1LZjZPQzRuN0RualpwcjVRR1p3QdIBlwFBVV95cUxNNC1IdmU3VXFYRzVGbWpFck84ZEhwOF9Vemx1UkZaeHlKWHpFZVVSeXhZdG93NXFLVDVfSHJJaGZQMzVwYU1JczFySWprVzhESGpQSlk3V0wxMC1aakd2NzJhT1RLcXdqcG5pZEFsak5zci1kekFhclNKcF9ZV3ZHOFRQd0ZmTDJXeFFSbTQ0bUpkekVMcERJ?oc=5\" target=\"_blank\" rel=\"nofollow noopener\">Luna, m\u00e1s cerca del Sporting: los n\u00fameros para acabar de cuadrar una operaci\u00f3n pendiente del campe\u00f3n de Liga<\/a>&nbsp;&nbsp;La Nueva Espa\u00f1a<\/li>\n<li><a href=\"https:\/\/news.google.com\/rss\/articles\/CBMiqAFBVV95cUxORU5rM0QtcG5SMTg0VmZXenRYdUU5N1ZvY0hYSzVXUkdVaklySEhKX1hSTV85UFNWMURRd2dyX1dEVC1LNjlFa200dFdvOTNGZVZoekZMOFFwcF9wcTNtUUtBNTVtSkVlVktOc3dqZlRoOWIyZmhNeUJSbGtqY2VMOUVVQ1pWa2RiWUpqWnp6WkhTYjd3QklDbFlWYW9ubVRhb251UU1oLXk?oc=5\" target=\"_blank\" rel=\"nofollow noopener\">El Sporting y Daniel Luna, a cerrar su cesi\u00f3n tras esta jornada<\/a>&nbsp;&nbsp;El Comercio<\/li>\n<\/ol>\n","protected":false},"excerpt":{"rendered":"V\u00eddeo: Luna da el visto bueno a fichar por el Sporting, as\u00ed son sus detalles de calidad&nbsp;&nbsp;La Voz&hellip;\n","protected":false},"author":2,"featured_media":50459,"comment_status":"","ping_status":"","sticky":false,"template":"","format":"standard","meta":{"footnotes":""},"categories":[268],"tags":[168,25,24,280,282,281,23,4783,167],"class_list":{"0":"post-50458","1":"post","2":"type-post","3":"status-publish","4":"format-standard","5":"has-post-thumbnail","7":"category-futbol","8":"tag-deportes","9":"tag-es","10":"tag-espana","11":"tag-football","12":"tag-futbol","13":"tag-soccer","14":"tag-spain","15":"tag-sporting-de-gijon","16":"tag-sports"},"share_on_mastodon":{"url":"","error":""},"_links":{"self":[{"href":"https:\/\/www.europesays.com\/es\/wp-json\/wp\/v2\/posts\/50458","targetHints":{"allow":["GET"]}}],"collection":[{"href":"https:\/\/www.europesays.com\/es\/wp-json\/wp\/v2\/posts"}],"about":[{"href":"https:\/\/www.europesays.com\/es\/wp-json\/wp\/v2\/types\/post"}],"author":[{"embeddable":true,"href":"https:\/\/www.europesays.com\/es\/wp-json\/wp\/v2\/users\/2"}],"replies":[{"embeddable":true,"href":"https:\/\/www.europesays.com\/es\/wp-json\/wp\/v2\/comments?post=50458"}],"version-history":[{"count":0,"href":"https:\/\/www.europesays.com\/es\/wp-json\/wp\/v2\/posts\/50458\/revisions"}],"wp:featuredmedia":[{"embeddable":true,"href":"https:\/\/www.europesays.com\/es\/wp-json\/wp\/v2\/media\/50459"}],"wp:attachment":[{"href":"https:\/\/www.europesays.com\/es\/wp-json\/wp\/v2\/media?parent=50458"}],"wp:term":[{"taxonomy":"category","embeddable":true,"href":"https:\/\/www.europesays.com\/es\/wp-json\/wp\/v2\/categories?post=50458"},{"taxonomy":"post_tag","embeddable":true,"href":"https:\/\/www.europesays.com\/es\/wp-json\/wp\/v2\/tags?post=50458"}],"curies":[{"name":"wp","href":"https:\/\/api.w.org\/{rel}","templated":true}]}}