{"id":5046,"date":"2025-07-26T16:39:07","date_gmt":"2025-07-26T16:39:07","guid":{"rendered":"https:\/\/www.europesays.com\/es\/5046\/"},"modified":"2025-07-26T16:39:07","modified_gmt":"2025-07-26T16:39:07","slug":"rueda-de-prensa-de-montse-tome-e-irene-paredes-en-directo","status":"publish","type":"post","link":"https:\/\/www.europesays.com\/es\/5046\/","title":{"rendered":"Rueda de prensa de Montse Tom\u00e9 e Irene Paredes en directo"},"content":{"rendered":"\n<p class=\"ue-c-article__paragraph \"><strong>Montse Tom\u00e9 e Irene Paredes<\/strong> atender\u00e1n a los medios de comunicaci\u00f3n en la <strong>rueda de prensa previa a la final de la Eurocopa 2025 <\/strong>que medir\u00e1 a <strong>Espa\u00f1a e Inglaterra<\/strong>, repitiendo as\u00ed la final del Mundial 2023.<\/p>\n<p class=\"ue-c-article__paragraph \"><strong>Las espa\u00f1olas llegan invictas<\/strong> a la cita tras haber <strong>superado a Alemania por 1-0 en la pr\u00f3rroga con gol de Aitana Bonmat\u00ed<\/strong>, que junto con Cata Coll fue de las mejores del partido a pesar de haber empezado la competici\u00f3n con<strong> problemas de salud<\/strong>.<\/p>\n","protected":false},"excerpt":{"rendered":"Montse Tom\u00e9 e Irene Paredes atender\u00e1n a los medios de comunicaci\u00f3n en la rueda de prensa previa a&hellip;\n","protected":false},"author":2,"featured_media":5047,"comment_status":"","ping_status":"","sticky":false,"template":"","format":"standard","meta":{"footnotes":""},"categories":[268],"tags":[168,25,24,1536,280,282,1809,4487,281,23,167],"class_list":{"0":"post-5046","1":"post","2":"type-post","3":"status-publish","4":"format-standard","5":"has-post-thumbnail","7":"category-futbol","8":"tag-deportes","9":"tag-es","10":"tag-espana","11":"tag-eurocopa-femenina","12":"tag-football","13":"tag-futbol","14":"tag-futbol-femenino","15":"tag-seleccion-femenina-futbol-espana","16":"tag-soccer","17":"tag-spain","18":"tag-sports"},"share_on_mastodon":{"url":"","error":""},"_links":{"self":[{"href":"https:\/\/www.europesays.com\/es\/wp-json\/wp\/v2\/posts\/5046","targetHints":{"allow":["GET"]}}],"collection":[{"href":"https:\/\/www.europesays.com\/es\/wp-json\/wp\/v2\/posts"}],"about":[{"href":"https:\/\/www.europesays.com\/es\/wp-json\/wp\/v2\/types\/post"}],"author":[{"embeddable":true,"href":"https:\/\/www.europesays.com\/es\/wp-json\/wp\/v2\/users\/2"}],"replies":[{"embeddable":true,"href":"https:\/\/www.europesays.com\/es\/wp-json\/wp\/v2\/comments?post=5046"}],"version-history":[{"count":0,"href":"https:\/\/www.europesays.com\/es\/wp-json\/wp\/v2\/posts\/5046\/revisions"}],"wp:featuredmedia":[{"embeddable":true,"href":"https:\/\/www.europesays.com\/es\/wp-json\/wp\/v2\/media\/5047"}],"wp:attachment":[{"href":"https:\/\/www.europesays.com\/es\/wp-json\/wp\/v2\/media?parent=5046"}],"wp:term":[{"taxonomy":"category","embeddable":true,"href":"https:\/\/www.europesays.com\/es\/wp-json\/wp\/v2\/categories?post=5046"},{"taxonomy":"post_tag","embeddable":true,"href":"https:\/\/www.europesays.com\/es\/wp-json\/wp\/v2\/tags?post=5046"}],"curies":[{"name":"wp","href":"https:\/\/api.w.org\/{rel}","templated":true}]}}