{"id":50470,"date":"2025-08-16T02:19:16","date_gmt":"2025-08-16T02:19:16","guid":{"rendered":"https:\/\/www.europesays.com\/es\/50470\/"},"modified":"2025-08-16T02:19:16","modified_gmt":"2025-08-16T02:19:16","slug":"relojes-coches-y-ropa-cara","status":"publish","type":"post","link":"https:\/\/www.europesays.com\/es\/50470\/","title":{"rendered":"Relojes, coches y ropa cara"},"content":{"rendered":"<p class=\"ft-text\">Hace tan solo unos d\u00edas el mundo giraba la cabeza para fijarse en el <a href=\"https:\/\/www.sport.es\/es\/noticias\/actualidad\/gema-infinito-regalo-cristiano-ronaldo-120552864\" class=\"ft-link ft-link--decoration\" rel=\"nofollow noopener\" target=\"_blank\">exclusivo anillo de compromiso<\/a> con el que <strong>Cristiano Ronaldo<\/strong> le ped\u00eda matrimonio a su pareja, <strong>Georgina Rodr\u00edguez<\/strong>, despu\u00e9s de nueve a\u00f1os de noviazgo.<\/p>\n<p class=\"ft-text\">Un &#8216;pedrusco&#8217; que destaca por el superdiamante que luce en el centro de su dedo anular, una pieza con un valor de <strong>seis millones de euros<\/strong>, aunque algunos estimaban que pod\u00eda alcanzar los 12 millones.<\/p>\n<p class=\"ft-text\">Unos d\u00edas m\u00e1s tarde, lejos de quedarse en un solo anillo, por caro y \u00fanico que sea, CR7 <strong>no ha escatimado en gastos<\/strong> para complacer a su futura esposa y ha sacado el talonario, que en el caso del futbolista portugu\u00e9s es m\u00e1s profundo que un agujero negro, para impresionar a &#8216;Gio&#8217;.<\/p>\n<p class=\"ft-text\">Seg\u00fan recoge el medio sensacionalista alem\u00e1n, &#8216;Bild&#8217;, de una informaci\u00f3n publicada por &#8216;Sun&#8217; desde Inglaterra, la joya solamente fue una de las numerosas sorpresas que le esperaban a la hispanoargentina.<\/p>\n<p class=\"ft-text\">En total, &#8216;el Bicho&#8217; se habr\u00eda gastado <strong>m\u00e1s de 300.000 euros<\/strong> en regalos adicionales, que incluyen veh\u00edculos, relojes o piezas de las marcas de lujo por excelencia. Lo m\u00e1s destacable de la retah\u00edla de regalos es el <strong>Porsche Taycan blanco de 400 cv <\/strong>que es completamente el\u00e9ctrico y tiene un coste cercano a los 90.000 euros.<\/p>\n<p><img decoding=\"async\" src=\"https:\/\/www.europesays.com\/es\/wp-content\/uploads\/2025\/08\/28a3f4be-1e04-41f7-82f3-2177f16b99b8_alta-libre-aspect-ratio_default_0.jpg\" width=\"1200\" height=\"902\" alt=\"Porsche Taycan.\" class=\"ft-helper-img-rd\" loading=\"lazy\" hasdataaida=\"true\"\/><\/p>\n<p class=\"ft-helper-fontColor-quaternary ft-helper-fontSize-body-S ft-helper-spacer-t-xxs\">Porsche Taycan.  \/ Coches.net<\/p>\n<p class=\"ft-text\">Como la vida no tendr\u00eda sentido sin el tiempo, Cristiano le ha regalado <strong>un reloj Audemars Piguet<\/strong>, una de las marcas m\u00e1s reconocidas dentro del sector, que tiene un valor de m\u00e1s de 60.000 euros. Pero, por si por un casual se le estropea, le regal\u00f3 un segundo reloj, en este caso <strong>Patek Philippe<\/strong>, otra de las marcas exclusivas, que le ha costado unos 48.000 euros m\u00e1s.<\/p>\n<p><img decoding=\"async\" src=\"https:\/\/www.europesays.com\/es\/wp-content\/uploads\/2025\/08\/f209011c-a7c9-4aad-b863-e9fbb491440b_alta-libre-aspect-ratio_default_0.jpg\" width=\"1200\" height=\"675\" alt=\"Reloj Audemars Piguet.\" class=\"ft-helper-img-rd\" loading=\"lazy\" hasdataaida=\"true\"\/><\/p>\n<p class=\"ft-helper-fontColor-quaternary ft-helper-fontSize-body-S ft-helper-spacer-t-xxs\">Reloj Audemars Piguet.  \/ \u00b7<\/p>\n<p class=\"ft-text\">Como buen futuro marido, CR7 sabe que la moda es una de las pasiones de su chica, por lo que tampoco ha escatimado en cuanto a ropa y bolsos. Se ha dejado 8.000 euros en <strong>piezas de Louis Vuitton y Christian Dior<\/strong>, mientras que ha sumado 20.000 euros m\u00e1s en ropa de estas marcas.<\/p>\n<p class=\"ft-text\">Todo ello, seg\u00fan cuenta &#8216;Bild&#8217;, responde a los gustos exactos de &#8216;Gio&#8217;: amante de los coches el\u00e9ctricos y de las \u00faltimas tendencias en el mundo de la alta costura, nada imposible para un jugador que cobra <strong>600.000 euros diarios<\/strong>. Ahora ya tan solo falta que se celebre la <strong>boda<\/strong>, en principio tras el Mundial de 2026 que Cristiano espera disputar, con 41 a\u00f1os.<\/p>\n","protected":false},"excerpt":{"rendered":"Hace tan solo unos d\u00edas el mundo giraba la cabeza para fijarse en el exclusivo anillo de compromiso&hellip;\n","protected":false},"author":2,"featured_media":50471,"comment_status":"","ping_status":"","sticky":false,"template":"","format":"standard","meta":{"footnotes":""},"categories":[91],"tags":[22461,14386,8432,146,147,25,24,16905,3371,19712,23],"class_list":{"0":"post-50470","1":"post","2":"type-post","3":"status-publish","4":"format-standard","5":"has-post-thumbnail","7":"category-entretenimiento","8":"tag-bana","9":"tag-cristiano","10":"tag-cristiano-ronaldo","11":"tag-entertainment","12":"tag-entretenimiento","13":"tag-es","14":"tag-espana","15":"tag-georgina","16":"tag-oro","17":"tag-ronaldo","18":"tag-spain"},"share_on_mastodon":{"url":"","error":""},"_links":{"self":[{"href":"https:\/\/www.europesays.com\/es\/wp-json\/wp\/v2\/posts\/50470","targetHints":{"allow":["GET"]}}],"collection":[{"href":"https:\/\/www.europesays.com\/es\/wp-json\/wp\/v2\/posts"}],"about":[{"href":"https:\/\/www.europesays.com\/es\/wp-json\/wp\/v2\/types\/post"}],"author":[{"embeddable":true,"href":"https:\/\/www.europesays.com\/es\/wp-json\/wp\/v2\/users\/2"}],"replies":[{"embeddable":true,"href":"https:\/\/www.europesays.com\/es\/wp-json\/wp\/v2\/comments?post=50470"}],"version-history":[{"count":0,"href":"https:\/\/www.europesays.com\/es\/wp-json\/wp\/v2\/posts\/50470\/revisions"}],"wp:featuredmedia":[{"embeddable":true,"href":"https:\/\/www.europesays.com\/es\/wp-json\/wp\/v2\/media\/50471"}],"wp:attachment":[{"href":"https:\/\/www.europesays.com\/es\/wp-json\/wp\/v2\/media?parent=50470"}],"wp:term":[{"taxonomy":"category","embeddable":true,"href":"https:\/\/www.europesays.com\/es\/wp-json\/wp\/v2\/categories?post=50470"},{"taxonomy":"post_tag","embeddable":true,"href":"https:\/\/www.europesays.com\/es\/wp-json\/wp\/v2\/tags?post=50470"}],"curies":[{"name":"wp","href":"https:\/\/api.w.org\/{rel}","templated":true}]}}