{"id":50476,"date":"2025-08-16T02:23:09","date_gmt":"2025-08-16T02:23:09","guid":{"rendered":"https:\/\/www.europesays.com\/es\/50476\/"},"modified":"2025-08-16T02:23:09","modified_gmt":"2025-08-16T02:23:09","slug":"el-incendio-de-chandrexa-en-ourense-ya-es-el-mas-grande-de-la-historia-de-galicia","status":"publish","type":"post","link":"https:\/\/www.europesays.com\/es\/50476\/","title":{"rendered":"El incendio de Chandrexa, en Ourense, ya es el m\u00e1s grande de la historia de Galicia"},"content":{"rendered":"<p class=\"article-text\">\n        El incendio de Chandrexa de Queixa, en Ourense, ya es el m\u00e1s grande de la historia de Galicia desde que hay registros al alcanzar las 16.000 hect\u00e1reas quemadas, 5.000 m\u00e1s que el de O Courel en 2022, hasta ahora el que m\u00e1s extensi\u00f3n hab\u00eda calcinado. La situaci\u00f3n sigue sin control, el dispositivo est\u00e1 desbordado, <a href=\"https:\/\/www.eldiario.es\/galicia\/xunta-admite-dispositivo-desbordado-empieza-desbaratarse-cantidad-incendios_1_12536947.html\" target=\"_blank\" data-mrf-recirculation=\"links-noticia\" class=\"link\" rel=\"nofollow noopener\">seg\u00fan reconoce la propia Xunta<\/a>, y se ha recomendado a la poblaci\u00f3n de una treintena de municipios ourensanos que permanezcan en sus casas y eviten desplazarse.\n    <\/p>\n<p>    <a href=\"https:\/\/www.eldiario.es\/galicia\/desolacion-pie-tierra-quemada-ourense-estabamos-absolutamente-solos_1_12535316.html\" data-mrf-recirculation=\"saber-mas\" data-dl-event=\"saber-mas\" rel=\"nofollow noopener\" target=\"_blank\"><\/p>\n<p class=\"know-more__title\">Desolaci\u00f3n a pie de tierra quemada en Ourense: \u00abEst\u00e1bamos absolutamente solos\u00bb<\/p>\n<p>            <img decoding=\"async\" class=\"lazy\" loading=\"lazy\" data-src=\"https:\/\/static.eldiario.es\/clip\/762b3b8a-933f-48ab-97d1-ba5efeec4cdd_16-9-aspect-ratio_default_0.jpg\" src=\"data:image\/svg+xml,%3Csvg xmlns=\" http:=\"\" viewbox=\"0 0 880 495\" alt=\"Desolaci\u00f3n a pie de tierra quemada en Ourense: &quot;Est\u00e1bamos absolutamente solos&quot;\"\/><\/p>\n<p>                        <\/a><\/p>\n<p class=\"article-text\">\n        Seg\u00fan ha informado la Conseller\u00eda de Medio Rural en su \u00faltimo parte, al incendio de Chandrexa se ha unido al fuego que afectaba a Vilari\u00f1o, por lo que ahora son un \u00fanico incendio con m\u00e1s de 16.000 hect\u00e1reas ardidas.\n    <\/p>\n<p><\/p>\n<p class=\"article-text\">\n        La situaci\u00f3n ha empeorado durante el d\u00eda. Pasadas las 16.30, el 112 Galicia ha enviado una alarma a los m\u00f3viles localizados en una treintena de municipios de las provincias de Ourense y Lugo para pedir a la poblaci\u00f3n que se confine y evite los desplazamientos.\n    <\/p>\n<p class=\"article-text\">\n        El aviso ha aparecido en las pantallas de los dispositivos de municipios sobre todo de Ourense, pero tambi\u00e9n en cuatro de Lugo. En concreto son O\u00edmbra, Cualedro, Monterrei, Laza, Ver\u00edn, Vilardev\u00f3s, Ri\u00f3s, A Mezquita, A Gudi\u00f1a, Viana do Bolo, Vilari\u00f1o de Conso, A Veiga, O Bolo, Manzaneda, Chandrexa de Queixa, Montederramo, Castrocaldelas, A Teixeira, San Xo\u00e1n de R\u00edo, Larouco, Pet\u00edn, A R\u00faa, O Barco de Valdeorras, Vilamart\u00edn, Xinzo, Trasmiras, Baltar y Rubi\u00e1, en Ourense. En Lugo son Parada de Sil, Quiroga, Ribas de Sil y Folgoso do Courel.\n    <\/p>\n<blockquote class=\"twitter-tweet\" data-lang=\"es\"><p><a href=\"https:\/\/twitter.com\/X\/status\/1956409818949783726?ref_src=twsrc%5Etfw\" rel=\"nofollow noopener\" target=\"_blank\"><\/p><\/blockquote>\n<p>    Trenes suspendidos y carreteras afectadas<\/p>\n<p class=\"article-text\">\n        Adif ha anunciado este viernes que la circulaci\u00f3n ferroviaria de alta velocidad entre Madrid y Galicia seguir\u00e1 suspendida, al menos, durante la primera mitad del s\u00e1bado. Esta decisi\u00f3n se vuelve a adoptar despu\u00e9s de varios d\u00edas de cortes en esta l\u00ednea llevados a cabo a petici\u00f3n de Bomberos y Protecci\u00f3n Civil, y motivados por los incendios registrados en Ourense y Zamora.\n    <\/p>\n<p class=\"article-text\">\n        La A-52 se encuentra cortada entre los quil\u00f3metros 114 (A Mezquita) y 129 ( A Gudi\u00f1a), en ambos sentidos, mientras que la N-525 est\u00e1 cerrada en ambos sentidos entre los quil\u00f3metros 118 y 132.\n    <\/p>\n<blockquote class=\"twitter-tweet\" data-lang=\"es\"><p><a href=\"https:\/\/twitter.com\/X\/status\/1956436574389875033?ref_src=twsrc%5Etfw\" rel=\"nofollow noopener\" target=\"_blank\"><\/p><\/blockquote>\n<p>    Incendios activos<\/p>\n<p class=\"article-text\">\n        En estos momentos est\u00e1n activos un total de once incendios, en concreto los de Agolada-O Sexo, con 300 hect\u00e1reas quemadas y el de Toques, con 200, en las provincias de Pontevedra y de A Coru\u00f1a, respectivamente, y ambas tambi\u00e9n con situaci\u00f3n 2.\n    <\/p>\n<p class=\"article-text\">\n        En Maceda (Santiso y Castro de Escuadro, que tambi\u00e9n se unieron) son 2.500 las hect\u00e1reas afectadas; mientras que en O\u00edmbra-A Granxa se elevan ya a 10.000; en A Mezquita-A Esculqueira, a 9.000 hect\u00e1reas y en Vilardev\u00f3s-Vilar de Cervos, a 700 hect\u00e1reas.\n    <\/p>\n<p>    <a href=\"https:\/\/www.eldiario.es\/galicia\/112-envia-alerta-moviles-ourense-pedir-poblacion-confine_1_12537542.html\" data-mrf-recirculation=\"saber-mas-abajo\" data-dl-event=\"saber-mas-abajo\" rel=\"nofollow noopener\" target=\"_blank\"><\/p>\n<p class=\"know-more__title\">El 112 env\u00eda una alerta a m\u00f3viles en Ourense y Lugo para pedir a la poblaci\u00f3n que se confine<\/p>\n<p>            <img decoding=\"async\" class=\"lazy\" loading=\"lazy\" data-src=\"https:\/\/static.eldiario.es\/clip\/aa8096d3-70a4-4504-91b9-1e5bba512e95_16-9-aspect-ratio_default_0.jpg\" src=\"data:image\/svg+xml,%3Csvg xmlns=\" http:=\"\" viewbox=\"0 0 880 495\" alt=\"El 112 env\u00eda una alerta a m\u00f3viles en Ourense y Lugo para pedir a la poblaci\u00f3n que se confine\"\/><\/p>\n<p>                        <\/a><\/p>\n<p class=\"article-text\">\n        En Vilardev\u00f3s-Moialde son 100; Vilardev\u00f3s-Fumaces y A Trepa (50), Larouco-Seadur (1.500 hect\u00e1reas) y Mux\u00eda-Nosa Se\u00f1ora da O (20 hect\u00e1reas). Est\u00e1n estabilizados los fuegos de Ourense-Seixalbo (100 hect\u00e1reas), Montederramo-Paredes (120) y Doz\u00f3n-O Castro (400 hect\u00e1reas)y permanecen controlados A Fonsagrada-Monteseiro (150 hect\u00e1reas), Ver\u00edn-Mourazos (nueve hect\u00e1reas) y A Estrada- Souto (20).\n    <\/p>\n<p>                                    <script async src=\"https:\/\/platform.twitter.com\/widgets.js\" charset=\"utf-8\"><\/script><\/p>\n","protected":false},"excerpt":{"rendered":"El incendio de Chandrexa de Queixa, en Ourense, ya es el m\u00e1s grande de la historia de Galicia&hellip;\n","protected":false},"author":2,"featured_media":50477,"comment_status":"","ping_status":"","sticky":false,"template":"","format":"standard","meta":{"footnotes":""},"categories":[8],"tags":[517,1705,17,18,25,24,13,14,816,11,7386,19,20,7318,9,10,15,16,1925,7387,1146,23,12,21,22],"class_list":{"0":"post-50476","1":"post","2":"type-post","3":"status-publish","4":"format-standard","5":"has-post-thumbnail","7":"category-espana","8":"tag-actualidad","9":"tag-analisis","10":"tag-breaking-news","11":"tag-breakingnews","12":"tag-es","13":"tag-espana","14":"tag-featured-news","15":"tag-featurednews","16":"tag-galicia","17":"tag-headlines","18":"tag-la-coruna","19":"tag-latest-news","20":"tag-latestnews","21":"tag-lugo","22":"tag-news","23":"tag-noticias","24":"tag-noticias-destacadas","25":"tag-noticiasdestacadas","26":"tag-opinion","27":"tag-orense","28":"tag-pontevedra","29":"tag-spain","30":"tag-titulares","31":"tag-ultimas-noticias","32":"tag-ultimasnoticias"},"share_on_mastodon":{"url":"","error":""},"_links":{"self":[{"href":"https:\/\/www.europesays.com\/es\/wp-json\/wp\/v2\/posts\/50476","targetHints":{"allow":["GET"]}}],"collection":[{"href":"https:\/\/www.europesays.com\/es\/wp-json\/wp\/v2\/posts"}],"about":[{"href":"https:\/\/www.europesays.com\/es\/wp-json\/wp\/v2\/types\/post"}],"author":[{"embeddable":true,"href":"https:\/\/www.europesays.com\/es\/wp-json\/wp\/v2\/users\/2"}],"replies":[{"embeddable":true,"href":"https:\/\/www.europesays.com\/es\/wp-json\/wp\/v2\/comments?post=50476"}],"version-history":[{"count":0,"href":"https:\/\/www.europesays.com\/es\/wp-json\/wp\/v2\/posts\/50476\/revisions"}],"wp:featuredmedia":[{"embeddable":true,"href":"https:\/\/www.europesays.com\/es\/wp-json\/wp\/v2\/media\/50477"}],"wp:attachment":[{"href":"https:\/\/www.europesays.com\/es\/wp-json\/wp\/v2\/media?parent=50476"}],"wp:term":[{"taxonomy":"category","embeddable":true,"href":"https:\/\/www.europesays.com\/es\/wp-json\/wp\/v2\/categories?post=50476"},{"taxonomy":"post_tag","embeddable":true,"href":"https:\/\/www.europesays.com\/es\/wp-json\/wp\/v2\/tags?post=50476"}],"curies":[{"name":"wp","href":"https:\/\/api.w.org\/{rel}","templated":true}]}}