{"id":50478,"date":"2025-08-16T02:24:15","date_gmt":"2025-08-16T02:24:15","guid":{"rendered":"https:\/\/www.europesays.com\/es\/50478\/"},"modified":"2025-08-16T02:24:15","modified_gmt":"2025-08-16T02:24:15","slug":"evacuacion-en-el-payo-salamanca-por-el-empeoramiento-del-incendio","status":"publish","type":"post","link":"https:\/\/www.europesays.com\/es\/50478\/","title":{"rendered":"Evacuaci\u00f3n en El Payo (Salamanca) por el empeoramiento del incendio"},"content":{"rendered":"<p>Salamanca (EFE).- La poblaci\u00f3n de El Payo, en Salamanca, ha sido evacuada esta tarde por el empeoramiento del incendio declarado este viernes en un paraje cercano a la localidad, uno de los cinco grandes fuegos que asfixian la provincia, tres de nivel 2 y dos de nivel 1.<\/p>\n<p>Los residentes de El Payo ser\u00e1n ubicados en el pabell\u00f3n municipal de la localidad de Robleda, y se han puesto dos autobuses a disposici\u00f3n de quien lo necesite, seg\u00fan ha informado la Guardia Civil en su cuenta oficial de Instagram.<\/p>\n<p>Adem\u00e1s, tras observar en redes sociales la difusi\u00f3n de una supuesta explosi\u00f3n de combustible gaseoso en la f\u00e1brica de obleas de Cip\u00e9rez, donde se ha declarado un incendio en San Crist\u00f3bal de los Mochuelos, han asegurado que es totalmente falso y han llamando a informarse por sus canales oficiales o el 112.<\/p>\n<p>Estos dos incendios han obligado a cortar las carreteras DSA-370, del km 0 al 4, a su paso por El Payo; la DSA-433 del km 0 al 9 a su paso por Cip\u00e9rez y la CL-517 a la altura del km 50 por el humo que cruza la carretera, todo ello como consecuencia de la evoluci\u00f3n de los incendios, por la acci\u00f3n de potentes rachas de viento.<\/p>\n<p>Situaci\u00f3n extrema<\/p>\n<p>La provincia de Salamanca ha entrado en situaci\u00f3n extrema esta tarde con cinco grandes incendios al mismo tiempo, tres de nivel 2 y dos de nivel 1, en San Crist\u00f3bal de los Mochuelos, El Payo, La Sagrada, La Alberca y Corral de Garci\u00f1igo.<\/p>\n<p>El que m\u00e1s preocupa ahora mismo es el de San Crist\u00f3bal de los Mochuelos (Cip\u00e9rez), de nivel 2 en el \u00edndice de gravedad potencial, porque puede comportar grave riesgo para la poblaci\u00f3n y bienes no forestales, y en el que trabajan diecinueve medios, seg\u00fan la informaci\u00f3n de la web de la Consejer\u00eda de Medio Ambiente.<\/p>\n<p>En el de El Payo (Robleda) trabajan ahora 34 medios, y La Sagrada (Ciudad Rodrigo), tambi\u00e9n originado hoy y en el que se emplean cinco medios. Ambos son de nivel 2.<\/p>\n<p>Hoy tambi\u00e9n se declar\u00f3 otro, de nivel 1, en Corral de Garci\u00f1igo (Guijuelo), en el que trabajan 3 medios, y por la ma\u00f1ana ha bajado a nivel 1 el fuego declarado en La Alberca, donde hay 10 medios.<\/p>\n<p>Este fuego, que surgi\u00f3 el martes por la noche con nivel cero, se reactiv\u00f3 el jueves en nivel 2, algo que el alcalde ha denunciado que se podr\u00eda haber evitado si hubiera habido vigilancia nocturna.<\/p>\n<p>1.500 evacuados y dos heridos <\/p>\n<p>Unas 1.500 personas, incluidos los usuarios de una residencia de mayores, han sido evacuadas por el incendio en El Payo (Salamanca), mientras que al menos dos han resultado heridas en otros fuegos de gravedad que registra hoy la provincia.<\/p>\n<p>El alcalde de El Payo, Agapito Pascual Silva, ha explicado a EFE que, aunque la localidad tiene unos 300 habitantes, ahora mismo se encuentran all\u00ed unos 1.500 debido al puente festivo.<\/p>\n<p>Los que no han sido reubicados con familiares o amigos de otras localidades han sido trasladados a pabellones en Robleda y Fuenteginaldo, mientras que los usuarios de su residencia de mayores han sido evacuados a una residencia de la Diputaci\u00f3n en Ciudad Rodrigo.<\/p>\n<p>En los otros fuegos que queman la provincia esta tarde se han registrado dos heridos: un hombre de 61 a\u00f1os que se ha quemado los brazos en la carretera de Vitigudino y un bombero que se encontraba mal en Cip\u00e9rez, ambos en condici\u00f3n leve.<\/p>\n<p>Estos incendios han obligado a cortar las carreteras DSA-370, del km 0 al 4, a su paso por El Payo; la DSA-433 del km 0 al 9 a su paso por Cip\u00e9rez y la CL-517 a la altura del km 50 por el humo que cruza la carretera, todo ello como consecuencia de la evoluci\u00f3n de su evoluci\u00f3n, por la acci\u00f3n de potentes rachas de viento.<\/p>\n","protected":false},"excerpt":{"rendered":"Salamanca (EFE).- La poblaci\u00f3n de El Payo, en Salamanca, ha sido evacuada esta tarde por el empeoramiento del&hellip;\n","protected":false},"author":2,"featured_media":50479,"comment_status":"","ping_status":"","sticky":false,"template":"","format":"standard","meta":{"footnotes":""},"categories":[5],"tags":[17,18,25,24,13,14,11,4342,19,20,9,10,15,16,23,12,21,22],"class_list":{"0":"post-50478","1":"post","2":"type-post","3":"status-publish","4":"format-standard","5":"has-post-thumbnail","7":"category-titulares","8":"tag-breaking-news","9":"tag-breakingnews","10":"tag-es","11":"tag-espana","12":"tag-featured-news","13":"tag-featurednews","14":"tag-headlines","15":"tag-incendios","16":"tag-latest-news","17":"tag-latestnews","18":"tag-news","19":"tag-noticias","20":"tag-noticias-destacadas","21":"tag-noticiasdestacadas","22":"tag-spain","23":"tag-titulares","24":"tag-ultimas-noticias","25":"tag-ultimasnoticias"},"share_on_mastodon":{"url":"","error":""},"_links":{"self":[{"href":"https:\/\/www.europesays.com\/es\/wp-json\/wp\/v2\/posts\/50478","targetHints":{"allow":["GET"]}}],"collection":[{"href":"https:\/\/www.europesays.com\/es\/wp-json\/wp\/v2\/posts"}],"about":[{"href":"https:\/\/www.europesays.com\/es\/wp-json\/wp\/v2\/types\/post"}],"author":[{"embeddable":true,"href":"https:\/\/www.europesays.com\/es\/wp-json\/wp\/v2\/users\/2"}],"replies":[{"embeddable":true,"href":"https:\/\/www.europesays.com\/es\/wp-json\/wp\/v2\/comments?post=50478"}],"version-history":[{"count":0,"href":"https:\/\/www.europesays.com\/es\/wp-json\/wp\/v2\/posts\/50478\/revisions"}],"wp:featuredmedia":[{"embeddable":true,"href":"https:\/\/www.europesays.com\/es\/wp-json\/wp\/v2\/media\/50479"}],"wp:attachment":[{"href":"https:\/\/www.europesays.com\/es\/wp-json\/wp\/v2\/media?parent=50478"}],"wp:term":[{"taxonomy":"category","embeddable":true,"href":"https:\/\/www.europesays.com\/es\/wp-json\/wp\/v2\/categories?post=50478"},{"taxonomy":"post_tag","embeddable":true,"href":"https:\/\/www.europesays.com\/es\/wp-json\/wp\/v2\/tags?post=50478"}],"curies":[{"name":"wp","href":"https:\/\/api.w.org\/{rel}","templated":true}]}}