{"id":504786,"date":"2026-04-18T15:53:14","date_gmt":"2026-04-18T15:53:14","guid":{"rendered":"https:\/\/www.europesays.com\/es\/504786\/"},"modified":"2026-04-18T15:53:14","modified_gmt":"2026-04-18T15:53:14","slug":"que-le-pasa-a-tu-salud-si-todos-los-dias-tomas-una-taza-de-cafe","status":"publish","type":"post","link":"https:\/\/www.europesays.com\/es\/504786\/","title":{"rendered":"\u00bfQu\u00e9 le pasa a tu salud si todos los d\u00edas tomas una taza de caf\u00e9?"},"content":{"rendered":"\n<p>Muchas personas alrededor del mundo inician su d\u00eda tomando una <strong>taza <\/strong>de <strong>caf\u00e9<\/strong>, pero la mayor\u00eda ignora los beneficios que aporta esta <strong>bebida <\/strong>a su <strong>salud<\/strong>, hoy te los contamos.<\/p>\n<p>La evidencia actual, recopilada en decenas de estudios con millones de participantes, ha cambiado radicalmente la percepci\u00f3n sobre esta <strong>bebida<\/strong>.\u00a0<\/p>\n<p>  Esto le pasa a tu <strong>salud <\/strong>si tomas una taza de <strong>caf\u00e9 <\/strong>todos los d\u00edas <\/p>\n<p>Organizaciones como los <a href=\"https:\/\/salud.nih.gov\/\" target=\"_blank\" rel=\"nofollow noopener\">Institutos Nacionales de Salud (NIH) de Estados Unidos<\/a> han documentado que el consumo moderado de caf\u00e9 \u2014entre 1 y 4 tazas al d\u00eda\u2014 se asocia con diferentes <strong>beneficios <\/strong>para la <strong>salud<\/strong>:<\/p>\n<p>Uno de los hallazgos m\u00e1s contundentes de la investigaci\u00f3n sobre el caf\u00e9 es su asociaci\u00f3n con una mayor esperanza de vida. Un <a href=\"https:\/\/pmc.ncbi.nlm.nih.gov\/articles\/PMC12348139\/\" target=\"_blank\" rel=\"nofollow noopener\">metaan\u00e1lisis<\/a>\u00a0que incluy\u00f3 40 estudios y casi 4 millones de personas encontr\u00f3 que el riesgo m\u00e1s bajo de muerte por cualquier causa se observa en quienes consumen 3.5 tazas diarias, lo que representa una reducci\u00f3n del 15% en la mortalidad.<\/p>\n<p>Un <a href=\"https:\/\/pmc.ncbi.nlm.nih.gov\/articles\/PMC11493900\/\" target=\"_blank\" rel=\"nofollow noopener\">metaan\u00e1lisis<\/a>\u00a0de 36 estudios con casi 1.3 millones de participantes revel\u00f3 que quienes consumen de 3 a 5 tazas diarias tienen un 15% menos de riesgo de enfermedad cardiovascular, incluyendo enfermedad coronaria y accidente cerebrovascular.<\/p>\n<p>  El caf\u00e9 protege tu coraz\u00f3n. (Foto: Canva)  <\/p>\n<ul>\n<li>Mantiene a tu cerebro despierto<\/li>\n<\/ul>\n<p>El <strong>caf\u00e9 <\/strong>no solo beneficia al cuerpo, tambi\u00e9n protege al cerebro. Estudios longitudinales han encontrado que el consumo regular de caf\u00e9 se asocia con un menor riesgo de desarrollar enfermedades neurodegenerativas como el Alzheimer y el Parkinson.<\/p>\n<ul>\n<li>Reduce la probabilidad de diabetes\u00a0<\/li>\n<\/ul>\n<p>Uno de los beneficios m\u00e1s s\u00f3lidamente documentados del caf\u00e9 es su efecto protector contra la <strong>diabetes tipo 2<\/strong>. Un metaan\u00e1lisis de estudios observacionales encontr\u00f3 que los bebedores regulares de caf\u00e9 tienen una reducci\u00f3n del 29% en el riesgo de desarrollar diabetes tipo 2 en comparaci\u00f3n con quienes no lo consumen. <\/p>\n<p> Uno de los beneficios m\u00e1s s\u00f3lidamente documentados del caf\u00e9 es su efecto protector contra la diabetes tipo 2. (Foto: Canva)  <\/p>\n<ul>\n<li>Es una defensa contra ciertos tipos de c\u00e1ncer<\/li>\n<\/ul>\n<p>En 2016, la Agencia Internacional para la <a href=\"https:\/\/pmc.ncbi.nlm.nih.gov\/articles\/PMC12348139\/\" target=\"_blank\" rel=\"nofollow noopener\">Investigaci\u00f3n del C\u00e1ncer (IARC) de la Organizaci\u00f3n Mundial de la Salud<\/a> concluy\u00f3 que el <strong>caf\u00e9 <\/strong>no es clasificable como carcin\u00f3geno para los humanos y que, de hecho, podr\u00eda reducir el riesgo de ciertos tipos de <strong>c\u00e1ncer<\/strong>. <\/p>\n<p>La evidencia m\u00e1s s\u00f3lida se ha encontrado para el c\u00e1ncer de h\u00edgado: un metaan\u00e1lisis de 18 estudios mostr\u00f3 que el consumo de caf\u00e9 se asocia con un riesgo sustancialmente menor de carcinoma hepatocelular. Tambi\u00e9n se ha documentado una reducci\u00f3n del 13% en el riesgo de c\u00e1ncer endometrial, con una relaci\u00f3n dosis-dependiente (a m\u00e1s caf\u00e9, menor riesgo). Estos efectos protectores se atribuyen a las propiedades antioxidantes y antiinflamatorias de los compuestos del <strong>caf\u00e9<\/strong>. <\/p>\n<p>Para enterarte de toda la informaci\u00f3n que necesitas sobre salud y bienestar s\u00edguenos en\u00a0<a href=\"https:\/\/www.facebook.com\/sumedicoportalsalud?_rdc=2&amp;_rdr#\" target=\"_blank\" rel=\"nofollow noopener\">Facebook<\/a>\u00a0y\u00a0<a href=\"https:\/\/www.tiktok.com\/@sumedicolsr\" target=\"_blank\" rel=\"nofollow noopener\">TikTok<\/a>.  <\/p>\n<p> <script async src=\"\/\/www.tiktok.com\/embed.js\"><\/script><\/p>\n","protected":false},"excerpt":{"rendered":"Muchas personas alrededor del mundo inician su d\u00eda tomando una taza de caf\u00e9, pero la mayor\u00eda ignora los&hellip;\n","protected":false},"author":2,"featured_media":504787,"comment_status":"","ping_status":"","sticky":false,"template":"","format":"standard","meta":{"footnotes":""},"categories":[92],"tags":[6185,25,24,165,166,23,100970],"class_list":["post-504786","post","type-post","status-publish","format-standard","has-post-thumbnail","category-salud","tag-cafe","tag-es","tag-espana","tag-health","tag-salud","tag-spain","tag-tomar-cafe"],"share_on_mastodon":{"url":"https:\/\/pubeurope.com\/@es\/116426519859959445","error":""},"_links":{"self":[{"href":"https:\/\/www.europesays.com\/es\/wp-json\/wp\/v2\/posts\/504786","targetHints":{"allow":["GET"]}}],"collection":[{"href":"https:\/\/www.europesays.com\/es\/wp-json\/wp\/v2\/posts"}],"about":[{"href":"https:\/\/www.europesays.com\/es\/wp-json\/wp\/v2\/types\/post"}],"author":[{"embeddable":true,"href":"https:\/\/www.europesays.com\/es\/wp-json\/wp\/v2\/users\/2"}],"replies":[{"embeddable":true,"href":"https:\/\/www.europesays.com\/es\/wp-json\/wp\/v2\/comments?post=504786"}],"version-history":[{"count":0,"href":"https:\/\/www.europesays.com\/es\/wp-json\/wp\/v2\/posts\/504786\/revisions"}],"wp:featuredmedia":[{"embeddable":true,"href":"https:\/\/www.europesays.com\/es\/wp-json\/wp\/v2\/media\/504787"}],"wp:attachment":[{"href":"https:\/\/www.europesays.com\/es\/wp-json\/wp\/v2\/media?parent=504786"}],"wp:term":[{"taxonomy":"category","embeddable":true,"href":"https:\/\/www.europesays.com\/es\/wp-json\/wp\/v2\/categories?post=504786"},{"taxonomy":"post_tag","embeddable":true,"href":"https:\/\/www.europesays.com\/es\/wp-json\/wp\/v2\/tags?post=504786"}],"curies":[{"name":"wp","href":"https:\/\/api.w.org\/{rel}","templated":true}]}}