{"id":5048,"date":"2025-07-26T16:40:31","date_gmt":"2025-07-26T16:40:31","guid":{"rendered":"https:\/\/www.europesays.com\/es\/5048\/"},"modified":"2025-07-26T16:40:31","modified_gmt":"2025-07-26T16:40:31","slug":"la-enfermedad-ya-le-impide-hablar-leer-y-caminar","status":"publish","type":"post","link":"https:\/\/www.europesays.com\/es\/5048\/","title":{"rendered":"la enfermedad ya le impide hablar, leer y caminar"},"content":{"rendered":"<p id=\"eyWN9Al5jY\" data-wc=\"90\">El mundo del cine vive con tristeza <strong>el progresivo deterioro de Bruce Willis,\u00a0<\/strong>uno de los actores m\u00e1s queridos de Hollywood. A <a class=\"hm-link\" href=\"https:\/\/www.hola.com\/actualidad\/20250319821066\/bruce-willis-cumple-70-anos-mientras-lucha-contra-la-demencia\/\" data-mrf-recirculation=\"article-body-link\" rel=\"nofollow noopener\" target=\"_blank\">sus 70 a\u00f1os<\/a>, el int\u00e9rprete de pel\u00edculas ic\u00f3nicas como Pulp Fiction, El quinto elemento o La jungla de cristal\u00a0enfrenta los embates de una enfermedad neurodegenerativa devastadora: <strong>la demencia frontotemporal (DFT)<\/strong>. En las \u00faltimas semanas, varios medios estadounidenses han informado que el actor <strong>ya no puede hablar, leer ni caminar por s\u00ed solo,<\/strong> y que su condici\u00f3n f\u00edsica se ha agravado de forma considerable en los \u00faltimos tiempos.<\/p>\n<p> <img src=\"https:\/\/www.europesays.com\/es\/wp-content\/uploads\/2025\/07\/98d31ae64748-emma.jpg\"   width=\"1024\" height=\"576\" loading=\"lazy\" decoding=\"async\" alt=\"Media Image\" fetchpriority=\"auto\" class=\"image ho-image\"\/>\u00a9 emmahemingwillis<\/p>\n<p> <img src=\"https:\/\/www.europesays.com\/es\/wp-content\/uploads\/2025\/07\/b90e9cef6c24-gettyimages-2173528200.jpg\"   width=\"974\" height=\"1024\" loading=\"lazy\" decoding=\"async\" alt=\"Bruce Willis\" fetchpriority=\"auto\" class=\"image ho-image\"\/>\u00a9 Getty Images<\/p>\n<p id=\"ej4d8btuxlR\" data-wc=\"106\">El avance de la enfermedad ha sido r\u00e1pido y profundamente incapacitante, seg\u00fan testimonios de personas cercanas al entorno de Bruce Willis. Uno de ellos es <strong>Glenn Gordon Caron,\u00a0<\/strong>creador de la emblem\u00e1tica serie Luz de luna, con la que Willis triunf\u00f3 en los ochenta junto a Cybill Shepherd. Este \u00a0lo visit\u00f3 recientemente y revel\u00f3 que el actor <strong>\u201cya no se comunica con palabras\u201d.\u00a0<\/strong>Sus declaraciones, recogidas de Page Six, reflejan la p\u00e9rdida de capacidad para mantener conversaciones fluidas, una de las grandes habilidades del actor tanto dentro como fuera de pantalla. Y es que con su don de palabra, se met\u00eda al p\u00fablico en el bolsillo<\/p>\n<p>El deterioro cognitivo va m\u00e1s all\u00e1 del lenguaje<\/p>\n<p id=\"eWCu121CRwY\" data-wc=\"63\">Seg\u00fan estas mismas fuentes, <strong>Bruce ya no puede leer ni escribir, actividades que antes le produc\u00edan gran placer, especialmente la lectura<\/strong>, que sol\u00eda ser uno de sus refugios cotidianos. Esta p\u00e9rdida paulatina de sus facultades b\u00e1sica subraya la crueldad de la demencia frontotemporal, una enfermedad que no solo borra la voz, sino tambi\u00e9n los peque\u00f1os rituales que conforman la identidad de una persona.<\/p>\n<p> <img src=\"https:\/\/www.europesays.com\/es\/wp-content\/uploads\/2025\/07\/3cb838860d91-gettyimages-2205145346.jpg\"   width=\"1024\" height=\"650\" loading=\"lazy\" decoding=\"async\" alt=\"Bruce Willis y Emma Heming\" fetchpriority=\"auto\" class=\"image ho-image\"\/>\u00a9 Getty Images<\/p>\n<p> <img src=\"https:\/\/www.europesays.com\/es\/wp-content\/uploads\/2025\/07\/d4c358b4e21b-family-support-thank-you-demi.jpg\"   width=\"819\" height=\"1024\" loading=\"lazy\" decoding=\"async\" alt=\"Demi Moore con Bruce Willis sentados en un sof\u00e1\" fetchpriority=\"auto\" class=\"image ho-image\"\/>\u00a9 brucewillisbw<\/p>\n<p id=\"eYy6-Xt0zvy\" data-wc=\"62\">Willis pasa sus d\u00edas en su residencia de Brentwood, California, bajo cuidados constantes de su familia, que no se separa de \u00e9l. Su esposa, la modelo Emma Heming, se ha convertido en su principal cuidadora, mientras que su expareja Demi Moore y sus cinco hijas \u2014Rumer, Scout, Tallulah, Mabel y Evelyn\u2014 se han volcado en acompa\u00f1arlo en esta nueva etapa de vida.<\/p>\n<p>\u00bfQu\u00e9 es la demencia frontotemporal?<\/p>\n<p id=\"ePQSKISU7fj\" data-wc=\"93\">La demencia frontotemporal es una enfermedad que afecta las regiones del cerebro responsables del lenguaje, la personalidad y la conducta social. A diferencia del Alzheimer, suele manifestarse antes de los 65 a\u00f1os y tiene una evoluci\u00f3n r\u00e1pida. Los s\u00edntomas iniciales incluyen cambios de humor, dificultad para comunicarse y p\u00e9rdida progresiva de habilidades cognitivas. En el caso de <strong>Bruce Willis, los primeros signos se atribuyeron a una afasia, trastorno del lenguaje que fue anunciado en marzo de 2022 por su famili<\/strong>a. Sin embargo, <strong>en febrero de 2023 se confirm\u00f3 el diagn\u00f3stico definitivo: demencia frontotempo<\/strong><strong>ral.<\/strong><\/p>\n<p id=\"eTkLfI7Jlp_\" data-wc=\"75\">Seg\u00fan la Asociaci\u00f3n de la Afasia, la DFT no tiene cura. Los tratamientos se centran en cuidados paliativos, terapias ocupacionales y apoyo psicol\u00f3gico tanto para el paciente como para sus seres queridos. Emma Heming ha declarado p\u00fablicamente que se esfuerza por \u201cmantener la dignidad y alegr\u00eda\u201d de su marido en esta etapa, mientras que sus hijas han compartido que la m\u00fasica y las actividades sensoriales se han convertido en formas de seguir conectando con \u00e9l.<\/p>\n<p>Una familia que cuida y visibiliza<\/p>\n<p id=\"ehDWq9TDAsW\" data-wc=\"61\">Una de sus \u00faltimas apariciones p\u00fablicas fue el pasado mes de junio, durante el cumplea\u00f1os de su esposa Emma Heming, en una reuni\u00f3n familiar \u00edntima. Las im\u00e1genes, <a class=\"hm-link\" href=\"https:\/\/www.hola.com\/actualidad\/20250623839807\/tallulah-willis-hija-bruce-willis-fotografias-abuela-familia-reencuentro\/\" data-mrf-recirculation=\"article-body-link\" rel=\"nofollow noopener\" target=\"_blank\">compartidas por su hija Tallulah Willis<\/a> en su cuenta de Instagram, muestran a Bruce rodeado de sus seres queridos, tom\u00e1ndole la mano a su hija y compartiendo sonrisas en un ambiente c\u00e1lido y emotivo.\u00a0<\/p>\n<p> <img src=\"https:\/\/www.europesays.com\/es\/wp-content\/uploads\/2025\/07\/194b0c626b4e-sunday-funday-at-grams-grateful-.jpg\"   width=\"1024\" height=\"1023\" loading=\"lazy\" decoding=\"async\" alt=\"Bruce Willis y su hija Tallulah\" fetchpriority=\"auto\" class=\"image ho-image\"\/>\u00a9 buuski<\/p>\n<p> <img src=\"https:\/\/www.europesays.com\/es\/wp-content\/uploads\/2025\/07\/24423f424aa5-sunday-funday-at-grams-grateful-1.jpg\"   width=\"1024\" height=\"1023\" loading=\"lazy\" decoding=\"async\" alt=\"Bruce Willis y su hija Tallulah\" fetchpriority=\"auto\" class=\"image ho-image\"\/>\u00a9 buuski<\/p>\n<p id=\"e_5wlomJzSv\" data-wc=\"102\">Y es que, desde que se hizo p\u00fablico el diagn\u00f3stico, la familia Willis ha adoptado una actitud abierta y reflexiva frente a la enfermedad. Emma Heming ha colaborado con la Asociaci\u00f3n de Demencia Frontotemporal y ha utilizado sus redes sociales para generar conciencia sobre esta condici\u00f3n, compartiendo experiencias personales, recursos de apoyo y reflexiones sobre el cuidado de personas con este tipo de padecimientos. En sus propias palabras: \u201cSin importar tu edad, tus h\u00e1bitos diarios realmente suman. As\u00ed que #DedicaTiempo a tu cerebro. Un poco de apoyo extra hoy puede marcar una gran diferencia ma\u00f1ana\u00bb, ha escrito en sus redes sociales recientemente.\u00a0<\/p>\n<p> <img src=\"https:\/\/www.europesays.com\/es\/wp-content\/uploads\/2025\/07\/633b0f5eb6fd-saveclipapp522667439180754356624860869187347604605232331n.jpg\"   width=\"576\" height=\"1024\" loading=\"lazy\" decoding=\"async\" alt=\"Media Image\" fetchpriority=\"auto\" class=\"image ho-image\"\/>\u00a9 Emma Heming Willis<\/p>\n<p id=\"eZeOfdaq4cr\" data-wc=\"99\">Adem\u00e1s, el pr\u00f3ximo 9 de septiembre, Emma publicar\u00e1 su primer libro: The Unexpected Journey: Finding Strength, Hope, and Yourself on the Caregiving Path, una gu\u00eda personal y pr\u00e1ctica para cuidadores, basada en su experiencia junto a su marido Bruce Willis. El libro busca ofrecer apoyo emocional, consejos m\u00e9dicos y herramientas para quienes enfrentan el desaf\u00edo de cuidar a un ser querido con demencia. <strong>\u00abEscrib\u00ed el libro que desear\u00eda que alguien hubiera puesto en mis manos el d\u00eda que recibimos el diagn\u00f3stico\u00bb.<\/strong> Una frase que ha escogido su autora para decorar la contraportada del libro y que es especialmente significativa.<\/p>\n<p> <img src=\"https:\/\/www.europesays.com\/es\/wp-content\/uploads\/2025\/07\/ab32479ca138-im-honored-to-share-the-cover-of-my-first-book-the-unexpected-journey-finding.jpg\"   width=\"819\" height=\"1024\" loading=\"lazy\" decoding=\"async\" alt=\"Emma Heming y Bruce Willis\" fetchpriority=\"auto\" class=\"image ho-image\"\/>\u00a9 emmahemingwillis<\/p>\n<p> <img src=\"https:\/\/www.europesays.com\/es\/wp-content\/uploads\/2025\/07\/22020824895d-saveclipapp489891412184988219380427263128958474097578028n.jpg\"   width=\"819\" height=\"1024\" loading=\"lazy\" decoding=\"async\" alt=\"Media Image\" fetchpriority=\"auto\" class=\"image ho-image\"\/>\u00a9 Emma Heming Willis<\/p>\n<p> <img src=\"https:\/\/www.europesays.com\/es\/wp-content\/uploads\/2025\/07\/4efed4a5544b-today-is-hard-i-feel-a-deep-ache-in-my-chest-to-talk-to-you-and-tell-you-everyt.jpg\"   width=\"1024\" height=\"681\" loading=\"lazy\" decoding=\"async\" alt=\"Media Image\" fetchpriority=\"auto\" class=\"image ho-image\"\/>\u00a9 rumerwillis<\/p>\n<p> <img src=\"https:\/\/www.europesays.com\/es\/wp-content\/uploads\/2025\/07\/7fc60c34477e-happy-fathers-day-to-our-favorite-girl-dad-we-love-you-bw.jpg\"   width=\"821\" height=\"1024\" loading=\"lazy\" decoding=\"async\" alt=\"Media Image\" fetchpriority=\"auto\" class=\"image ho-image\"\/>\u00a9 rumerwillis<\/p>\n<p id=\"epuI1WzTzco\" data-wc=\"96\">Por su parte, Demi Moore, exmujer del actor y con el que siempre mantuvo una extraordinaria relaci\u00f3n, ha retomado una cercan\u00eda familiar con el actor, tambi\u00e9n acude con asiduidad a la residencia de Brentwood, y apoya en los cuidados que necesita el actor. <strong>La hija mayor del acto<\/strong>r, <strong>Rumer Willis,\u00a0<\/strong>tambi\u00e9n ha hablado p\u00fablicamente del <a class=\"hm-link\" href=\"https:\/\/www.hola.com\/actualidad\/20250616838374\/la-hija-mayor-de-bruce-willis-reflexiona-con-emocion-sobre-la-enfermedad-de-su-padre-ojala-te-hubiera-hecho-mas-preguntas\/\" data-mrf-recirculation=\"article-body-link\" rel=\"nofollow noopener\" target=\"_blank\">dif\u00edcil proceso que est\u00e1 viviendo la familia<\/a> y lo duro que est\u00e1 siendo ver a su padre transformarse en otra persona. A la vez que ha agradecido a los fans el respeto y el cari\u00f1o que est\u00e1n mostrando hacia su progenitor.<\/p>\n<p>El adi\u00f3s a los focos, pero no al legado<\/p>\n<p id=\"eeVCXPri-EG\" data-wc=\"74\">La \u00faltima aparici\u00f3n cinematogr\u00e1fica de Bruce Willis fue en Detective Knight: Independence (2023), cinta que se convirti\u00f3 de manera no oficial en <a class=\"hm-link\" href=\"https:\/\/www.hola.com\/actualidad\/20250609837010\/emma-heming-cuenta-la-verdad-sobre-los-ultimos-rodajes-de-bruce-willis-ya-con-sintomas-de-demencia-pinganillo-trucos\/\" data-mrf-recirculation=\"article-body-link\" rel=\"nofollow noopener\" target=\"_blank\">su despedida del cine.<\/a> Durante el rodaje, <strong>s<\/strong><strong>us escenas se simplificaron para adaptarse a sus limitaciones<\/strong> cognitivas. Desde entonces, su retiro es total, y los estudios de Hollywood han expresado mensajes de apoyo. Compa\u00f1eros profesi\u00f3n le recuerdad como \u00abun buen tipo\u00bb, que ha dejado una huella imborrable en la industria del entretenimiento.<\/p>\n<p> <img src=\"https:\/\/www.europesays.com\/es\/wp-content\/uploads\/2025\/07\/bf086e69a49c-gettyimages-2205145466.jpg\"   width=\"1024\" height=\"793\" loading=\"lazy\" decoding=\"async\" alt=\"Bruce Willis\" fetchpriority=\"auto\" class=\"image ho-image\"\/>\u00a9 Getty Images<\/p>\n<p id=\"ehJM9YA4mr3\" data-wc=\"45\">Pese a su ausencia en la gran pantalla, el legado de Willis permanece intacto. Su filmograf\u00eda es celebrada por millones de seguidores, y su lucha, aunque silencios, visibiliza una enfermedad todav\u00eda poco comprendida que no solo es devastadora para el paciente, tambi\u00e9n para su familia.<\/p>\n","protected":false},"excerpt":{"rendered":"El mundo del cine vive con tristeza el progresivo deterioro de Bruce Willis,\u00a0uno de los actores m\u00e1s queridos&hellip;\n","protected":false},"author":2,"featured_media":5049,"comment_status":"","ping_status":"","sticky":false,"template":"","format":"standard","meta":{"footnotes":""},"categories":[174],"tags":[517,4489,255,4490,4488,146,147,25,24,256,23],"class_list":{"0":"post-5048","1":"post","2":"type-post","3":"status-publish","4":"format-standard","5":"has-post-thumbnail","7":"category-famosos","8":"tag-actualidad","9":"tag-bruce-willis","10":"tag-celebrities","11":"tag-demi-moore","12":"tag-emma-heming","13":"tag-entertainment","14":"tag-entretenimiento","15":"tag-es","16":"tag-espana","17":"tag-famosos","18":"tag-spain"},"share_on_mastodon":{"url":"","error":""},"_links":{"self":[{"href":"https:\/\/www.europesays.com\/es\/wp-json\/wp\/v2\/posts\/5048","targetHints":{"allow":["GET"]}}],"collection":[{"href":"https:\/\/www.europesays.com\/es\/wp-json\/wp\/v2\/posts"}],"about":[{"href":"https:\/\/www.europesays.com\/es\/wp-json\/wp\/v2\/types\/post"}],"author":[{"embeddable":true,"href":"https:\/\/www.europesays.com\/es\/wp-json\/wp\/v2\/users\/2"}],"replies":[{"embeddable":true,"href":"https:\/\/www.europesays.com\/es\/wp-json\/wp\/v2\/comments?post=5048"}],"version-history":[{"count":0,"href":"https:\/\/www.europesays.com\/es\/wp-json\/wp\/v2\/posts\/5048\/revisions"}],"wp:featuredmedia":[{"embeddable":true,"href":"https:\/\/www.europesays.com\/es\/wp-json\/wp\/v2\/media\/5049"}],"wp:attachment":[{"href":"https:\/\/www.europesays.com\/es\/wp-json\/wp\/v2\/media?parent=5048"}],"wp:term":[{"taxonomy":"category","embeddable":true,"href":"https:\/\/www.europesays.com\/es\/wp-json\/wp\/v2\/categories?post=5048"},{"taxonomy":"post_tag","embeddable":true,"href":"https:\/\/www.europesays.com\/es\/wp-json\/wp\/v2\/tags?post=5048"}],"curies":[{"name":"wp","href":"https:\/\/api.w.org\/{rel}","templated":true}]}}