{"id":50482,"date":"2025-08-16T02:26:14","date_gmt":"2025-08-16T02:26:14","guid":{"rendered":"https:\/\/www.europesays.com\/es\/50482\/"},"modified":"2025-08-16T02:26:14","modified_gmt":"2025-08-16T02:26:14","slug":"me-pongo-braveheart-para-torear-y-laura-pausini-es-mi-cantante-favorita-de-toda-la-vida","status":"publish","type":"post","link":"https:\/\/www.europesays.com\/es\/50482\/","title":{"rendered":"\u00abMe pongo &#8216;Braveheart&#8217; para torear y Laura Pausini es mi cantante favorita de toda la vida\u00bb"},"content":{"rendered":"<p><a class=\"v-mdl-ath__fig-a\" href=\"https:\/\/www.ideal.es\/autor\/jose-e-cabrero-372.html\" title=\"Jos\u00e9 E. Cabrero\" rel=\"nofollow noopener\" target=\"_blank\"><br \/>\n<img decoding=\"async\" class=\"v-mdl-ath__img\" src=\"https:\/\/www.europesays.com\/es\/wp-content\/uploads\/2025\/08\/autor-372-foto-2.jpeg\" alt=\"Jos\u00e9 E. Cabrero\"\/><br \/>\n<\/a><\/p>\n<p class=\"v-mdl-ath__p v-mdl-ath__p--6\">\nViernes, 15 de agosto 2025, 23:27<\/p>\n<p class=\"v-p\">En cuanto acabe la entrevista, David Fandila se marchar\u00e1 a Atarfe a ponerse el traje de luces. Esta ma\u00f1ana, cuando despert\u00f3 en su finca, le plant\u00f3 dos besos a sus hijas, Manuela y Lola, y sali\u00f3 volando hacia Granada. Lo de volar es literal. \u00abSoy piloto y tengo un autogiro. Me encanta volar\u00bb, dice sonriente en las escaleras del Palacio de Congresos, con un cielo azul de pel\u00edcula sobre su cabeza. La escena recuerda a cuando Rocky sub\u00eda las escaleras del Museo de Arte de Filadelfia para vencer a sus monstruos. Aqu\u00ed no hay fanfarria, pero s\u00ed \u00e9pica porque, despu\u00e9s de dos a\u00f1os lesionado, ha vuelto a la plaza de toros David Fandila &#8216;El Fandi&#8217;. <\/p>\n<p class=\"v-p\">\u2013<strong>No se complic\u00f3 con el apodo<\/strong>. <\/p>\n<p class=\"v-p\">\u2013(r\u00ede) No, ya me llamaban as\u00ed de chiquitillo, en el colegio. <\/p>\n<p class=\"v-p\">\u2013<strong>\u00bfA qu\u00e9 colegio iba?<\/strong><\/p>\n<p class=\"v-p\">\u2013Estuve en el Colegio P\u00fablico Esqu\u00ed Escuela, en Sierra Nevada. Despu\u00e9s me baj\u00e9 al Ave Mar\u00eda a estudiar FP de Electr\u00f3nica en Comunicaciones . <\/p>\n<p class=\"v-p\">\u2013<strong>\u00bfPor qu\u00e9 Electr\u00f3nica?<\/strong><\/p>\n<p class=\"v-p\">\u2013Siempre me ha encantado montar y desmotar cacharros. La verdad es que no fui muy buen estudiante y cuando me met\u00ed ah\u00ed empec\u00e9 a sacar buenas notas. <\/p>\n<p class=\"v-p\">\u2013<strong>\u00bfAlguna vez pens\u00f3 en seguir?<\/strong><\/p>\n<p class=\"v-p\">\u2013No, mis \u00faltimos a\u00f1os en el Ave Mar\u00eda fueron los que empec\u00e9 en el toreo. Y, la verdad, en estos 25 a\u00f1os no me ha dado mucho tiempo a m\u00e1s que torear. <\/p>\n<p class=\"v-p\">\u2013<strong>25 a\u00f1os. Empezamos a sonar&#8230;<\/strong><\/p>\n<p class=\"v-p\">\u2013Mayores, s\u00ed (r\u00ede). <\/p>\n<p class=\"v-p\">\u2013<strong>\u00bfY no hubiera sido torero?<\/strong><\/p>\n<p class=\"v-p\">\u2013Si volviera a nacer, intentar\u00eda ser torero otra vez. Ha sido de las cosas m\u00e1s maravillosas de mi vida y lo que he vivido en las plazas no lo cambio por nada. <\/p>\n<p>\n\u00abEn casa tengo un taller y sobre todo monto aviones de aeromodelismo. Me encanta echarlos a volar\u00bb\n<\/p>\n<p class=\"v-p\">\u2013<strong>\u00bfSigue cacharreando?<\/strong><\/p>\n<p class=\"v-p\">\u2013Siempre. En casa tengo un taller y sobre todo monto aviones de aeromodelismo. Me encanta ponerles luces, echarlos a volar, estrellarlos&#8230; (r\u00ede). Cuando saco alg\u00fan rato libre me encanta. Habr\u00e9 construido unos 20 aviones. <\/p>\n<p class=\"v-p\">\u2013<strong>\u00bfDrones?<\/strong><\/p>\n<p class=\"v-p\">\u2013Tengo varios, pero son m\u00e1s aburridos porque los sueltas y se est\u00e1n quietos&#8230; Con el avi\u00f3n, desde que lo levantas del suelo hasta que lo vuelves a poner en tierra, te est\u00e1n temblando las canillas. Antes los volaba en la base a\u00e9rea de Armilla, pero \u00faltimamente lo hago en la finca, que tengo una pista para despegar el autogiro. <\/p>\n<p class=\"v-p\"><strong>\u2013\u00bfTambi\u00e9n es manitas por casa?<\/strong><\/p>\n<p class=\"v-p\">\u2013S\u00ed, en la finca siempre hay cosas que arreglar: soldar puertas, mallas que se rompen&#8230; Y la carpinter\u00eda me gusta mucho. <\/p>\n<p class=\"v-p\">\u2013<strong>\u00bfVive en la finca?<\/strong><\/p>\n<p class=\"v-p\">\u2013He vivido en la finca desde antes de la pandemia y hasta el a\u00f1o pasado, que Manuela, mi ni\u00f1a grande, empez\u00f3 el cole. Y ya nos vinimos aqu\u00ed.<\/p>\n<p class=\"v-p\">\u2013<strong>\u00bfLa lleva al cole?<\/strong><\/p>\n<p class=\"v-p\">\u2013Siempre que puedo. Es lo que m\u00e1s me gusta: llevarla y recogerla. <\/p>\n<p class=\"v-p\">\u2013<strong>\u00bfQu\u00e9 tal su verano?<\/strong><\/p>\n<p class=\"v-p\">\u2013Entre la piscina y los animales. Le encantan todos los bichos y viene conmigo a ver los toros y las vacas. <\/p>\n<p class=\"v-p\">\u2013<strong>\u00bfC\u00f3mo lleva la paternidad?<\/strong><\/p>\n<p class=\"v-p\">\u2013Muy bien. Gracias a Dios, tanto Manuela como Lola, que tiene un a\u00f1o, son buen\u00edsimas.<\/p>\n<p class=\"v-p\"><strong>\u2013\u00bfC\u00f3mo era el verano de su infancia, cuando era como ellas?<\/strong><\/p>\n<p class=\"v-p\">\u2013Cuando terminaba el colegio, nos baj\u00e1bamos a un chalet en G\u00f3jar. All\u00ed nos junt\u00e1bamos una pandilla que sal\u00edamos en bicicleta, jug\u00e1bamos al f\u00fatbol y tambi\u00e9n al toro (r\u00ede). Siempre me ha gustado el mundo del toro. <\/p>\n<p class=\"v-p\"><strong>\u2013\u00bfSe imagina si hubiera seguido por el esqu\u00ed?<\/strong><\/p>\n<p class=\"v-p\">\u2013La verdad es que lo de Sierra Nevada lo recuerdo con mucho cari\u00f1o porque fue una infancia genial. Una \u00e9poca de mi vida que disfrut\u00e9 mucho, pero sab\u00eda que no era lo m\u00edo. En mi quinta estaba Carolina Ruiz, por ejemplo. Y cuando se iban a Francia de concentraci\u00f3n, yo sab\u00eda que no quer\u00eda ir, que quer\u00eda otra cosa. Tendr\u00eda 14 a\u00f1itos y quer\u00eda ser torero.<\/p>\n<p class=\"v-p\">\u2013<strong>\u00bfHay alg\u00fan parecido entre esquiar y torear?<\/strong><\/p>\n<p class=\"v-p\">\u2013(r\u00ede) No, no. Pero el esqu\u00ed s\u00ed que me ense\u00f1\u00f3 una disciplina que he mantenido despu\u00e9s. Sea como sea, el esqu\u00ed sigue siendo uno de los deportes que m\u00e1s disfruto.<\/p>\n<p>\n\u00abEl esqu\u00ed sigue siendo uno de los deportes que m\u00e1s disfruto\u00bb\n<\/p>\n<p class=\"v-p\">\u2013<strong>\u00bfSube a Sierra Nevada?<\/strong><\/p>\n<p class=\"v-p\">\u2013Este \u00faltimo a\u00f1o, con la lesi\u00f3n en la espalda, he podido ir menos. Pero s\u00ed he subido con la familia. <\/p>\n<p class=\"v-p\">\u2013<strong>Siempre dice que le gusta mucho la m\u00fasica. \u00bfAlgo en especial? \u00bfQu\u00e9 le acompa\u00f1a a diario? <\/strong><\/p>\n<p class=\"v-p\">\u2013Siempre me ha gustado mucho la banda sonora de &#8216;Braveheart&#8217;, me la pongo para torear y me habr\u00e9 visto cuarenta veces la pel\u00edcula. Es chul\u00edsima. Luego siempre tengo m\u00fasica. Laura Pausina, por ejemplo, me vuelve loco y ha sido mi cantante favorita de toda la vida. Cuando estoy en el taller me la pongo a menudo. <\/p>\n<p class=\"v-p\">\u2013<strong>\u00bfQu\u00e9 opina de las cr\u00edticas al toreo, sobre todo en redes sociales?<\/strong><\/p>\n<p class=\"v-p\">\u2013Puedo respertar las opiniones. A m\u00ed lo que me da pena es que cualquier persona con una foto falsa se pueda abrir un perfil en Instagram para poner a parir a todo el mundo. <\/p>\n<p class=\"v-p\">\u2013<strong>Hay quien piensa que los toreros van a la plaza y que no hacen nada m\u00e1s el resto del tiempo. <\/strong><\/p>\n<p class=\"v-p\">\u2013No, no, esto tiene una disciplina que se trabaja a diario, por la ma\u00f1ana y por la tarde, 24 horas pensando en el toro. F\u00edsicamente, los toreros est\u00e1n m\u00e1s preparados que nunca, como los futbolistas. Yo me acuerdo que cuando era chico los futbolistas ten\u00edan cuerpos normales. Hoy son todos atletas de \u00e9lite. En el toreo pasa igual, la preparaci\u00f3n f\u00edsica es fundamental. Y luego, la constancia: para que te salga una cosa en la plaza tienes que hacerla 25 veces en el carret\u00f3n, torear de sal\u00f3n, torear vacas, torear en el campo&#8230; <\/p>\n<p><img decoding=\"async\" loading=\"lazy\" src=\"https:\/\/www.europesays.com\/es\/wp-content\/uploads\/2025\/08\/fandi-verano-jecabrero (4)-kC5B-U2302530678093nvG-650x455@Ideal.jpg\" class=\"v-a-img\" width=\"650\" height=\"455\" alt=\"El Fando, con otras gafas.\" data-voc-vtm-id=\"in-text-traffic\"\/><\/p>\n<p>El Fando, con otras gafas.<\/p>\n<p>J. E. C.<\/p>\n<p><img loading=\"lazy\" decoding=\"async\" src=\"https:\/\/www.europesays.com\/es\/wp-content\/uploads\/2025\/08\/fandi-verano-jecabrero (4)-kC5B-U2302530678093sOI-1920x1344@Ideal.jpg\" class=\"v-mdl__img-z\" width=\"1920\" height=\"1344\" alt=\"\"\/><\/p>\n<p class=\"v-p\">\u2013<strong>\u00bf25 a\u00f1os pesan?<\/strong><\/p>\n<p class=\"v-p\">\u2013Se han pasado r\u00e1pido&#8230; En algunos aspectos s\u00ed pesan porque con el tiempo analizas m\u00e1s las cosas y sabes que tienes responsabilidades. Al mismo tiempo, con la experiencia se ganan muchos grados en otros aspectos. Creo que ahora disfruto m\u00e1s, con m\u00e1s t\u00e9cnica, m\u00e1s conocimiento, conoces al animal m\u00e1s r\u00e1pido&#8230; Si consigues tener las ganas por seguir aprendiendo, eso es lo que te mantiene ilusionado. Llevo veinte cornadas encima y ahora sabes que cuando te cogen, te hacen da\u00f1o. El cuerpo acumula. <\/p>\n<p>\n\u00abTener hijos no hace que te d\u00e9 m\u00e1s miedo arrimarte al toro\u00bb\n<\/p>\n<p class=\"v-p\">\u2013<strong>\u00bfLe ha variado la paternidad su forma de enfrentar el toreo?<\/strong><\/p>\n<p class=\"v-p\">\u2013No. Entiendo la pregunta, pero esta es mi profesi\u00f3n, as\u00ed que lo enfoco de otra manera. No por tener hijos te da m\u00e1s miedo arrimarte al toro. Es como si dejaras de ir en coche por si hay un accidente. Mis hijas me dan ilusi\u00f3n, quiero que est\u00e9n orgullosas de lo que vean y del legado que yo pueda dejar como torero, que por lo menos lo valoren y lo respeten. <\/p>\n<p class=\"v-p\">\u2013<strong>\u00bfQu\u00e9 espera de los pr\u00f3ximos 25 a\u00f1os? <\/strong><\/p>\n<p class=\"v-p\">\u2013Me he tirado un par de a\u00f1os con dos lesiones de espalda y ya, por fin, me muevo bien de verdad. Estos dos a\u00f1os lo he pasado fatal y ahora, por fin, me siento a gusto. Ha sido una vuelta a nacer. Quiero disfrutar la temporada y pasar tiempo con Manuela y Lola, que crecen tan r\u00e1pido que hay que aprovecharlo. <\/p>\n<p>Comenta<\/p>\n<p>Reporta un error<\/p>\n<p class=\"v-crt__t\"> L\u00edmite de sesiones alcanzadas<\/p>\n<p class=\"v-crt__p\">El acceso al contenido Premium est\u00e1 abierto por cortes\u00eda del establecimiento donde te encuentras, pero ahora mismo hay demasiados usuarios conectados a las vez.<\/p>\n<p class=\"v-crt__p\">Por favor, int\u00e9ntalo pasados unos minutos.<\/p>\n<p>\nVolver a intentar\n<\/p>\n<p class=\"v-crt__t\">Sesi\u00f3n cerrada<\/p>\n<p class=\"v-crt__p\">Al iniciar sesi\u00f3n desde un dispositivo distinto, por seguridad, se cerr\u00f3 la \u00faltima sesi\u00f3n en este.<\/p>\n<p class=\"v-crt__p\">Para continuar disfrutando de su suscripci\u00f3n digital, inicie sesi\u00f3n en este dispositivo.<\/p>\n<p>\nEste contenido es exclusivo para suscriptores\n<\/p>\n<p class=\"text\">\u00bfTienes una suscripci\u00f3n? <a href=\"https:\/\/secure.ideal.es\/identidad\/inicio#vca=suscribete&amp;vso=ideal&amp;vmc=on&amp;vli=cdn-ce-link-login\" class=\"login\" data-voc-vtm-id=\"comienzoSuscripcionON\" data-voc-vtm-info=\"cdn-ce-link-login\" rel=\"nofollow noopener\" target=\"_blank\">Inicia sesi\u00f3n<\/a><\/p>\n","protected":false},"excerpt":{"rendered":"Viernes, 15 de agosto 2025, 23:27 En cuanto acabe la entrevista, David Fandila se marchar\u00e1 a Atarfe a&hellip;\n","protected":false},"author":2,"featured_media":50483,"comment_status":"","ping_status":"","sticky":false,"template":"","format":"standard","meta":{"footnotes":""},"categories":[277],"tags":[22471,373,4328,168,25,24,22473,3459,22472,22470,23,167,19428,374,2606],"class_list":{"0":"post-50482","1":"post","2":"type-post","3":"status-publish","4":"format-standard","5":"has-post-thumbnail","7":"category-toreo","8":"tag-braveheart","9":"tag-bullfighting","10":"tag-cantante","11":"tag-deportes","12":"tag-es","13":"tag-espana","14":"tag-favorita","15":"tag-laura","16":"tag-pausini","17":"tag-pongo","18":"tag-spain","19":"tag-sports","20":"tag-torear","21":"tag-toreo","22":"tag-vida"},"share_on_mastodon":{"url":"","error":""},"_links":{"self":[{"href":"https:\/\/www.europesays.com\/es\/wp-json\/wp\/v2\/posts\/50482","targetHints":{"allow":["GET"]}}],"collection":[{"href":"https:\/\/www.europesays.com\/es\/wp-json\/wp\/v2\/posts"}],"about":[{"href":"https:\/\/www.europesays.com\/es\/wp-json\/wp\/v2\/types\/post"}],"author":[{"embeddable":true,"href":"https:\/\/www.europesays.com\/es\/wp-json\/wp\/v2\/users\/2"}],"replies":[{"embeddable":true,"href":"https:\/\/www.europesays.com\/es\/wp-json\/wp\/v2\/comments?post=50482"}],"version-history":[{"count":0,"href":"https:\/\/www.europesays.com\/es\/wp-json\/wp\/v2\/posts\/50482\/revisions"}],"wp:featuredmedia":[{"embeddable":true,"href":"https:\/\/www.europesays.com\/es\/wp-json\/wp\/v2\/media\/50483"}],"wp:attachment":[{"href":"https:\/\/www.europesays.com\/es\/wp-json\/wp\/v2\/media?parent=50482"}],"wp:term":[{"taxonomy":"category","embeddable":true,"href":"https:\/\/www.europesays.com\/es\/wp-json\/wp\/v2\/categories?post=50482"},{"taxonomy":"post_tag","embeddable":true,"href":"https:\/\/www.europesays.com\/es\/wp-json\/wp\/v2\/tags?post=50482"}],"curies":[{"name":"wp","href":"https:\/\/api.w.org\/{rel}","templated":true}]}}