{"id":504896,"date":"2026-04-18T17:29:17","date_gmt":"2026-04-18T17:29:17","guid":{"rendered":"https:\/\/www.europesays.com\/es\/504896\/"},"modified":"2026-04-18T17:29:17","modified_gmt":"2026-04-18T17:29:17","slug":"reunion-de-lideres-progresistas-en-barcelona-en-directo-sanchez-sobre-las-derechas-no-gritan-porque-esten-ganando-gritan-porque-saben-que-su-tiempo-se-acaba-espana","status":"publish","type":"post","link":"https:\/\/www.europesays.com\/es\/504896\/","title":{"rendered":"Reuni\u00f3n de l\u00edderes progresistas en Barcelona, en directo | S\u00e1nchez, sobre las derechas: \u201cNo gritan porque est\u00e9n ganando, gritan porque saben que su tiempo se acaba\u201d | Espa\u00f1a"},"content":{"rendered":"<p class=\"ev-title\">Lula, presidente de Brasil: \u201cLa extrema derecha se ha aprovechado de la frustraci\u00f3n de la poblaci\u00f3n inventando mentiras\u201d<\/p>\n<p>El presidente brasile\u00f1o, Luiz In\u00e1cio Lula da Silva, ha intervenido en el tramo final del Global Progressive Mobilization con un discurso centrado en la necesidad de reforzar la cooperaci\u00f3n internacional y la responsabilidad del campo progresista. Acostumbrado a las intervenciones improvisadas, Lula ha arrancado asegurando que esta vez llevaba un discurso preparado \u201cpor la seriedad del movimiento que estamos construyendo\u201d, aunque ha terminado apart\u00e1ndose del guion.\u00a0<\/p>\n<p>Lula ha afirmado que la ola reaccionaria de la extrema derecha \u201cse ha aprovechado del malestar de la poblaci\u00f3n y de su\u00a0frustraci\u00f3n inventando mentiras y\u00a0mentiras sobre migrantes, mujeres y minor\u00edas\u201d. \u201cTodas las personas necesitadas sirven para el discurso de odio de la ultraderecha\u201d, ha lamentado Lula.<\/p>\n<p>Durante su discurso, el presidente brasile\u00f1o ha asegurado que \u201cbuena parte de la poblaci\u00f3n que no se ve como progresista quiere lo que nosotros proponemos\u201d. \u201cQuieren comer bien, escuelas de calidad y hospitales de calidad, con una pol\u00edtica de medio ambiente sana, un trabajo digno, jornada laboral equilibrada y un salario que permita una vida c\u00f3moda\u201d, ha enumerado Lula.<\/p>\n<p>Lula ha cargado contra los ultrarricos y ha afirmado que \u201clos multimillonarios quieren que el resto de personas crean que tambi\u00e9n pueden conseguirlo\u201d. Alimentan\u00a0la meritocracia, pero derriban las escaleras para que los de abajo no puedan subir. La desigualdad no es un hecho, es una elecci\u00f3n pol\u00edtica y nosotros debemos elegir la igualdad\u00bb, ha defendido.\u00a0<\/p>\n<p>El mandatario ha advertido de los desaf\u00edos actuales, desde el avance de la extrema derecha hasta el aumento de las desigualdades, y ha apelado a la responsabilidad del campo progresista para seguir avanzando \u201cal lado del pueblo\u201d. \u201cEl proyecto neoliberal provoc\u00f3 crisis detr\u00e1s de crisis. Nosotros nos volvimos el sistema. Por eso no sorprende que el otro lado se presente como alternativa\u201d, ha afirmado. Tambi\u00e9n ha pedido a la izquierda no perder el v\u00ednculo con sus bases: \u201cA veces queremos agradar al mercado, a la prensa y a los acad\u00e9micos\u201d. Lula ha reclamado una mayor equidad en organismos internacionales como el Consejo de Seguridad de la ONU o el FMI\u00a0<\/p>\n<p>A seis meses de las elecciones presidenciales en Brasil, Lula ha recordado el intento de golpe de Estado tras los comicios de 2022: \u201cLa ultraderecha no es un discurso ret\u00f3rico, es una realidad\u201d. En el plano, ha convocado a los l\u00edderes mundiales a reunirse para \u201cparar la guerra\u201d y ha vuelto a criticar el papel del Consejo de Seguridad de la ONU: \u00abCinco pa\u00edses gastan en armas lo que podr\u00eda acabar con el hambre\u201d.<\/p>\n<p>Sin mencionar directamente a Donald Trump, ha lamentado el rumbo de Estados Unidos: \u201cCrec\u00ed admirando la democracia americana, pero no quiero volver a vivir una Guerra Fr\u00eda\u201d. Durante todo el fin de semana, Lula ha compartido agenda con el presidente del Gobierno, Pedro S\u00e1nchez, a quien ha elogiado por \u201cel coraje\u00bb al no permitir que los aviones de Estados Unidos utilizaran las bases espa\u00f1olas para sus ataques contra Ir\u00e1n.\u00a0<\/p>\n","protected":false},"excerpt":{"rendered":"Lula, presidente de Brasil: \u201cLa extrema derecha se ha aprovechado de la frustraci\u00f3n de la poblaci\u00f3n inventando mentiras\u201d&hellip;\n","protected":false},"author":2,"featured_media":504897,"comment_status":"","ping_status":"","sticky":false,"template":"","format":"standard","meta":{"footnotes":""},"categories":[42],"tags":[3216,17,18,1803,22007,4875,24,13,14,3916,11,61,62,63,64,19,20,3219,9,10,15,16,2959,1699,12,21,22,65,66,67],"class_list":["post-504896","post","type-post","status-publish","format-standard","has-post-thumbnail","category-internacional","tag-brasil","tag-breaking-news","tag-breakingnews","tag-colombia","tag-cumbres-internacionales","tag-democracia","tag-espana","tag-featured-news","tag-featurednews","tag-gustavo-petro","tag-headlines","tag-internacional","tag-international","tag-international-news","tag-internationalnews","tag-latest-news","tag-latestnews","tag-lula-da-silva","tag-news","tag-noticias","tag-noticias-destacadas","tag-noticiasdestacadas","tag-pedro-sanchez","tag-psoe","tag-titulares","tag-ultimas-noticias","tag-ultimasnoticias","tag-world","tag-world-news","tag-worldnews"],"share_on_mastodon":{"url":"","error":"Validation failed: Text character limit of 500 exceeded"},"_links":{"self":[{"href":"https:\/\/www.europesays.com\/es\/wp-json\/wp\/v2\/posts\/504896","targetHints":{"allow":["GET"]}}],"collection":[{"href":"https:\/\/www.europesays.com\/es\/wp-json\/wp\/v2\/posts"}],"about":[{"href":"https:\/\/www.europesays.com\/es\/wp-json\/wp\/v2\/types\/post"}],"author":[{"embeddable":true,"href":"https:\/\/www.europesays.com\/es\/wp-json\/wp\/v2\/users\/2"}],"replies":[{"embeddable":true,"href":"https:\/\/www.europesays.com\/es\/wp-json\/wp\/v2\/comments?post=504896"}],"version-history":[{"count":0,"href":"https:\/\/www.europesays.com\/es\/wp-json\/wp\/v2\/posts\/504896\/revisions"}],"wp:featuredmedia":[{"embeddable":true,"href":"https:\/\/www.europesays.com\/es\/wp-json\/wp\/v2\/media\/504897"}],"wp:attachment":[{"href":"https:\/\/www.europesays.com\/es\/wp-json\/wp\/v2\/media?parent=504896"}],"wp:term":[{"taxonomy":"category","embeddable":true,"href":"https:\/\/www.europesays.com\/es\/wp-json\/wp\/v2\/categories?post=504896"},{"taxonomy":"post_tag","embeddable":true,"href":"https:\/\/www.europesays.com\/es\/wp-json\/wp\/v2\/tags?post=504896"}],"curies":[{"name":"wp","href":"https:\/\/api.w.org\/{rel}","templated":true}]}}