{"id":50490,"date":"2025-08-16T02:31:06","date_gmt":"2025-08-16T02:31:06","guid":{"rendered":"https:\/\/www.europesays.com\/es\/50490\/"},"modified":"2025-08-16T02:31:06","modified_gmt":"2025-08-16T02:31:06","slug":"por-que-corriste-si-no-tenias-pasion","status":"publish","type":"post","link":"https:\/\/www.europesays.com\/es\/50490\/","title":{"rendered":"Por qu\u00e9 corriste si no ten\u00edas pasi\u00f3n"},"content":{"rendered":"<p>El campe\u00f3n del mundo de F\u00f3rmula 1 <a href=\"https:\/\/lat.motorsport.com\/driver\/jacques-villeneuve-2\/468305\/\" target=\"_blank\" rel=\"noopener nofollow\">Jacques Villeneuve<\/a> tiene \u00abdificultades\u00bb con la forma en que <a href=\"https:\/\/lat.motorsport.com\/driver\/nico-rosberg\/466067\/\" target=\"_blank\" rel=\"noopener nofollow\">Nico Rosberg<\/a> se retir\u00f3 tras ganar el t\u00edtulo en 2016.<\/p>\n<p>En el <a href=\"https:\/\/youtu.be\/euhC9f9inQo?si=av1eNE0i_cDigVSG\" target=\"_blank\" rel=\"nofollow noopener\">podcast \u00abRed Flags<\/a> \u00ab, Villeneuve dijo: \u00abRosberg estaba completamente quemado en ese momento. Eso se notaba. Se ve\u00eda que no ten\u00eda pasi\u00f3n por las carreras. Y cada vez que le veo, echo de menos esa pasi\u00f3n\u00bb.<\/p>\n<p>Seg\u00fan Villeneuve, a Rosberg \u00abno le importaba nada el automovilismo. S\u00f3lo quer\u00eda ganar el campeonato del mundo como su padre y seguir adelante. Lleg\u00f3 a ser campe\u00f3n del mundo, pero despu\u00e9s ya no lo quer\u00eda\u00bb.<\/p>\n<p>\u00abContradice mi instinto\u00bb<\/p>\n<p>Villeneuve -al igual que Rosberg, <a href=\"https:\/\/www.motorsport-total.com\/formel-1\/fotos-videos\/fotostrecken\/wie-der-vater-so-der-sohn\/826\" rel=\"nofollow noopener\" target=\"_blank\">hijo de un exitoso piloto de F\u00f3rmula<\/a> 1- no puede entenderlo. \u00abTe preguntas: &#8216;\u00bfPor qu\u00e9 has corrido? \u00bfPor qu\u00e9 empezaste si nunca tuviste esa pasi\u00f3n?\u00bb.<\/p>\n<p>\u00abLo triste\u00bb desde su punto de vista es \u00abque a veces puedes ganar sin esa pasi\u00f3n. Va en contra de mi instinto y de las ra\u00edces de las carreras. Pero sucedi\u00f3, hubo algunos casos as\u00ed\u00bb, dice Villeneuve.\u00a0<\/p>\n<p>\u00abA menudo s\u00f3lo te das cuenta despu\u00e9s de ganar: &#8216;\u00bfPor qu\u00e9 lo hice realmente? Y entonces piensas: &#8216;En realidad no me gustan tanto las carreras. No me gusta estar en la carretera toda mi vida\u00bb, y as\u00ed sucesivamente. As\u00ed que s\u00ed, en ese momento, es mejor parar\u00bb.<\/p>\n<p>Cu\u00e1nto afect\u00f3 2016 a Rosberg<\/p>\n<p>Sobre todo porque la temporada 2016 de F\u00f3rmula 1, con la intensa lucha por el t\u00edtulo mundial contra <a href=\"https:\/\/lat.motorsport.com\/driver\/lewis-hamilton\/464818\/\" target=\"_blank\" rel=\"noopener nofollow\">Lewis Hamilton<\/a>, hab\u00eda pasado factura a Rosberg, <a href=\"https:\/\/www.motorsport-total.com\/formel-1\/news\/nico-rosberg-habe-meine-identitaet-aufgegeben-bei-formel-1-ruecktritt-23041706\" rel=\"nofollow noopener\" target=\"_blank\">como el propio Rosberg ha admitido en repetidas ocasiones<\/a>.<\/p>\n<p>Villeneuve habla de una \u00abvictoria mental\u00bb sobre Hamilton: \u00abEra obvio lo que Rosberg estaba haciendo. En ese momento, todo el mundo se enfad\u00f3 de repente con Rosberg porque era muy mezquino, mientras que Hamilton hac\u00eda lo mismo, incluso m\u00e1s, s\u00f3lo que de forma muy discreta.\u00bb<\/p>\n<p>Villeneuve no entra en detalles. S\u00f3lo dice: \u00abLewis nunca lo vio venir. Por eso no vimos al mejor Lewis entonces\u00bb. Pero incluso esta teor\u00eda se queda sin m\u00e1s explicaci\u00f3n.<\/p>\n<p>Nico Rosberg despu\u00e9s de su carrera en la F\u00f3rmula 1<\/p>\n<p>Rosberg se hab\u00eda impuesto a Hamilton en 2016 despu\u00e9s de perder dos campeonatos del mundo en los a\u00f1os anteriores y anunci\u00f3 sorprendentemente su retirada al margen de la ceremonia del campeonato del mundo organizada por la FIA.<\/p>\n<p>Desde entonces, Rosberg se ha dedicado a la actividad empresarial y aparece ocasionalmente como comentarista de televisi\u00f3n para varias cadenas de F\u00f3rmula 1, causando furor en el paddock con sus selfies.<\/p>\n<p>M\u00e1s de la F1:<\/p>\n<p><img decoding=\"async\" src=\"https:\/\/www.europesays.com\/es\/wp-content\/uploads\/2025\/08\/2829bf02fcfd44d6a11005bc9fb4a1f6.gif\" alt=\"\" width=\"1\" height=\"1\" loading=\"lazy\"\/><\/p>\n<p>En este art\u00edculo<\/p>\n<p>Sea el primero en enterarse y suscr\u00edbase para recibir actualizaciones por correo electr\u00f3nico en tiempo real sobre estos temas.<\/p>\n<p>    Suscr\u00edbase a nuevas alertas<\/p>\n","protected":false},"excerpt":{"rendered":"El campe\u00f3n del mundo de F\u00f3rmula 1 Jacques Villeneuve tiene \u00abdificultades\u00bb con la forma en que Nico Rosberg&hellip;\n","protected":false},"author":2,"featured_media":50491,"comment_status":"","ping_status":"","sticky":false,"template":"","format":"standard","meta":{"footnotes":""},"categories":[270],"tags":[168,25,24,306,271,272,1230,22475,6956,23,167,22474],"class_list":{"0":"post-50490","1":"post","2":"type-post","3":"status-publish","4":"format-standard","5":"has-post-thumbnail","7":"category-formula-1","8":"tag-deportes","9":"tag-es","10":"tag-espana","11":"tag-f1","12":"tag-formula-1","13":"tag-formula1","14":"tag-fu00f3rmula-1","15":"tag-jacques-villeneuve","16":"tag-nico-rosberg","17":"tag-spain","18":"tag-sports","19":"tag-villeneuve-ataca-a-rosberg-por-quu00e9-corriste-si-no-tenu00edas-pasiu00f3n"},"share_on_mastodon":{"url":"","error":""},"_links":{"self":[{"href":"https:\/\/www.europesays.com\/es\/wp-json\/wp\/v2\/posts\/50490","targetHints":{"allow":["GET"]}}],"collection":[{"href":"https:\/\/www.europesays.com\/es\/wp-json\/wp\/v2\/posts"}],"about":[{"href":"https:\/\/www.europesays.com\/es\/wp-json\/wp\/v2\/types\/post"}],"author":[{"embeddable":true,"href":"https:\/\/www.europesays.com\/es\/wp-json\/wp\/v2\/users\/2"}],"replies":[{"embeddable":true,"href":"https:\/\/www.europesays.com\/es\/wp-json\/wp\/v2\/comments?post=50490"}],"version-history":[{"count":0,"href":"https:\/\/www.europesays.com\/es\/wp-json\/wp\/v2\/posts\/50490\/revisions"}],"wp:featuredmedia":[{"embeddable":true,"href":"https:\/\/www.europesays.com\/es\/wp-json\/wp\/v2\/media\/50491"}],"wp:attachment":[{"href":"https:\/\/www.europesays.com\/es\/wp-json\/wp\/v2\/media?parent=50490"}],"wp:term":[{"taxonomy":"category","embeddable":true,"href":"https:\/\/www.europesays.com\/es\/wp-json\/wp\/v2\/categories?post=50490"},{"taxonomy":"post_tag","embeddable":true,"href":"https:\/\/www.europesays.com\/es\/wp-json\/wp\/v2\/tags?post=50490"}],"curies":[{"name":"wp","href":"https:\/\/api.w.org\/{rel}","templated":true}]}}