{"id":50492,"date":"2025-08-16T02:32:29","date_gmt":"2025-08-16T02:32:29","guid":{"rendered":"https:\/\/www.europesays.com\/es\/50492\/"},"modified":"2025-08-16T02:32:29","modified_gmt":"2025-08-16T02:32:29","slug":"las-palabras-de-pesic-sobre-la-lesion-de-micic-para-el-eurobasket","status":"publish","type":"post","link":"https:\/\/www.europesays.com\/es\/50492\/","title":{"rendered":"Las palabras de Pesic sobre la lesi\u00f3n de Micic para el Eurobasket"},"content":{"rendered":"<p>Serbia parte como uno de los grandes favoritos de cara al Eurobasket, pero todav\u00eda tiene algunos frentes abiertos antes del comienzo del torneo. \u00bfEl m\u00e1s notable de ellos? La lesi\u00f3n de Vasilije Micic.<\/p>\n<p>Tal y como ha contado Svetislav Pesic en declaraciones recogidas por <a href=\"https:\/\/meridiansport.rs\/kosarka\/pesic-micic-srbija-evrobasket\/\" rel=\"nofollow noopener\" target=\"_blank\">Meridian Sport<\/a>, el base del Hapoel Tel Aviv sigue con problemas f\u00edsicos seg\u00fan se acerca el arranque de la cita y todav\u00eda no tienen claro si podr\u00e1n contar con \u00e9l. Estas han sido sus palabras:<\/p>\n<p>\u00abEstamos intentando recuperar a Vasilije Micic, pero su evoluci\u00f3n no est\u00e1 yendo seg\u00fan lo previsto o como hubi\u00e9semos esperado. \u00abVasa\u00bb se esfuerza, pero todav\u00eda sigue dolor.<\/p>\n<p>Ya veremos, en los pr\u00f3ximos d\u00edas tendremos que tomar las decisiones, pero por lo general el resto de los jugadores est\u00e1n bien. Es hora de entrenar e ir poco a poco entrando en los partidos. Hemos jugado un torneo en Chipe y un par de amistosos sin p\u00fablico, ahora cada partido es importante. Hemos entrenado lo suficiente para esta fase de preparaci\u00f3n para el Eurobasket. Seguimos entrenando y trabajando\u00bb.<\/p>\n<p>Pesic tambi\u00e9n habl\u00f3 sobre otros dos jugadores tocados:<\/p>\n<p>\u00abNo estamos precisamente en la mejor forma.\u00a0<strong>Smailagic<\/strong>\u00a0y\u00a0<strong>Trifunovic<\/strong> a\u00fan no est\u00e1n listos para entrenar. Claro que nos preocupan las lesiones, pero siendo sincero <strong>lo que m\u00e1s me preocupa es si podremos contar con Micic<\/strong>\u00ab.<\/p>\n<p><a href=\"https:\/\/www.gigantes.com\/selecciones\/plantilla-serbia-eurobasket-2025-jugadores\/\" rel=\"nofollow noopener\" target=\"_blank\">La potente lista de Serbia de cara al Eurobasket<\/a><\/p>\n<p style=\"text-align: right;\">Foto: FIBA<\/p>\n<p><a href=\"https:\/\/www.gigantes.com\/tienda\/?srsltid=AfmBOoqlKLoMe2MxAL77XtHDbuXA5XSEJIxYJGLJlcaz0YRCBtT8lx_s\" rel=\"nofollow noopener\" target=\"_blank\"><img loading=\"lazy\" decoding=\"async\" class=\"aligncenter wp-image-749935 size-full\" src=\"https:\/\/www.europesays.com\/es\/wp-content\/uploads\/2025\/08\/1755270131_758_INSTAGRAMdoble-1.jpg\" alt=\"\" width=\"1969\" height=\"1969\"  \/><\/a><\/p>\n<p>\t\t\t\t\t<img loading=\"lazy\" decoding=\"async\" src=\"https:\/\/www.europesays.com\/es\/wp-content\/uploads\/2025\/08\/1754873888_461_mano.png\" width=\"60\" height=\"60\" alt=\"Deliza hacia abajo\"\/>Sigue deslizando hacia abajo para ver m\u00e1s contenidos<\/p>\n","protected":false},"excerpt":{"rendered":"Serbia parte como uno de los grandes favoritos de cara al Eurobasket, pero todav\u00eda tiene algunos frentes abiertos&hellip;\n","protected":false},"author":2,"featured_media":50493,"comment_status":"","ping_status":"","sticky":false,"template":"","format":"standard","meta":{"footnotes":""},"categories":[269],"tags":[299,298,168,25,24,23,167,22476,22477],"class_list":{"0":"post-50492","1":"post","2":"type-post","3":"status-publish","4":"format-standard","5":"has-post-thumbnail","7":"category-baloncesto","8":"tag-baloncesto","9":"tag-basketball","10":"tag-deportes","11":"tag-es","12":"tag-espana","13":"tag-spain","14":"tag-sports","15":"tag-svetislav-pesic","16":"tag-vasilije-micic"},"share_on_mastodon":{"url":"","error":""},"_links":{"self":[{"href":"https:\/\/www.europesays.com\/es\/wp-json\/wp\/v2\/posts\/50492","targetHints":{"allow":["GET"]}}],"collection":[{"href":"https:\/\/www.europesays.com\/es\/wp-json\/wp\/v2\/posts"}],"about":[{"href":"https:\/\/www.europesays.com\/es\/wp-json\/wp\/v2\/types\/post"}],"author":[{"embeddable":true,"href":"https:\/\/www.europesays.com\/es\/wp-json\/wp\/v2\/users\/2"}],"replies":[{"embeddable":true,"href":"https:\/\/www.europesays.com\/es\/wp-json\/wp\/v2\/comments?post=50492"}],"version-history":[{"count":0,"href":"https:\/\/www.europesays.com\/es\/wp-json\/wp\/v2\/posts\/50492\/revisions"}],"wp:featuredmedia":[{"embeddable":true,"href":"https:\/\/www.europesays.com\/es\/wp-json\/wp\/v2\/media\/50493"}],"wp:attachment":[{"href":"https:\/\/www.europesays.com\/es\/wp-json\/wp\/v2\/media?parent=50492"}],"wp:term":[{"taxonomy":"category","embeddable":true,"href":"https:\/\/www.europesays.com\/es\/wp-json\/wp\/v2\/categories?post=50492"},{"taxonomy":"post_tag","embeddable":true,"href":"https:\/\/www.europesays.com\/es\/wp-json\/wp\/v2\/tags?post=50492"}],"curies":[{"name":"wp","href":"https:\/\/api.w.org\/{rel}","templated":true}]}}