{"id":504980,"date":"2026-04-18T18:39:14","date_gmt":"2026-04-18T18:39:14","guid":{"rendered":"https:\/\/www.europesays.com\/es\/504980\/"},"modified":"2026-04-18T18:39:14","modified_gmt":"2026-04-18T18:39:14","slug":"la-izquierda-internacional-consagra-a-sanchez-ha-hecho-algo-extraordinario-espana","status":"publish","type":"post","link":"https:\/\/www.europesays.com\/es\/504980\/","title":{"rendered":"La izquierda internacional consagra a S\u00e1nchez: \u201cHa hecho algo extraordinario\u201d | Espa\u00f1a"},"content":{"rendered":"<p class=\"\">Nadie lo olvid\u00f3. Uno detr\u00e1s de otro, desde<a href=\"https:\/\/elpais.com\/america\/2026-04-16\/lula-trump-no-tiene-derecho-a-levantarse-por-la-manana-y-amenazar-a-un-pais.html\" target=\"_self\" rel=\"nofollow noopener\" title=\"https:\/\/elpais.com\/america\/2026-04-16\/lula-trump-no-tiene-derecho-a-levantarse-por-la-manana-y-amenazar-a-un-pais.html\"> Lula, el gran referente hist\u00f3rico, <\/a>el padre pol\u00edtico de muchos, hasta<a href=\"https:\/\/elpais.com\/noticias\/zohran-mamdani\/\" target=\"_self\" rel=\"nofollow noopener\" title=\"https:\/\/elpais.com\/noticias\/zohran-mamdani\/\"> Zohran Mamdani<\/a>, la \u00faltima gran estrella del progresismo mundial, pasando por promesas importantes de futuro como la italiana <a href=\"https:\/\/elpais.com\/internacional\/2022-12-10\/elly-schlein-la-bala-de-plata-de-la-izquierda-italiana.html\" target=\"_self\" rel=\"nofollow noopener\" title=\"https:\/\/elpais.com\/internacional\/2022-12-10\/elly-schlein-la-bala-de-plata-de-la-izquierda-italiana.html\">Elly Schlein<\/a> o presidentas con enorme tir\u00f3n electoral como la mexicana<a href=\"https:\/\/elpais.com\/noticias\/claudia-sheinbaum-pardo\/\" target=\"_self\" rel=\"nofollow noopener\" title=\"https:\/\/elpais.com\/noticias\/claudia-sheinbaum-pardo\/\"> Claudia Sheinbaum<\/a>&#8230; todos tuvieron palabras de reconocimiento hacia Pedro S\u00e1nchez. El espa\u00f1ol fue el gran protagonista de un fin de semana de <a href=\"https:\/\/elpais.com\/espana\/2026-04-17\/las-fuerzas-progresistas-buscan-nuevo-impulso-global-en-barcelona.html\" target=\"_self\" rel=\"nofollow noopener\" title=\"https:\/\/elpais.com\/espana\/2026-04-17\/las-fuerzas-progresistas-buscan-nuevo-impulso-global-en-barcelona.html\">inyecci\u00f3n de moral en un progresismo internacional<\/a> que vive un momento de debilidad, pero conf\u00eda en poder recuperar espacio ahora que Donald Trump y sus aliados parecen empezar a perder fuerza.<\/p>\n<p class=\"\">Barcelona, ciudad fetiche para la izquierda, la \u00fanica gran urbe espa\u00f1ola en la que en este momento todo el poder pol\u00edtico -alcald\u00eda, diputaci\u00f3n, Generalitat- est\u00e1 en manos de los socialistas, se convirti\u00f3 este s\u00e1bado en el lugar ideal para que un madrile\u00f1o como S\u00e1nchez, que sufre en su ciudad natal un fuerte acoso de una derecha muy crecida, <a href=\"https:\/\/elpais.com\/espana\/2026-04-18\/sanchez-reivindica-la-unidad-progresista-frente-a-trump-no-hay-que-dar-la-democracia-por-sentada.html\" target=\"_self\" rel=\"nofollow noopener\" title=\"https:\/\/elpais.com\/espana\/2026-04-18\/sanchez-reivindica-la-unidad-progresista-frente-a-trump-no-hay-que-dar-la-democracia-por-sentada.html\">consagrara ese liderazgo no solo de la izquierda europea, sino tambi\u00e9n como referente de la americana.<\/a> <\/p>\n<p class=\"\">De hecho, <a href=\"https:\/\/elpais.com\/america\/2026-04-16\/lula-trump-no-tiene-derecho-a-levantarse-por-la-manana-y-amenazar-a-un-pais.html\" target=\"_self\" rel=\"nofollow noopener\" title=\"https:\/\/elpais.com\/america\/2026-04-16\/lula-trump-no-tiene-derecho-a-levantarse-por-la-manana-y-amenazar-a-un-pais.html\">el brasile\u00f1o Lula,<\/a> el m\u00edtico luchador brasile\u00f1o, el obrero metal\u00fargico sin estudios que lleg\u00f3 a presidente de una potencia con 200 millones de habitantes, casi le ungi\u00f3 como una especie de pupilo pol\u00edtico -aunque \u00e9l insiste en broma a sus 80 a\u00f1os en que tiene un pacto para vivir 120-. \u201cS\u00e1nchez ha hecho algo extraordinario. Los progresistas ahora somos muy pocos. Pero \u00e9l est\u00e1 logrando hacer crecer el reba\u00f1o\u201d, declar\u00f3 Lula tras reivindicar que hubiesen acudido a Barcelona, llamados por el presidente espa\u00f1ol, la mexicana Sheinbaum o el sudafricano Ramaphosa. La imagen de S\u00e1nchez y Lula, solos en el escenario ante 5.000 entusiastas, con el brasile\u00f1o levantando el brazo del espa\u00f1ol, marc\u00f3 el final de la cumbre y una especie de traslado del legado. <\/p>\n<p class=\"\">En el entorno del presidente creen que esta cumbre en Barcelona logra ponerle imagen, sonido y recuerdo a algo que ellos ya ven hace meses y que vienen se\u00f1alando como algo que no se acaba de percibir en Espa\u00f1a -donde el jefe del Ejecutivo sigue con enormes dificultades pol\u00edticas y con las encuestas muy en contra-: el liderazgo internacional de S\u00e1nchez. \u201cGracias por haber salvado el alma de Europa\u201d, le lleg\u00f3 a decir Giacomo Filibeck, secretario general del Partido Socialista Europeo. Por eso no es casual que la reuni\u00f3n m\u00e1s importante en los \u00faltimos a\u00f1os del progresismo mundial se haya producido en Barcelona y la haya convocado S\u00e1nchez.<\/p>\n<p class=\"\">Barcelona, se\u00f1alan las mismas fuentes, marca un relato muy claro. Mientras la derecha tiene mensajes sencillos de rechazo a la inmigraci\u00f3n, de cultura de la ley del m\u00e1s fuerte, de la eliminaci\u00f3n de los impuestos&#8230; a la izquierda le falta una narrativa potente y sencilla. Este acto se la da, sentencian en el entorno del presidente, y lo hace, adem\u00e1s, alrededor del l\u00edder de un pa\u00eds que,<a href=\"https:\/\/elpais.com\/espana\/2026-04-18\/trump-tergiversa-las-cifras-sobre-la-economia-espanola-alguien-se-ha-fijado-en-lo-mal-que-le-va-da-pena.html\" target=\"_self\" rel=\"nofollow noopener\" title=\"https:\/\/elpais.com\/espana\/2026-04-18\/trump-tergiversa-las-cifras-sobre-la-economia-espanola-alguien-se-ha-fijado-en-lo-mal-que-le-va-da-pena.html\"> al contrario de lo que dijo este s\u00e1bado Donald Trump,<\/a> tiene los mejores datos econ\u00f3micos del euro. En pa\u00edses como Italia, por ejemplo, el caso de Espa\u00f1a es el gran referente de la oposici\u00f3n frente a la derechista Meloni. \u201cGracias, Pedro, por tu liderazgo\u201d, declar\u00f3 la italiana Schlein. \u201cGracias por demostrar que la agenda progresista funciona. Gracias por defender nuestra dignidad con cuatro palabras: no a la guerra\u201d. Lula insisti\u00f3 en su \u00faltimo discurso en esa apuesta por el presidente espa\u00f1ol como referente: \u201cQuer\u00eda felicitar a Pedro S\u00e1nchez por este evento progresista que intenta mostrar al mundo que la democracia no muri\u00f3. Que nadie tiene que tener verg\u00fcenza de ser progresista o ser de izquierda. Elogio a Pedro porque tuvo la valent\u00eda de no permitir que los aviones de guerra de EEUU salieran de aqu\u00ed para bombardear Ir\u00e1n\u201d.<\/p>\n<p class=\"\">En los \u00faltimos meses, y mucho m\u00e1s despu\u00e9s de su \u201cno a la guerra\u201d y de su choque directo con Donald Trump, en La Moncloa ya hab\u00edan detectado un gran aumento del inter\u00e9s pol\u00edtico y medi\u00e1tico internacional alrededor de la figura de S\u00e1nchez. Cada vez m\u00e1s grupos de todo el mundo muestran inter\u00e9s, se ponen en contacto con el Gobierno espa\u00f1ol para entender su proyecto, o para preguntar, por ejemplo, por la \u00faltima <a href=\"https:\/\/elpais.com\/espana\/2026-04-15\/la-regularizacion-extraordinaria-pone-a-prueba-a-la-administracion-dudas-y-flecos-de-un-decreto-historico.html\" target=\"_self\" rel=\"nofollow noopener\" title=\"https:\/\/elpais.com\/espana\/2026-04-15\/la-regularizacion-extraordinaria-pone-a-prueba-a-la-administracion-dudas-y-flecos-de-un-decreto-historico.html\">regularizaci\u00f3n extraordinaria de inmigrantes<\/a>, que va en l\u00ednea contraria del resto de Europa e incluso de otros gobiernos progresistas. Cada vez llegan tambi\u00e9n m\u00e1s peticiones de entrevistas, de reportajes especiales sobre S\u00e1nchez. Fuera de Espa\u00f1a el tir\u00f3n es indiscutible, aunque dentro las cosas siguen pol\u00edticamente muy complejas para el presidente. Pero la cumbre, o la suma de cumbres del fin de semana, porque ha habido hasta tres diferentes, han puesto ese movimiento que detectaba La Moncloa muy en evidencia. <\/p>\n<p class=\"\">Mientras, S\u00e1nchez ejerci\u00f3 ese papel de anfitri\u00f3n y de gran estrella de la izquierda europea con un mensaje optimista frente al pesimismo instalado en una parte de la izquierda. \u201cYo s\u00e9 que la internacional ultraderechista y una derecha lacaya hace mucho ruido; que, a veces, parece que no existieran otras voces. Pero que no nos enga\u00f1en. No gritan porque est\u00e9n ganando, gritan porque saben que su tiempo se acaba. La derecha no lidera, languidece. La gente se est\u00e1 dando cuenta de que no tienen proyecto, no tienen soluciones. Sus pol\u00edticas solo han tra\u00eddo guerra, inflaci\u00f3n, desigualdad, fractura social. El tiempo de la internacional ultraderechista ha llegado a su fin. Vamos a traer al mundo una nueva era de progreso\u201d, se anim\u00f3. <\/p>\n<p class=\"\">\u201cNos llaman charos, zurdos, rojos, verdes, progres, woke. Pero hay que recuperar el orgullo\u00bb, prosigui\u00f3 S\u00e1nchez. \u201cHan intentado que nos avergoncemos de nuestras ideas, pero esto se acab\u00f3. En Barcelona, este 18 de abril, la verg\u00fcenza cambia de bando y lo va a hacer para siempre. A partir de ahora, la verg\u00fcenza para ellos. Para los que callan ante la injusticia, los que explotan a trabajadores, los que apoyan la guerra y la violencia. Para nosotros el orgullo de ser pacifistas, ecologistas, sindicalistas, feministas, el orgullo de ser de izquierdas, porque el progresismo hoy es m\u00e1s necesario que nunca. Y a los que critican la regularizaci\u00f3n extraordinaria: Espa\u00f1a es hija de la inmigraci\u00f3n y no va a ser madre de la xenofobia\u201d, a\u00f1adi\u00f3. <\/p>\n<p class=\"\">El presidente espa\u00f1ol no se centr\u00f3 en hablar solo de izquierda y derecha, tambi\u00e9n de democracia frente a autoritarismo, de mensajes de unidad frente al odio que triunfa en las redes sociales, que Lula insiste en llamar \u201cdigitales\u201d porque -dice- han demostrado que no tienen nada de social. \u201cLa democracia no puede darse por sentada\u201d, reiter\u00f3 S\u00e1nchez ante los l\u00edderes progresistas. \u201cEl riesgo es que la democracia se vac\u00ede por dentro. Pero no basta con resistir, tenemos que proponer, liderar, demostrar que la democracia se puede fortalecer\u201d, insisti\u00f3 el espa\u00f1ol.<\/p>\n<p class=\"\">S\u00e1nchez parece convencido de que este fin de semana en Barcelona empieza a cambiar las cosas en el desequilibrio pol\u00edtico en este momento a favor de la derecha. Y, sobre todo, el espa\u00f1ol y el brasile\u00f1o conf\u00edan mucho en la lucha contra los tecno oligarcas, que ven como la gran clave para explicar el \u00e9xito de la ultraderecha en el mundo. \u201cLa tecnolog\u00eda\u201d, destac\u00f3 el presidente espa\u00f1ol, \u201cno se gobierna sola. Sin reglas, la tecnolog\u00eda nos divide. No podemos aceptar que la desinformaci\u00f3n condicione nuestras sociedades o que los algoritmos premien el odio\u201d. <\/p>\n<p class=\"\">De Barcelona sale un ambiente de optimismo progresista inesperado. Despu\u00e9s del fiasco de Trump en Ir\u00e1n, de la derrota de Orban en Hungr\u00eda, del fracaso de Meloni en el refer\u00e9ndum en Italia y del frenazo de la ultraderecha en las municipales francesas ya no parece del todo imposible un cambio de ciclo. \u201cNo olvidemos que todas las olas, por muy altas que sean, mueren en la orilla\u201d, sentenci\u00f3 el otro anfitri\u00f3n, el presidente catal\u00e1n, Salvador Illa. S\u00e1nchez cerr\u00f3 su discurso como nuevo l\u00edder progresista global con esa llamada al optimismo: \u201cDebemos hacer algo m\u00e1s, recuperar la fe en el progreso. Lula cree en la democracia porque una persona humilde como \u00e9l lleg\u00f3 a ser presidente de la rep\u00fablica de Brasil. Ellos buscan vernos asustados, abatidos, derrotados. Que nos centremos en proteger, no en transformar. Pero no vamos a comprar su pesimismo y su desesperanza\u201d, cerr\u00f3 la cumbre so\u00f1ada un presidente que fuera tiene un apoyo creciente, aunque dentro se enfrenta a retos cada vez m\u00e1s dif\u00edciles, el pr\u00f3ximo en Andaluc\u00eda.<\/p>\n","protected":false},"excerpt":{"rendered":"Nadie lo olvid\u00f3. Uno detr\u00e1s de otro, desde Lula, el gran referente hist\u00f3rico, el padre pol\u00edtico de muchos,&hellip;\n","protected":false},"author":2,"featured_media":504981,"comment_status":"","ping_status":"","sticky":false,"template":"","format":"standard","meta":{"footnotes":""},"categories":[8],"tags":[210,17,18,18291,352,25,24,2287,13,14,248,11,590,3137,19,20,3219,9,10,15,16,2959,13347,23,12,21,22],"class_list":["post-504980","post","type-post","status-publish","format-standard","has-post-thumbnail","category-espana","tag-barcelona","tag-breaking-news","tag-breakingnews","tag-claudia-sheinbaum","tag-donald-trump","tag-es","tag-espana","tag-extrema-derecha","tag-featured-news","tag-featurednews","tag-gobierno-de-espana","tag-headlines","tag-inmigracion","tag-iran","tag-latest-news","tag-latestnews","tag-lula-da-silva","tag-news","tag-noticias","tag-noticias-destacadas","tag-noticiasdestacadas","tag-pedro-sanchez","tag-salvador-illa","tag-spain","tag-titulares","tag-ultimas-noticias","tag-ultimasnoticias"],"share_on_mastodon":{"url":"https:\/\/pubeurope.com\/@es\/116427172577332431","error":""},"_links":{"self":[{"href":"https:\/\/www.europesays.com\/es\/wp-json\/wp\/v2\/posts\/504980","targetHints":{"allow":["GET"]}}],"collection":[{"href":"https:\/\/www.europesays.com\/es\/wp-json\/wp\/v2\/posts"}],"about":[{"href":"https:\/\/www.europesays.com\/es\/wp-json\/wp\/v2\/types\/post"}],"author":[{"embeddable":true,"href":"https:\/\/www.europesays.com\/es\/wp-json\/wp\/v2\/users\/2"}],"replies":[{"embeddable":true,"href":"https:\/\/www.europesays.com\/es\/wp-json\/wp\/v2\/comments?post=504980"}],"version-history":[{"count":0,"href":"https:\/\/www.europesays.com\/es\/wp-json\/wp\/v2\/posts\/504980\/revisions"}],"wp:featuredmedia":[{"embeddable":true,"href":"https:\/\/www.europesays.com\/es\/wp-json\/wp\/v2\/media\/504981"}],"wp:attachment":[{"href":"https:\/\/www.europesays.com\/es\/wp-json\/wp\/v2\/media?parent=504980"}],"wp:term":[{"taxonomy":"category","embeddable":true,"href":"https:\/\/www.europesays.com\/es\/wp-json\/wp\/v2\/categories?post=504980"},{"taxonomy":"post_tag","embeddable":true,"href":"https:\/\/www.europesays.com\/es\/wp-json\/wp\/v2\/tags?post=504980"}],"curies":[{"name":"wp","href":"https:\/\/api.w.org\/{rel}","templated":true}]}}