{"id":505073,"date":"2026-04-18T19:49:27","date_gmt":"2026-04-18T19:49:27","guid":{"rendered":"https:\/\/www.europesays.com\/es\/505073\/"},"modified":"2026-04-18T19:49:27","modified_gmt":"2026-04-18T19:49:27","slug":"fallece-miri-una-de-las-elefantas-del-bioparc-tras-un-accidente-tragico","status":"publish","type":"post","link":"https:\/\/www.europesays.com\/es\/505073\/","title":{"rendered":"Fallece Miri, una de las elefantas del Bioparc tras un accidente tr\u00e1gico"},"content":{"rendered":"<p class=\"ft-text\">En un parque de vida como es BIOPARC Valencia es necesario afrontar tambi\u00e9n los momentos m\u00e1s dif\u00edciles, realmente devastadores. Con todo el dolor tenemos que comunicar la muerte de una de las elefantas, <strong>la querida Miri<\/strong>. Un <strong>accidente totalmente fortuito<\/strong> que ha sucedido mientras se encontraba todo el grupo en sus interacciones y actividad usual. En un instante de esta convivencia, el macho ha provocado una herida con uno de los colmillos con la desgracia de da\u00f1ar a una de sus arterias principales, la arteria braquial. De forma inmediata se ha producido una hemorragia fatal y, pese a la intervenci\u00f3n del equipo, no ha sido posible salvarla.<\/p>\n<p class=\"ft-text ft-helper-align-justify\"><strong>Todo el personal de BIOPARC se encuentra muy afectado<\/strong>, especialmente las personas que, d\u00eda a d\u00eda, les ofrecen todas las atenciones. El trabajo con animales implica una grand\u00edsima responsabilidad y grandes dosis de empat\u00eda. Una labor que va m\u00e1s all\u00e1 del cuidado y que se lleva a cabo con todo el cari\u00f1o y vocaci\u00f3n. S\u00f3lo esa profesionalidad permite afrontar la situaci\u00f3n y seguir adelante, volc\u00e1ndose ahora con el resto del grupo, para <strong>asegurar el bienestar de las dos cr\u00edas con sus madres, las dos hembras adultas y el macho<\/strong>.<\/p>\n<p class=\"ft-text ft-helper-align-justify\">El compromiso de BIOPARC con la <strong>protecci\u00f3n de la biodiversidad<\/strong> tiene en los elefantes uno de sus puntos de referencia. Aunque resulta verdaderamente inimaginable, los n\u00fameros son claros y la realidad es que <strong>se ha extinguido el 96% de la poblaci\u00f3n mundial de elefantes en tan solo un siglo<\/strong>. Esta coyuntura ha promovido una nueva estrategia global denominada <strong>One Plan Approach<\/strong>(enfoque de plan \u00fanico) que <strong>valora de forma integral las poblaciones de animales<\/strong>, tanto las que viven en su h\u00e1bitat como las que permanecen bajo cuidado humano. La Uni\u00f3n Internacional para la Conservaci\u00f3n de la Naturaleza (UICN) respalda este planteamiento que considera indispensable abordar la preservaci\u00f3n en un doble \u00e1mbito, dentro de su \u00e1rea de distribuci\u00f3n -in situ-, y fuera de la misma -ex situ- siendo <strong>fundamental la contribuci\u00f3n de centros como los BIOPARC<\/strong> en el mantenimiento coordinado de cr\u00eda controlada cient\u00edficamente.<\/p>\n<p class=\"ft-text ft-helper-align-justify\">De la mano de la <strong>Fundaci\u00f3n BIOPARC<\/strong>, el parque valenciano tiene un papel destacado en el Programa europeo de preservaci\u00f3n del elefante africano de sabana (Loxodonta africana). El objetivo es <strong>evitar su desaparici\u00f3n afianzando una poblaci\u00f3n \u201cde reserva\u201d bajo cuidado humano<\/strong> con un grupo suficiente de individuos, sanos y con la conveniente diversidad gen\u00e9tica para asegurar su viabilidad a largo plazo, que <strong>puede ser vital en el futuro<\/strong>. El nacimiento dentro de este programa de dos <strong>cr\u00edas, Makena y Malik de tres y dos a\u00f1os respectivamente, significan la esperanza para su especie<\/strong>. Este terrible suceso no disminuye nuestro empe\u00f1o y entusiasmo en el compromiso por salvar de la extinci\u00f3n a los elefantes, el animal terrestre m\u00e1s grande que existe y estas dos preciosas y joviales cr\u00edas son, ahora m\u00e1s que nunca, <strong>el mejor acicate para continuar<\/strong>.<\/p>\n","protected":false},"excerpt":{"rendered":"En un parque de vida como es BIOPARC Valencia es necesario afrontar tambi\u00e9n los momentos m\u00e1s dif\u00edciles, realmente&hellip;\n","protected":false},"author":2,"featured_media":505074,"comment_status":"","ping_status":"","sticky":false,"template":"","format":"standard","meta":{"footnotes":""},"categories":[8],"tags":[4205,3685,101008,17,18,101007,25,24,5992,13,14,11,19,20,20337,4920,9,10,15,16,696,23,12,21,22,235],"class_list":["post-505073","post","type-post","status-publish","format-standard","has-post-thumbnail","category-espana","tag-accidente","tag-animales","tag-bioparc","tag-breaking-news","tag-breakingnews","tag-elefantas","tag-es","tag-espana","tag-fallece","tag-featured-news","tag-featurednews","tag-headlines","tag-latest-news","tag-latestnews","tag-miri","tag-muerte","tag-news","tag-noticias","tag-noticias-destacadas","tag-noticiasdestacadas","tag-poblacion","tag-spain","tag-titulares","tag-ultimas-noticias","tag-ultimasnoticias","tag-valencia"],"share_on_mastodon":{"url":"https:\/\/pubeurope.com\/@es\/116427447991057535","error":""},"_links":{"self":[{"href":"https:\/\/www.europesays.com\/es\/wp-json\/wp\/v2\/posts\/505073","targetHints":{"allow":["GET"]}}],"collection":[{"href":"https:\/\/www.europesays.com\/es\/wp-json\/wp\/v2\/posts"}],"about":[{"href":"https:\/\/www.europesays.com\/es\/wp-json\/wp\/v2\/types\/post"}],"author":[{"embeddable":true,"href":"https:\/\/www.europesays.com\/es\/wp-json\/wp\/v2\/users\/2"}],"replies":[{"embeddable":true,"href":"https:\/\/www.europesays.com\/es\/wp-json\/wp\/v2\/comments?post=505073"}],"version-history":[{"count":0,"href":"https:\/\/www.europesays.com\/es\/wp-json\/wp\/v2\/posts\/505073\/revisions"}],"wp:featuredmedia":[{"embeddable":true,"href":"https:\/\/www.europesays.com\/es\/wp-json\/wp\/v2\/media\/505074"}],"wp:attachment":[{"href":"https:\/\/www.europesays.com\/es\/wp-json\/wp\/v2\/media?parent=505073"}],"wp:term":[{"taxonomy":"category","embeddable":true,"href":"https:\/\/www.europesays.com\/es\/wp-json\/wp\/v2\/categories?post=505073"},{"taxonomy":"post_tag","embeddable":true,"href":"https:\/\/www.europesays.com\/es\/wp-json\/wp\/v2\/tags?post=505073"}],"curies":[{"name":"wp","href":"https:\/\/api.w.org\/{rel}","templated":true}]}}