{"id":505278,"date":"2026-04-18T22:37:12","date_gmt":"2026-04-18T22:37:12","guid":{"rendered":"https:\/\/www.europesays.com\/es\/505278\/"},"modified":"2026-04-18T22:37:12","modified_gmt":"2026-04-18T22:37:12","slug":"toda-miranda-pedalea-con-la-ebro-gold-ride","status":"publish","type":"post","link":"https:\/\/www.europesays.com\/es\/505278\/","title":{"rendered":"Toda Miranda pedalea con la Ebro Gold Ride"},"content":{"rendered":"<p>La\u00a0Ebro Gold Ride 2026\u00a0ha reunido hoy a\u00a0550 ciclistas en Miranda de Ebro. La organizaci\u00f3n estima que el\u00a0evento generar\u00e1 un\u00a0impacto econ\u00f3mico estimado superior a los 150.000 euros, lo que posiciona a esta marcha como una de las actividades l\u00fadico-deportivas con mayor capacidad de atracci\u00f3n tur\u00edstica del calendario local.<\/p>\n<p>El trazado, de\u00a0aproximadamente 140 kil\u00f3metros y m\u00e1s de 2.200 metros de desnivel positivo, ha vuelto a destacar por su car\u00e1cter \u00abrompepiernas\u00bb, inspirado en las cl\u00e1sicas ardenas belgas. Los ciclistas han atravesado enclaves como\u00a0San Juan del Monte,\u00a0Valdegov\u00eda,\u00a0Salinas de A\u00f1ana\u00a0y diversas localidades del entorno, enlazando hasta\u00a012 cotas\u00a0y carreteras sinuosas muy valoradas por el cicloturismo nacional.<\/p>\n<p>El\u00a090% de los participantes procede de fuera de Miranda, con presencia destacada de ciclistas de Burgos, Bizkaia, \u00c1lava, Gipuzkoa, La Rioja, Cantabria y Madrid, adem\u00e1s de corredores llegados desde Navarra, Zaragoza, C\u00e1ceres, Valladolid y Barcelona. Con cerca de\u00a0250 pernoctaciones, lo que generar\u00e1 actividad directa en hoteles, restaurantes, comercio local y servicios. A ello se suma el presupuesto propio del evento, cercano a los\u00a050.000 euros, invertido mayoritariamente en proveedores locales.<\/p>\n<p>Adem\u00e1s, la marcha refuerza la posici\u00f3n de Miranda de Ebro como\u00a0enclave estrat\u00e9gico para el cicloturismo, un territorio con potencial para rutas durante todo el a\u00f1o y con una afici\u00f3n local que mantiene vivo el deporte m\u00e1s all\u00e1 de las grandes citas.\u00a0<\/p>\n<p>Pr\u00e1cticamente sin descanso, el Club Ciclista Stagiaires trabaja ya en la celebraci\u00f3n, el pr\u00f3ximo\u00a03 de octubre, de La Ermita\u00f1a, una marcha gravel que ya tiene abiertas sus inscripciones y que aspira a reunir a\u00a0350 ciclistas.<\/p>\n<p>\u00a0<\/p>\n","protected":false},"excerpt":{"rendered":"La\u00a0Ebro Gold Ride 2026\u00a0ha reunido hoy a\u00a0550 ciclistas en Miranda de Ebro. La organizaci\u00f3n estima que el\u00a0evento generar\u00e1&hellip;\n","protected":false},"author":2,"featured_media":505279,"comment_status":"","ping_status":"","sticky":false,"template":"","format":"standard","meta":{"footnotes":""},"categories":[273],"tags":[3935,313,312,168,25,24,17650,23,167],"class_list":["post-505278","post","type-post","status-publish","format-standard","has-post-thumbnail","category-ciclismo","tag-alava","tag-ciclismo","tag-cycling","tag-deportes","tag-es","tag-espana","tag-miranda-de-ebro","tag-spain","tag-sports"],"share_on_mastodon":{"url":"https:\/\/pubeurope.com\/@es\/116428108085339039","error":""},"_links":{"self":[{"href":"https:\/\/www.europesays.com\/es\/wp-json\/wp\/v2\/posts\/505278","targetHints":{"allow":["GET"]}}],"collection":[{"href":"https:\/\/www.europesays.com\/es\/wp-json\/wp\/v2\/posts"}],"about":[{"href":"https:\/\/www.europesays.com\/es\/wp-json\/wp\/v2\/types\/post"}],"author":[{"embeddable":true,"href":"https:\/\/www.europesays.com\/es\/wp-json\/wp\/v2\/users\/2"}],"replies":[{"embeddable":true,"href":"https:\/\/www.europesays.com\/es\/wp-json\/wp\/v2\/comments?post=505278"}],"version-history":[{"count":0,"href":"https:\/\/www.europesays.com\/es\/wp-json\/wp\/v2\/posts\/505278\/revisions"}],"wp:featuredmedia":[{"embeddable":true,"href":"https:\/\/www.europesays.com\/es\/wp-json\/wp\/v2\/media\/505279"}],"wp:attachment":[{"href":"https:\/\/www.europesays.com\/es\/wp-json\/wp\/v2\/media?parent=505278"}],"wp:term":[{"taxonomy":"category","embeddable":true,"href":"https:\/\/www.europesays.com\/es\/wp-json\/wp\/v2\/categories?post=505278"},{"taxonomy":"post_tag","embeddable":true,"href":"https:\/\/www.europesays.com\/es\/wp-json\/wp\/v2\/tags?post=505278"}],"curies":[{"name":"wp","href":"https:\/\/api.w.org\/{rel}","templated":true}]}}