{"id":50536,"date":"2025-08-16T03:05:12","date_gmt":"2025-08-16T03:05:12","guid":{"rendered":"https:\/\/www.europesays.com\/es\/50536\/"},"modified":"2025-08-16T03:05:12","modified_gmt":"2025-08-16T03:05:12","slug":"el-banderillero-juan-luis-moreno-herido-grave-en-guijuelo","status":"publish","type":"post","link":"https:\/\/www.europesays.com\/es\/50536\/","title":{"rendered":"El banderillero Juan Luis Moreno, herido grave en Guijuelo"},"content":{"rendered":"<p><img fetchpriority=\"high\" class=\"v-a-img\" src=\"https:\/\/www.europesays.com\/es\/wp-content\/uploads\/2025\/08\/cogida 2-RZwmsqKlWxYX2BQW0EnmaJI-1200x840@Gaceta Salamanca.JPG\" loading=\"eager\" decoding=\"async\" alt=\"Momento en el que Juan Luis Moreno es trasladado a la enfermer\u00eda.\"  width=\"1200\" height=\"840\"\/><\/p>\n<p>Momento en el que Juan Luis Moreno es trasladado a la enfermer\u00eda.          MENACHO        <\/p>\n<p>Result\u00f3 corneado por el quinto toros de la tarde de la ganader\u00eda de El Freixo, operado en la plaza de una herida grave y fue trasladado al hospital Universitario de Salamanca<\/p>\n<p><a class=\"v-mdl-ath__fig-a\" href=\"https:\/\/www.lagacetadesalamanca.es\/autor\/javier-lorenzo-5975.html\" title=\"Javier Lorenzo\" rel=\"nofollow noopener\" target=\"_blank\"><br \/>\n<img decoding=\"async\" class=\"v-mdl-ath__img\" src=\"https:\/\/www.europesays.com\/es\/wp-content\/uploads\/2025\/08\/autor-5975-foto-1.png\" alt=\"Javier Lorenzo\"\/><br \/>\n<\/a><\/p>\n<p class=\"v-mdl-ath__p v-mdl-ath__p--6\">\nViernes, 15 de agosto 2025, 22:49<\/p>\n<p>| Actualizado 23:00h.<\/p>\n<p class=\"v-p\">El banderillero Juan Luis Moreno, de la cuadrilla de Pedro Guti\u00e9rrez &#8216;El Capea&#8217; result\u00f3 herido grave esta tarde en la corrida de toros que se celebr\u00f3 en la plaza de toros de Guijuelo. El banderillero extreme\u00f1o fue el encargado de lidiar al quinto toro de la funci\u00f3n, <strong>Travieso, de la ganader\u00eda de El Freixo (propiedad de El Juli)<\/strong>, en ese momento tropez\u00f3 y cay\u00f3 en la cara, quedando a merced del animal que hizo por \u00e9l y con el torero tendido en el suelo le propin\u00f3 una cornada en la parte posterior del muslo derecho. En cuanto llegaron los compa\u00f1eros en su auxilio y pudo incorporarse de inmediato <strong>comenz\u00f3 a sangrar profusamente la herida de una manera evidente<\/strong> mientras le conduc\u00edan al quir\u00f3fano port\u00e1til instalado en la propia plaza de toros. All\u00ed fue atendido por el quipo comandado por el <strong>doctor Dom\u00ednguez<\/strong> que firm\u00f3 el siguiente parte m\u00e9dico: <\/p>\n<p class=\"v-p\">\u00abHerida por asta de toro en cara posterior, tercio superior del muslo derecho de dos trayectorias, una ascendente de 10 cent\u00edmetros, y otra inferior de 15 en m\u00fasculo b\u00edceps femoral derecha. Rotura de vasos venosos y anteriores superficiales, con lesiones venosas y arteriales, sin lesiones graves. Pron\u00f3stico grave salvo complicaciones. Trasladado al Hospital de Salamanca\u00bb.<\/p>\n<p><img decoding=\"async\" loading=\"lazy\" src=\"https:\/\/www.europesays.com\/es\/wp-content\/uploads\/2025\/08\/cogida 1_20250815224629-U80012577073IFd-650x455@Gaceta Salamanca.JPG\" class=\"v-a-img\" width=\"650\" height=\"455\" alt=\"Momento en el que el toro de El Freixo infiere la cornada a Juan Luis Moreno.\" data-voc-vtm-id=\"in-text-traffic\"\/><\/p>\n<p>Momento en el que el toro de El Freixo infiere la cornada a Juan Luis Moreno.<\/p>\n<p>MENACHO<\/p>\n<p><img loading=\"lazy\" decoding=\"async\" src=\"https:\/\/www.europesays.com\/es\/wp-content\/uploads\/2025\/08\/cogida 1_20250815224629-U80012577073IFd-650x455@Gaceta Salamanca.JPG\" class=\"v-mdl__img-z\" width=\"650\" height=\"455\" alt=\"\"\/><\/p>\n<p>Comenta<\/p>\n<p>Reporta un error<\/p>\n","protected":false},"excerpt":{"rendered":"Momento en el que Juan Luis Moreno es trasladado a la enfermer\u00eda. MENACHO Result\u00f3 corneado por el quinto&hellip;\n","protected":false},"author":2,"featured_media":50537,"comment_status":"","ping_status":"","sticky":false,"template":"","format":"standard","meta":{"footnotes":""},"categories":[91],"tags":[22482,146,147,25,24,12050,4203,53,409,7820,1712,23],"class_list":{"0":"post-50536","1":"post","2":"type-post","3":"status-publish","4":"format-standard","5":"has-post-thumbnail","7":"category-entretenimiento","8":"tag-banderillero","9":"tag-entertainment","10":"tag-entretenimiento","11":"tag-es","12":"tag-espana","13":"tag-grave","14":"tag-guijuelo","15":"tag-herido","16":"tag-juan","17":"tag-luis","18":"tag-moreno","19":"tag-spain"},"share_on_mastodon":{"url":"","error":""},"_links":{"self":[{"href":"https:\/\/www.europesays.com\/es\/wp-json\/wp\/v2\/posts\/50536","targetHints":{"allow":["GET"]}}],"collection":[{"href":"https:\/\/www.europesays.com\/es\/wp-json\/wp\/v2\/posts"}],"about":[{"href":"https:\/\/www.europesays.com\/es\/wp-json\/wp\/v2\/types\/post"}],"author":[{"embeddable":true,"href":"https:\/\/www.europesays.com\/es\/wp-json\/wp\/v2\/users\/2"}],"replies":[{"embeddable":true,"href":"https:\/\/www.europesays.com\/es\/wp-json\/wp\/v2\/comments?post=50536"}],"version-history":[{"count":0,"href":"https:\/\/www.europesays.com\/es\/wp-json\/wp\/v2\/posts\/50536\/revisions"}],"wp:featuredmedia":[{"embeddable":true,"href":"https:\/\/www.europesays.com\/es\/wp-json\/wp\/v2\/media\/50537"}],"wp:attachment":[{"href":"https:\/\/www.europesays.com\/es\/wp-json\/wp\/v2\/media?parent=50536"}],"wp:term":[{"taxonomy":"category","embeddable":true,"href":"https:\/\/www.europesays.com\/es\/wp-json\/wp\/v2\/categories?post=50536"},{"taxonomy":"post_tag","embeddable":true,"href":"https:\/\/www.europesays.com\/es\/wp-json\/wp\/v2\/tags?post=50536"}],"curies":[{"name":"wp","href":"https:\/\/api.w.org\/{rel}","templated":true}]}}