{"id":50548,"date":"2025-08-16T03:15:09","date_gmt":"2025-08-16T03:15:09","guid":{"rendered":"https:\/\/www.europesays.com\/es\/50548\/"},"modified":"2025-08-16T03:15:09","modified_gmt":"2025-08-16T03:15:09","slug":"becker-escoge-al-tenista-mas-temido-entre-federer-nadal-y-djokovic","status":"publish","type":"post","link":"https:\/\/www.europesays.com\/es\/50548\/","title":{"rendered":"Becker escoge al tenista m\u00e1s temido entre Federer, Nadal y Djokovic"},"content":{"rendered":"<p data-testid=\"paragraph\" class=\"mb-[20px] md:mb-[30px] break-word\">Si ganaste seis Grand Slams, una medalla de oro ol\u00edmpica y fuiste n\u00famero 1 del mundo, puedes hablar todo lo que quieras de tenis y eso es justamente lo que hace <strong><a href=\"https:\/\/redgol.cl\/tema\/boris-becker\" target=\"_blank\" rel=\"noreferrer noopener nofollow\" class=\"break-word font-articleLinkText text-articleLinkText hover:text-articleLinkTextHover hover:bg-articleLinkTextHoverBg cursor-pointer border-solid border-b-articleLinkTextHover\">Boris Becker<\/a><\/strong>.<\/p>\n<p data-testid=\"paragraph\" class=\"mb-[20px] md:mb-[30px] break-word\">El alem\u00e1n volador se dedica a comentar, entrenar y tambi\u00e9n dar entrevistas, siempre con el deporte blanco como principal foco.<\/p>\n<p data-testid=\"paragraph\" class=\"mb-[20px] md:mb-[30px] break-word\">El tres veces campe\u00f3n de Wimbledon habl\u00f3 con El Mundo, donde el principal t\u00f3pico fue escoger al mejor jugador de la historia, donde obviamente salieron al baile <strong><a href=\"https:\/\/redgol.cl\/tema\/roger-federer\" target=\"_blank\" rel=\"noreferrer noopener nofollow\" class=\"break-word font-articleLinkText text-articleLinkText hover:text-articleLinkTextHover hover:bg-articleLinkTextHoverBg cursor-pointer border-solid border-b-articleLinkTextHover\">Roger Federer<\/a><\/strong>, <strong><a href=\"https:\/\/redgol.cl\/tema\/rafael-nadal\" target=\"_blank\" rel=\"noreferrer noopener nofollow\" class=\"break-word font-articleLinkText text-articleLinkText hover:text-articleLinkTextHover hover:bg-articleLinkTextHoverBg cursor-pointer border-solid border-b-articleLinkTextHover\">Rafael Nadal<\/a><\/strong> y <strong><a href=\"https:\/\/redgol.cl\/tema\/novak-djokovic\" target=\"_blank\" rel=\"noreferrer noopener nofollow\" class=\"break-word font-articleLinkText text-articleLinkText hover:text-articleLinkTextHover hover:bg-articleLinkTextHoverBg cursor-pointer border-solid border-b-articleLinkTextHover\">Novak Djokovic<\/a><\/strong>.<\/p>\n<p><a title=\"Adi\u00f3s tenis: Marcelo R\u00edos cuelga la raqueta y sorprende al mundo jugando f\u00fatbol con su hija\" href=\"https:\/\/redgol.cl\/tenis\/adios-tenis-marcelo-rios-cuelga-la-raqueta-y-sorprende-al-mundo-jugando-futbol-con-su-hija\" target=\"_self\" rel=\"nofollow noopener\" class=\"article-also-read-embed\"><img decoding=\"async\" class=\"aspect-square max-w-[100px] m-[10px] md:m-0\" src=\"https:\/\/www.europesays.com\/es\/wp-content\/uploads\/2025\/08\/1755314109_350_image\" alt=\"Adi\u00f3s tenis: Marcelo R\u00edos cuelga la raqueta y sorprende al mundo jugando f\u00fatbol con su hija\" width=\"200\" height=\"200\" loading=\"lazy\"\/><\/p>\n<p class=\"font-secondary my-[13px] uppercase text-alsoReadSeeAlso bg-alsoReadSeeAlsoBackground alsoReadSeeAlso w-fit\">ver tambi\u00e9n<\/p>\n<p class=\"w-full line-clamp-3 md:line-clamp-2 text-alsoReadEmbedTitle font-primary alsoReadLink\">Adi\u00f3s tenis: Marcelo R\u00edos cuelga la raqueta y sorprende al mundo jugando f\u00fatbol con su hija<\/p>\n<p><\/a>El tenista m\u00e1s temido de la historia seg\u00fan Boris Becker<\/p>\n<p data-testid=\"paragraph\" class=\"mb-[20px] md:mb-[30px] break-word\">Boris Becker tiene al suizo, al espa\u00f1ol y al serbio en un altar: <strong>\u201cles llamo los tres GOATs por una raz\u00f3n, ya que cada uno ha sido el mejor a su manera<\/strong>\u201c.<\/p>\n<p data-testid=\"paragraph\" class=\"mb-[20px] md:mb-[30px] break-word\">Luego, el alem\u00e1n tuvo una particular mirada para decir que Nole, Roger y Rafa son los m\u00e1s grandes de todos.<\/p>\n<p><img decoding=\"async\" src=\"https:\/\/www.europesays.com\/es\/wp-content\/uploads\/2025\/08\/RDG_20250814_RDG_1145628_Rafael-Nadal-Roger-Federer-Novak-Djokovic-1024x666_29112ca8.webp&#038;width=1024.webp\" width=\"1024\" height=\"666\" alt=\"Roger Federer, Rafael Nadal and Novak Djokovic fueron analizados por Boris Becker. (Photo by Julian Finney\/Getty Images for Laver Cup)\" class=\"h-auto\" loading=\"lazy\"\/><\/p>\n<p class=\"text-center mt-5 text-[14px] leading-[20px] font-normal\">Roger Federer, Rafael Nadal and Novak Djokovic fueron analizados por Boris Becker. (Photo by Julian Finney\/Getty Images for Laver Cup)<\/p>\n<p data-testid=\"paragraph\" class=\"mb-[20px] md:mb-[30px] break-word\">\u201c<strong>Yo dir\u00eda que Djokovic ha sido el m\u00e1s exitoso, Federer el m\u00e1s popular y Nadal el m\u00e1s temido<\/strong>\u201c, explic\u00f3.<\/p>\n<p data-testid=\"paragraph\" class=\"mb-[20px] md:mb-[30px] break-word\">Por \u00faltimo, profundiz\u00f3 en su descripci\u00f3n sobre el jugador espa\u00f1ol: <strong>\u201csab\u00edas que no hab\u00eda nada que pudieras hacer. Vencerle era el \u00fanico imposible en un deporte en el que cualquier cosa es posible<\/strong>\u201c.<\/p>\n<p><a title=\"Gan\u00f3 8 Grand Slams, fue gran rival del Chino R\u00edos y jug\u00f3 una final con peluca\" href=\"https:\/\/redgol.cl\/tenis\/gano-8-grand-slams-fue-gran-rival-del-chino-rios-y-jugo-una-final-con-peluca\" target=\"_self\" rel=\"nofollow noopener\" class=\"article-also-read-embed\"><img decoding=\"async\" class=\"aspect-square max-w-[100px] m-[10px] md:m-0\" src=\"https:\/\/www.europesays.com\/es\/wp-content\/uploads\/2025\/08\/1755314109_619_image\" alt=\"Gan\u00f3 8 Grand Slams, fue gran rival del Chino R\u00edos y jug\u00f3 una final con peluca\" width=\"200\" height=\"200\" loading=\"lazy\"\/><\/p>\n<p class=\"font-secondary my-[13px] uppercase text-alsoReadSeeAlso bg-alsoReadSeeAlsoBackground alsoReadSeeAlso w-fit\">ver tambi\u00e9n<\/p>\n<p class=\"w-full line-clamp-3 md:line-clamp-2 text-alsoReadEmbedTitle font-primary alsoReadLink\">Gan\u00f3 8 Grand Slams, fue gran rival del Chino R\u00edos y jug\u00f3 una final con peluca<\/p>\n<p><\/a><\/p>\n","protected":false},"excerpt":{"rendered":"Si ganaste seis Grand Slams, una medalla de oro ol\u00edmpica y fuiste n\u00famero 1 del mundo, puedes hablar&hellip;\n","protected":false},"author":2,"featured_media":50549,"comment_status":"","ping_status":"","sticky":false,"template":"","format":"standard","meta":{"footnotes":""},"categories":[274],"tags":[14526,168,25,24,547,3439,3440,23,167,327,326],"class_list":{"0":"post-50548","1":"post","2":"type-post","3":"status-publish","4":"format-standard","5":"has-post-thumbnail","7":"category-tenis","8":"tag-boris-becker","9":"tag-deportes","10":"tag-es","11":"tag-espana","12":"tag-novak-djokovic","13":"tag-rafael-nadal","14":"tag-roger-federer","15":"tag-spain","16":"tag-sports","17":"tag-tenis","18":"tag-tennis"},"share_on_mastodon":{"url":"","error":""},"_links":{"self":[{"href":"https:\/\/www.europesays.com\/es\/wp-json\/wp\/v2\/posts\/50548","targetHints":{"allow":["GET"]}}],"collection":[{"href":"https:\/\/www.europesays.com\/es\/wp-json\/wp\/v2\/posts"}],"about":[{"href":"https:\/\/www.europesays.com\/es\/wp-json\/wp\/v2\/types\/post"}],"author":[{"embeddable":true,"href":"https:\/\/www.europesays.com\/es\/wp-json\/wp\/v2\/users\/2"}],"replies":[{"embeddable":true,"href":"https:\/\/www.europesays.com\/es\/wp-json\/wp\/v2\/comments?post=50548"}],"version-history":[{"count":0,"href":"https:\/\/www.europesays.com\/es\/wp-json\/wp\/v2\/posts\/50548\/revisions"}],"wp:featuredmedia":[{"embeddable":true,"href":"https:\/\/www.europesays.com\/es\/wp-json\/wp\/v2\/media\/50549"}],"wp:attachment":[{"href":"https:\/\/www.europesays.com\/es\/wp-json\/wp\/v2\/media?parent=50548"}],"wp:term":[{"taxonomy":"category","embeddable":true,"href":"https:\/\/www.europesays.com\/es\/wp-json\/wp\/v2\/categories?post=50548"},{"taxonomy":"post_tag","embeddable":true,"href":"https:\/\/www.europesays.com\/es\/wp-json\/wp\/v2\/tags?post=50548"}],"curies":[{"name":"wp","href":"https:\/\/api.w.org\/{rel}","templated":true}]}}