{"id":50556,"date":"2025-08-16T03:19:12","date_gmt":"2025-08-16T03:19:12","guid":{"rendered":"https:\/\/www.europesays.com\/es\/50556\/"},"modified":"2025-08-16T03:19:12","modified_gmt":"2025-08-16T03:19:12","slug":"estoy-convencido-que-se-jugara","status":"publish","type":"post","link":"https:\/\/www.europesays.com\/es\/50556\/","title":{"rendered":"Estoy convencido que se jugar\u00e1"},"content":{"rendered":"<p class=\"ft-text\"><strong>Javier Tebas <\/strong>habl\u00f3 sobre el encuentro que la Liga pretende llevar a Estados Unidos entre FC Barcelona y Villarreal. El presidente de LaLiga est\u00e1 convencido que el partido se va a jugar en Miami a pesar de las oposiciones de algunos clubes como el Real Madrid o el Getafe.<\/p>\n<p class=\"ft-text\"><strong>\u00abEstoy convencido que se jugar\u00e1 el partido en Miami. Esta temporada s\u00ed. Hay que recordar que es un proceso que empiezan solicitando los clubes. <\/strong>Evidentemente, estamos empujando porque nos parece adecuado. Ha sido la Federaci\u00f3n, que otras veces nos encall\u00e1bamos ah\u00ed. Ahora toca la UEFA y la FIFA, estamos en ello\u00bb, afirm\u00f3 en una entrevista en Radio Nacional.<\/p>\n<p>\u00abSe est\u00e1 haciendo un problema mucho mayor del que es\u00bb<\/p>\n<p class=\"ft-text\">A pesar de todas las cr\u00edticas por este encuentro fuera de Espa\u00f1a, el presidente se defiende diciendo que se han cambiado muchos encuentros y competiciones de lugar y no ha pasado nada. Adem\u00e1s, Tebas recuerda que esta posibilidad se lleva estudiando mucho tiempo: \u00abEl a\u00f1o pasado el Marbella &#8211; Atl\u00e9tico de Madrid de la Copa del Rey se jug\u00f3 en la Rosaleda y no pas\u00f3 por ninguna asamblea. L<strong>os clubes son soberanos para decidir donde jugar. Este tema ya lo hablamos en el a\u00f1o 2018 o 2019 y la gran mayor\u00eda estaba de acuerdo<\/strong>. Fernando Roig est\u00e1 completamente a favor y el Bar\u00e7a tambi\u00e9n, lo han pedido. La Serie A italiana est\u00e1 tambi\u00e9n queriendo ir a jugar un partido en Estados Unidos o Australia. No parece que les suponga ning\u00fan problema. Hay otras competiciones que se juegan fuera de Espa\u00f1a. Se ha jugado y sigue jugando la Supercopa en Arabia. <strong>Se est\u00e1 haciendo un problema mucho mayor del que es\u00bb<\/strong><\/p>\n<p><img decoding=\"async\" src=\"https:\/\/www.europesays.com\/es\/wp-content\/uploads\/2025\/08\/23b8e224-da0a-420b-a18d-b1a208439476_alta-libre-aspect-ratio_default_0.jpg\" width=\"1200\" height=\"800\" alt=\"Joan Laporta y Javier Tebas durante un acto de LaLiga\" class=\"ft-helper-img-rd\" loading=\"lazy\" hasdataaida=\"true\"\/><\/p>\n<p class=\"ft-helper-fontColor-quaternary ft-helper-fontSize-body-S ft-helper-spacer-t-xxs\">Joan Laporta y Javier Tebas durante un acto de LaLiga  \/ LALIGA<\/p>\n<p>\u00abSi la NFL viene a Espa\u00f1a todos estamos contentos\u00bb<\/p>\n<p class=\"ft-text\">Tebas afirma que las Ligas Nacionales deben hacer cosas diferentes o terminar\u00e1n siendo \u00ab<strong>irrelevantes<\/strong>\u00bb con todas las nuevas competiciones que est\u00e1n naciendo o est\u00e1n siendo modificadas. Tambi\u00e9n recuerda el caso de la NFL o la NBA: <strong>\u00abSi vienen a Espa\u00f1a estamos todos encantados. No se porque nos ponemos as\u00ed por un solo partido de 180\u00bb.<\/strong><\/p>\n<p><img decoding=\"async\" src=\"https:\/\/www.europesays.com\/es\/wp-content\/uploads\/2025\/08\/378a3c12-aad4-4007-9ca6-469fb459f719_alta-libre-aspect-ratio_default_0.jpg\" width=\"1200\" height=\"675\" alt=\"El Santiago Bernab\u00e9u, sede de un partido NFL en 2025\" class=\"ft-helper-img-rd\" loading=\"lazy\" hasdataaida=\"true\"\/><\/p>\n<p class=\"ft-helper-fontColor-quaternary ft-helper-fontSize-body-S ft-helper-spacer-t-xxs\">El Santiago Bernab\u00e9u, sede de un partido NFL en 2025  \/ AGENCIAS<\/p>\n<p class=\"ft-text\">Una de las grandes afirmaciones que utilizan los que est\u00e1n en contra de este encuentro es que este partido adulterar\u00eda la competici\u00f3n. El Bar\u00e7a pasar\u00eda de jugar un encuentro fuera de casa en La Cer\u00e1mica a jugarlo en Miami donde la afici\u00f3n ser\u00eda pr\u00e1cticamente toda del conjunto azulgrana. Tebas tampoco est\u00e1 de acuerdo con esto y lanz\u00f3 unos cuantos dardos al Real Madrid: <strong>\u00abNo es nada manipulado. Estamos hablando de un tema de\u00a0<\/strong><strong>integritis<\/strong><strong>. Con la pol\u00e9mica que hubo la pasada temporada con los horarios de partidos y los descansos<\/strong>. Ya desde hace a\u00f1os los equipos que juegan Europa League tienen menos descansos. \u00bfAfecta a la integridad de la Copa del Rey lo del campo del M\u00e1laga? \u00bfAfecta a la integridad de la Supercopa que se juegue en Arabia? Si todo esto afecta a la integridad de la competici\u00f3n, pues s\u00ed. Entonces habr\u00e1 que reformarlo todo. Si nos da un ataque de\u00a0integritis, tenemos que analizar much\u00edsimas cosas.<strong> Adem\u00e1s, el Villarreal lleva los seis \u00faltimos partidos ante el Bar\u00e7a perdidos en La Cer\u00e1mica\u00bb<\/strong>, sentenci\u00f3.<\/p>\n<p class=\"ft-text\">Para finalizar, Tebas confirm\u00f3 que la decisi\u00f3 final sobre si el Villarreal &#8211; Bar\u00e7a se juega en Miami<strong> se sabr\u00e1 a finales del mes de setiembre.<\/strong><\/p>\n","protected":false},"excerpt":{"rendered":"Javier Tebas habl\u00f3 sobre el encuentro que la Liga pretende llevar a Estados Unidos entre FC Barcelona y&hellip;\n","protected":false},"author":2,"featured_media":50557,"comment_status":"","ping_status":"","sticky":false,"template":"","format":"standard","meta":{"footnotes":""},"categories":[268],"tags":[22485,168,25,24,280,282,653,10660,6584,1045,281,23,167,17742,9607],"class_list":{"0":"post-50556","1":"post","2":"type-post","3":"status-publish","4":"format-standard","5":"has-post-thumbnail","7":"category-futbol","8":"tag-convencido","9":"tag-deportes","10":"tag-es","11":"tag-espana","12":"tag-football","13":"tag-futbol","14":"tag-javier-tebas","15":"tag-jugara","16":"tag-miami","17":"tag-partido","18":"tag-soccer","19":"tag-spain","20":"tag-sports","21":"tag-tebas","22":"tag-villarreal-cf"},"share_on_mastodon":{"url":"","error":""},"_links":{"self":[{"href":"https:\/\/www.europesays.com\/es\/wp-json\/wp\/v2\/posts\/50556","targetHints":{"allow":["GET"]}}],"collection":[{"href":"https:\/\/www.europesays.com\/es\/wp-json\/wp\/v2\/posts"}],"about":[{"href":"https:\/\/www.europesays.com\/es\/wp-json\/wp\/v2\/types\/post"}],"author":[{"embeddable":true,"href":"https:\/\/www.europesays.com\/es\/wp-json\/wp\/v2\/users\/2"}],"replies":[{"embeddable":true,"href":"https:\/\/www.europesays.com\/es\/wp-json\/wp\/v2\/comments?post=50556"}],"version-history":[{"count":0,"href":"https:\/\/www.europesays.com\/es\/wp-json\/wp\/v2\/posts\/50556\/revisions"}],"wp:featuredmedia":[{"embeddable":true,"href":"https:\/\/www.europesays.com\/es\/wp-json\/wp\/v2\/media\/50557"}],"wp:attachment":[{"href":"https:\/\/www.europesays.com\/es\/wp-json\/wp\/v2\/media?parent=50556"}],"wp:term":[{"taxonomy":"category","embeddable":true,"href":"https:\/\/www.europesays.com\/es\/wp-json\/wp\/v2\/categories?post=50556"},{"taxonomy":"post_tag","embeddable":true,"href":"https:\/\/www.europesays.com\/es\/wp-json\/wp\/v2\/tags?post=50556"}],"curies":[{"name":"wp","href":"https:\/\/api.w.org\/{rel}","templated":true}]}}