{"id":505603,"date":"2026-04-19T03:31:23","date_gmt":"2026-04-19T03:31:23","guid":{"rendered":"https:\/\/www.europesays.com\/es\/505603\/"},"modified":"2026-04-19T03:31:23","modified_gmt":"2026-04-19T03:31:23","slug":"joschka-fischer-expolitico-putin-no-se-detendra-seguira-avanzando-hacia-occidente-ideas","status":"publish","type":"post","link":"https:\/\/www.europesays.com\/es\/505603\/","title":{"rendered":"Joschka Fischer, expol\u00edtico: \u201cPutin no se detendr\u00e1, seguir\u00e1 avanzando hacia Occidente\u201d | Ideas"},"content":{"rendered":"<p class=\"\">Hay im\u00e1genes que nunca desaparecen de la retina de un pa\u00eds, de su memoria pol\u00edtica y popular. Una de ellas es la de Joschka Fischer (Gerabronn, Alemania, 78 a\u00f1os) <a href=\"https:\/\/elpais.com\/elpais\/2020\/02\/04\/eps\/1580817472_280345.html\" target=\"_self\" rel=\"nofollow noopener\" title=\"https:\/\/elpais.com\/elpais\/2020\/02\/04\/eps\/1580817472_280345.html\">con zapatillas deportivas jurando el cargo de ministro <\/a>en el Estado federado de Hesse, en 1985. Por primera vez Los Verdes, movimiento asambleario nacido unos a\u00f1os antes, entraba en un Gobierno regional. Era un cambio de \u00e9poca. Trece a\u00f1os despu\u00e9s, <a href=\"https:\/\/elpais.com\/autor\/joschka-fischer\/\" target=\"_self\" rel=\"nofollow noopener\" title=\"https:\/\/elpais.com\/autor\/joschka-fischer\/\">Fischer <\/a>se convertir\u00eda en vicecanciller y ministro de Exteriores del primer Gobierno federal con Los Verdes, aliados con el Partido Socialdem\u00f3crata <a href=\"https:\/\/elpais.com\/internacional\/2024-04-06\/schroder-reivindica-su-amistad-de-hombres-con-putin-en-un-documental-donde-se-muestra-indiferente-ante-las-criticas.html\" target=\"_self\" rel=\"nofollow noopener\" title=\"https:\/\/elpais.com\/internacional\/2024-04-06\/schroder-reivindica-su-amistad-de-hombres-con-putin-en-un-documental-donde-se-muestra-indiferente-ante-las-criticas.html\">del canciller Gerhard Schr\u00f6der. <\/a><\/p>\n<p class=\"\">Todo esto queda lejos. Ahora Joschka Fischer es un venerable abuelo que visita a menudo Andaluc\u00eda, donde viven sus nietos, un perspicaz observador del mundo y autor de ensayos pol\u00edticos (el m\u00e1s reciente, Die Kriege der Gegenwart und der Beginn einer neuen Weltordnung, las guerras del presente y el inicio de un nuevo orden mundial, sin traducir al espa\u00f1ol), pero no ha perdido la pasi\u00f3n por argumentar y convencer. En la sala donde se desarrolla la conversaci\u00f3n, en unas oficinas en el centro del viejo Berl\u00edn Occidental, tiene una foto de una reuni\u00f3n de ministros de Exteriores del G-7 en Canad\u00e1, con una dedicatoria del anfitri\u00f3n, alusi\u00f3n a sus combates juveniles: \u201cJoschka, un verdadero anarquista, nunca un trotskista\u201d.<\/p>\n<p>M\u00e1s informaci\u00f3n<\/p>\n<p class=\"\"><b>Pregunta. <\/b>En su \u00faltimo libro, escribe: \u201cLa pregunta geopol\u00edtica decisiva en los pr\u00f3ximos a\u00f1os es: \u2018\u00bfQu\u00e9 quiere Estados Unidos?\u201d. Se lo pregunto ahora. \u00bfQu\u00e9 quiere Estados Unidos? \u00bfLo sabemos?<\/p>\n<p class=\"\"><b>Respuesta.<\/b> Pienso que est\u00e1 claro lo que no quiere. <a href=\"https:\/\/elpais.com\/internacional\/2025-12-08\/trump-europa-tiene-que-tener-cuidado-va-en-mala-direccion.html\" target=\"_self\" rel=\"nofollow noopener\" title=\"https:\/\/elpais.com\/internacional\/2025-12-08\/trump-europa-tiene-que-tener-cuidado-va-en-mala-direccion.html\">No quiere responsabilizarse de Europa,<\/a> y por esto cuestiona a la OTAN. Lo lejos que est\u00e1 dispuesto [el presidente estadounidense] Donald Trump a ir en la pol\u00edtica interior lo veremos en oto\u00f1o, si hay elecciones libres y justas. La alianza transatl\u00e1ntica todav\u00eda existe formalmente, pero en la sustancia ya no.<\/p>\n<p class=\"\"><b>P.<\/b> \u00bfQu\u00e9 consecuencias tiene?<\/p>\n<p class=\"\"><b>R.<\/b> Europa est\u00e1 sola por primera vez desde el final de la II Guerra Mundial. Estamos solos con una amenaza en el flanco oriental de Europa y de la OTAN. Es una situaci\u00f3n hist\u00f3rica totalmente nueva.<\/p>\n<p class=\"\"><b>P.<\/b> \u00bfEuropa est\u00e1 preparada?<\/p>\n<p class=\"\"><b>R.<\/b> No<\/p>\n<p class=\"\"><b>P. <\/b>\u00bfQu\u00e9 hacer?<\/p>\n<p class=\"\"><b>R. <\/b>Debemos prepararnos para <a href=\"https:\/\/elpais.com\/internacional\/2026-01-24\/estados-unidos-confirma-que-a-partir-de-ahora-dara-un-apoyo-mas-limitado-a-sus-aliados.html\" target=\"_self\" rel=\"nofollow noopener\" title=\"https:\/\/elpais.com\/internacional\/2026-01-24\/estados-unidos-confirma-que-a-partir-de-ahora-dara-un-apoyo-mas-limitado-a-sus-aliados.html\">el fin de la protecci\u00f3n militar americana<\/a>. Veremos si la OTAN sobrevive. Har\u00edamos bien, los europeos, en no renunciar a la OTAN y en mantener unida la parte europea e invertir masivamente en seguridad. No nos queda otra opci\u00f3n.<\/p>\n<p class=\"\"><b>P.<\/b> Los europeos \u00bfdeben intentar convencer a Trump <a href=\"https:\/\/elpais.com\/internacional\/2025-06-29\/mark-rutte-adulador-en-jefe-de-donald-trump.html\" target=\"_self\" rel=\"nofollow noopener\" title=\"https:\/\/elpais.com\/internacional\/2025-06-29\/mark-rutte-adulador-en-jefe-de-donald-trump.html\">agasaj\u00e1ndolo como lo hace Mark Rutte, <\/a>el secretario general de la OTAN?<\/p>\n<p class=\"\"><b>R.<\/b> No puedo hacerle ning\u00fan reproche a Rutte, pero tampoco puedo criticar <a href=\"https:\/\/elpais.com\/america-colombia\/2026-03-10\/pedro-sanchez-le-marca-limites-a-donald-trump.html\" target=\"_self\" rel=\"nofollow noopener\" title=\"https:\/\/elpais.com\/america-colombia\/2026-03-10\/pedro-sanchez-le-marca-limites-a-donald-trump.html\">a Pedro S\u00e1nchez<\/a> [el presidente espa\u00f1ol que, al contrario que Rutte, se enfrenta a Trump]. Ambos tienen raz\u00f3n.<\/p>\n<p><img alt=\"\" decoding=\"auto\" class=\"_re lazyload a_m-h\" height=\"276\"  width=\"414\"  src=\"https:\/\/www.europesays.com\/es\/wp-content\/uploads\/2026\/04\/XDVLPWXFHRGF3BJFFQVHD7ZE7Q.jpg\" loading=\"lazy\" fetchpriority=\"low\"\/>Daniel Cohn-Bendit (en el centro) y Joschka Fischer (a la derecha), de Los Verdes, asisten en Hesse al nombramiento de Fischer como Ministro de Medio Ambiente y Energ\u00eda, en octubre de 1985.R\u00e9gis BOSSU ( Sygma \/ Getty Images)<\/p>\n<p class=\"\"><b>P. <\/b>Siguen estrategias opuestas.<\/p>\n<p class=\"\"><b>R.<\/b> Y esto muestra la dificultad de la situaci\u00f3n. Europa necesita adoptar una postura clara y, al mismo tiempo, debe intentar aprovechar todas las posibilidades para mantener la relaci\u00f3n [con Trump] mientras sea posible.<\/p>\n<p class=\"\"><b>P.<\/b> En 2003, en v\u00edsperas de la invasi\u00f3n de Irak, usted le dijo al entonces secretario de Defensa de EE UU, Donald Rumsfeld, \u201cI\u2019m not convinced\u201d (<a href=\"https:\/\/elpais.com\/internacional\/2026-02-09\/la-conferencia-de-munich-simbolo-de-la-europa-mas-atlantista-acusa-a-trump-de-demoler-el-orden-internacional.html\" target=\"_self\" rel=\"nofollow noopener\" title=\"https:\/\/elpais.com\/internacional\/2026-02-09\/la-conferencia-de-munich-simbolo-de-la-europa-mas-atlantista-acusa-a-trump-de-demoler-el-orden-internacional.html\">no me convence<\/a>). \u00bfQu\u00e9 har\u00eda hoy si fuese ministro de Exteriores?<\/p>\n<p class=\"\"><b>R. <\/b>No lo s\u00e9. Como ministro de Exteriores hay que intentar aprovechar los m\u00e1rgenes de influencia disponibles. Por otro lado, estoy contento de no tener que hacerlo. Me conozco\u2026<\/p>\n<p class=\"\"><b>P. <\/b>\u00bfActuar\u00eda m\u00e1s como S\u00e1nchez, o como Rutte?<\/p>\n<p class=\"\"><b>R.<\/b> Como Rutte no podr\u00eda. Pero no es ninguna cr\u00edtica a \u00e9l.<\/p>\n<p class=\"\"><b>P. <\/b>En 2003 ya se hablaba de crisis transatl\u00e1ntica, por la guerra de Irak. \u00bfSe habr\u00eda podido imaginar que las cosas llegar\u00edan a como est\u00e1n hoy?<\/p>\n<p class=\"\"><b>R. <\/b>Aquello fue el comienzo. La guerra de Irak tuvo un papel nada desde\u00f1able en el ascenso de Trump. Trump crey\u00f3 que esto ser\u00eda un <a href=\"https:\/\/elpais.com\/us\/2026-03-18\/trump-sugiere-que-venezuela-sea-el-estado-51-de-ee-uu-tras-su-triunfo-en-el-clasico-mundial.html\" target=\"_self\" rel=\"nofollow noopener\" title=\"https:\/\/elpais.com\/us\/2026-03-18\/trump-sugiere-que-venezuela-sea-el-estado-51-de-ee-uu-tras-su-triunfo-en-el-clasico-mundial.html\">Venezuela 2<\/a> \u2013aunque en vez de capturar al l\u00edder del r\u00e9gimen [como ocurri\u00f3 en enero con Nicol\u00e1s Maduro], mataron [al ayatol\u00e1 Al\u00ed Jamenei]\u2013 y que el r\u00e9gimen caer\u00eda, pero se mantiene firme en el poder y la prometida destrucci\u00f3n del programa nuclear no se ha producido. El r\u00e9gimen ha logrado cerrar el estrecho de Ormuz, lo que era previsible. Los objetivos de la guerra no se han alcanzado. Si el r\u00e9gimen sigue en el poder, y radicalizado, el gran perdedor ser\u00e1 el pueblo iran\u00ed.<\/p>\n<blockquote class=\"a_q\">\n<p>\u201cCon el ascenso de China como potencia l\u00edder, la visi\u00f3n euroc\u00e9ntrica del mundo ha llegado definitivamente a su fin\u201d<\/p>\n<\/blockquote>\n<p class=\"\"><b>P. <\/b>Al principio se crey\u00f3 que la intervenci\u00f3n podr\u00eda ser buena para el pueblo iran\u00ed, tras las masacres en las protestas de enero.<\/p>\n<p class=\"\"><b>R.<\/b> Yo no lamentar\u00eda que cayera este r\u00e9gimen, al contrario. Es un r\u00e9gimen asesino que <a href=\"https:\/\/elpais.com\/internacional\/2026-02-04\/la-brutalidad-de-la-represion-de-las-protestas-en-iran-en-cifras-de-3000-a-30000-muertos.html\" target=\"_self\" rel=\"nofollow noopener\" title=\"https:\/\/elpais.com\/internacional\/2026-02-04\/la-brutalidad-de-la-represion-de-las-protestas-en-iran-en-cifras-de-3000-a-30000-muertos.html\">no ha dudado en disparar a decenas de miles de manifestantes en las calles<\/a>. Dispararon a la gente a corta distancia. Es terrible. Pero, si analizamos los hechos, [la intervenci\u00f3n militar] no estuvo bien pensada.<\/p>\n<p class=\"\"><b>P. <\/b>\u00bfTuvo raz\u00f3n S\u00e1nchez con su <a href=\"https:\/\/elpais.com\/espana\/2026-03-29\/pedro-sanchez-defiende-su-no-a-la-guerra-en-una-carta-a-la-militancia-hay-quienes-dudan-cuando-hay-que-ser-firmes.html\" target=\"_self\" rel=\"nofollow noopener\" title=\"https:\/\/elpais.com\/espana\/2026-03-29\/pedro-sanchez-defiende-su-no-a-la-guerra-en-una-carta-a-la-militancia-hay-quienes-dudan-cuando-hay-que-ser-firmes.html\">\u201cno a la guerra\u201d<\/a>?<\/p>\n<p class=\"\"><b>R. <\/b>Participar en esa guerra habr\u00eda sido irresponsable. La postura de Espa\u00f1a es digna de apoyo, aunque yo habr\u00eda deseado un mayor compromiso con Ucrania, sobre todo teniendo en cuenta la historia espa\u00f1ola. Me record\u00f3 mucho al golpe de Estado del general Franco y a la Guerra Civil. <\/p>\n<p><img alt=\"\" decoding=\"auto\" class=\"_re lazyload a_m-h\" height=\"275\"  width=\"414\"  src=\"https:\/\/www.europesays.com\/es\/wp-content\/uploads\/2026\/04\/A74MGOS5EFBGBJEHIXVSC3TELA.jpg\" loading=\"lazy\" fetchpriority=\"low\"\/>Gerhard Schr\u00f6der (SPD), entonces canciller, junto a Joschka Fischer, entonces Ministro de Exteriores, en Berl\u00edn en diciembre de 2001.LS-PRESS \/ Ullstein bild \/ Getty Images<\/p>\n<p class=\"\"><b>P.<\/b> \u00bfCree que Espa\u00f1a deber\u00eda gastar m\u00e1s en defensa?<\/p>\n<p class=\"\"><b>R.<\/b> La cuesti\u00f3n del rearme es, ante todo, una cuesti\u00f3n que compete a los grandes Estados miembros, no a Luxemburgo. <\/p>\n<p class=\"\"><b>P. <\/b>\u00bfSe refiere al 5% de PIB de los objetivos de la OTAN, <a href=\"https:\/\/elpais.com\/espana\/2025-06-22\/espana-pacta-con-la-otan-que-no-estara-obligada-a-gastar-el-5-del-pib-en-defensa.html\" target=\"_self\" rel=\"nofollow noopener\" title=\"https:\/\/elpais.com\/espana\/2025-06-22\/espana-pacta-con-la-otan-que-no-estara-obligada-a-gastar-el-5-del-pib-en-defensa.html\">que Espa\u00f1a no quiere cumplir?<\/a><\/p>\n<p class=\"\"><b>R. <\/b>S\u00ed, pero lo que quiero decir es que los europeos debemos pensar en t\u00e9rminos europeos en lo que respecta a la seguridad, porque estamos solos. No se trata de Ucrania solo: detr\u00e1s est\u00e1 Europa.<\/p>\n<p class=\"\"><b>P.<\/b> Respecto a Ir\u00e1n, en Alemania, el canciller federal, Friedrich Merz, discrep\u00f3 de S\u00e1nchez. Dijo al inicio de la guerra que quer\u00eda evitar sermonear a EE UU y a Israel, y relativiz\u00f3 el argumento de la defensa del derecho internacional para oponerse a la intervenci\u00f3n.<\/p>\n<p class=\"\"><b>R. <\/b>Con el derecho internacional ir\u00eda con cuidado. \u00bfEs conforme al derecho internacional masacrar a la propia poblaci\u00f3n? Creo que necesitamos el derecho internacional, pero no es aceptable que un Gobierno masacre a su propia poblaci\u00f3n y, en ese sentido, se trata de una situaci\u00f3n dif\u00edcil desde el punto de vista del derecho internacional. Eso tambi\u00e9n ocurri\u00f3 con [el l\u00edder serbio Slobodan] Milosevic. <\/p>\n<p class=\"\"><b>P. <\/b>\u00bfLo compara con <a href=\"https:\/\/elpais.com\/diario\/1999\/06\/01\/internacional\/928188016_850215.html\" target=\"_self\" rel=\"nofollow noopener\" title=\"https:\/\/elpais.com\/diario\/1999\/06\/01\/internacional\/928188016_850215.html\">Kosovo en 1999<\/a>?<\/p>\n<p class=\"\"><b>R.<\/b> En Kosovo lo que ocurri\u00f3 es que el Consejo de Seguridad qued\u00f3 bloqueado por el veto ruso. Era inaceptable que los asesinatos, las expulsiones y las violaciones estuvieran amparados por el derecho internacional. <\/p>\n<p class=\"\"><b>P.<\/b> Y usted dijo entonces: \u201cNunca m\u00e1s la guerra\u201d, s\u00ed, pero tambi\u00e9n \u201cnunca m\u00e1s Auschwitz\u201d. Es decir, nunca m\u00e1s masacres indiscriminadas de poblaciones civiles. \u00bfSe podr\u00eda argumentar que eso tambi\u00e9n se aplica a Ir\u00e1n y que habr\u00eda que ayudar al pueblo iran\u00ed, a la oposici\u00f3n, a los j\u00f3venes que est\u00e1n siendo masacrados, incluso por la v\u00eda de la guerra?<\/p>\n<p class=\"\"><b>R.<\/b> Si para Trump y Benjam\u00edn Netanyahu [primer ministro israel\u00ed] solo se tratara de esto, dir\u00eda que s\u00ed, pero, por supuesto, tambi\u00e9n hay objetivos pol\u00edticos m\u00e1s amplios. Entiendo en cierta medida a Israel. He estado varias veces en Ir\u00e1n y all\u00ed siempre les he dicho que Israel nunca aceptar\u00e1 un arma nuclear iran\u00ed. No es solo Netanyahu, es Israel, tambi\u00e9n la izquierda israel\u00ed. Pero lo que estamos viviendo en Oriente Pr\u00f3ximo es una ambici\u00f3n hegem\u00f3nica israel\u00ed. Entiendo muy bien la ira tras el 7 de octubre. Pero lo que ha ocurrido en Gaza no se puede ignorar y me temo que Israel se ha hecho mucho da\u00f1o a s\u00ed mismo. Porque Israel siempre se apoy\u00f3 en tres pilares: el pilar de su propia fuerza, el pilar de la relaci\u00f3n estrecha con EE UU, el pilar de la legitimidad humanitaria y pol\u00edtica, como \u00fanica democracia en Oriente Pr\u00f3ximo y \u00fanico lugar seguro para los jud\u00edos, para la di\u00e1spora jud\u00eda, para que nunca m\u00e1s se repita algo como la Sho\u00e1. Y este \u00faltimo pilar ha desaparecido. A la larga, esto supondr\u00e1 una p\u00e9rdida muy grave para Israel.<\/p>\n<p class=\"\"><b>P.<\/b> Ya mencion\u00f3 antes a Ucrania y Rusia. Si Trump realmente se retira, \u00bfpuede Europa detener sola a Rusia?<\/p>\n<p class=\"\"><b>R.<\/b> Si no podemos, tenemos un problema enorme. Por eso debemos hacer todo lo posible para apoyar a Ucrania. Mientras Ucrania siga luchando y pueda hacerlo, act\u00faa como una garant\u00eda de seguridad para nosotros, porque [el presidente ruso] Vlad\u00edmir Putin no se detendr\u00e1, seguir\u00e1 avanzando hacia Occidente.<\/p>\n<blockquote class=\"a_q\">\n<p>\u201cNo quiero hablar sobre Schr\u00f6der. Trabaj\u00e9 siete a\u00f1os con \u00e9l. No comparto en absoluto su opini\u00f3n sobre Rusia o Putin\u201d<\/p>\n<\/blockquote>\n<p class=\"\"><b>P. <\/b>Si hablamos de la prehistoria de la situaci\u00f3n actual, hay que hablar de <a href=\"https:\/\/google.com\/search?q=Gerhard+Schr\u00f6der+putin+site%3Aelpais.com&amp;sca_esv=00e10f0057297768&amp;rlz=1C1GCEA_enES1185ES1186&amp;biw=1920&amp;bih=911&amp;sxsrf=ANbL-n6fhQ9vqXVlqszHRpyquQCMwTvZMQ%3A1776356868133&amp;ei=BA7haaHuB56rkdUP1-qVGA&amp;ved=0ahUKEwihgPqA5fKTAxWeVaQEHVd1BQMQ4dUDCBE&amp;uact=5&amp;oq=Gerhard+Schr\u00f6der+putin+site%3Aelpais.com&amp;gs_lp=Egxnd3Mtd2l6LXNlcnAiJ0dlcmhhcmQgU2NocsO2ZGVyIHB1dGluIHNpdGU6ZWxwYWlzLmNvbUiiE1AAWKgRcAB4AJABAJgBQKABvwOqAQE4uAEDyAEA-AEC-AEBmAIAoAIAmAMAkgcAoAdgsgcAuAcAwgcAyAcAgAgB&amp;sclient=gws-wiz-serp\" target=\"_self\" rel=\"nofollow noopener\" title=\"https:\/\/google.com\/search?q=Gerhard+Schr\u00f6der+putin+site%3Aelpais.com&amp;sca_esv=00e10f0057297768&amp;rlz=1C1GCEA_enES1185ES1186&amp;biw=1920&amp;bih=911&amp;sxsrf=ANbL-n6fhQ9vqXVlqszHRpyquQCMwTvZMQ%3A1776356868133&amp;ei=BA7haaHuB56rkdUP1-qVGA&amp;ved=0ahUKEwihgPqA5fKTAxWeVaQEHVd1BQMQ4dUDCBE&amp;uact=5&amp;oq=Gerhard+Schr\u00f6der+putin+site%3Aelpais.com&amp;gs_lp=Egxnd3Mtd2l6LXNlcnAiJ0dlcmhhcmQgU2NocsO2ZGVyIHB1dGluIHNpdGU6ZWxwYWlzLmNvbUiiE1AAWKgRcAB4AJABAJgBQKABvwOqAQE4uAEDyAEA-AEC-AEBmAIAoAIAmAMAkgcAoAdgsgcAuAcAwgcAyAcAgAgB&amp;sclient=gws-wiz-serp\">Gerhard Schr\u00f6der<\/a>, canciller en los a\u00f1os de coalici\u00f3n con usted, y cercano a Putin. \u00bfUsted ya not\u00f3 esa cercan\u00eda en aquellos a\u00f1os?<\/p>\n<p class=\"\"><b>R. <\/b>No quiero decir nada sobre Schr\u00f6der.<\/p>\n<p class=\"\"><b>P. <\/b>\u00bfPor qu\u00e9?<\/p>\n<p class=\"\"><b>R. <\/b>Trabaj\u00e9 estrechamente con \u00e9l durante siete a\u00f1os, trabaj\u00e9 bien con \u00e9l. No comparto en absoluto su opini\u00f3n sobre Rusia ni sobre Putin.<\/p>\n<p class=\"\"><b>P.<\/b> En el libro escribe que ve en el futuro un duopolio entre China y Estados Unidos en el mundo.<\/p>\n<p class=\"\"><b>R.<\/b> Se est\u00e1 gestando un nuevo orden mundial, determinado por las grandes potencias globales, con China y EE UU a la cabeza. Tal y como se comporta EE UU con Trump, hace el juego a los chinos cada d\u00eda. Debilita a EE UU y fortalece a China. <\/p>\n<p class=\"\"><b>P. <\/b>\u00bfEntonces nos encaminamos no hacia un duopolio, sino hacia un monopolio?<\/p>\n<p class=\"\"><b>R.<\/b> Perm\u00edtame recordar que 1492, el famoso viaje de Crist\u00f3bal Col\u00f3n, marc\u00f3 el inicio de un mundo euroc\u00e9ntrico. Con el ascenso de China como potencia l\u00edder este eurocentrismo, esta visi\u00f3n euroc\u00e9ntrica del mundo, ha llegado definitivamente a su fin.<\/p>\n<p class=\"\"><b>P.<\/b> \u00bfY qu\u00e9 significa esto para los europeos?<\/p>\n<p class=\"\"><b>R.<\/b> Si nos quedamos como estamos, el declive est\u00e1 asegurado. Europa debe convertirse en una potencia.<\/p>\n<p class=\"\"><b>P.<\/b> Habla de Europa, no de Occidente. <\/p>\n<p class=\"\"><b>R.<\/b> En mi opini\u00f3n, Occidente ha llegado a su fin. Occidente era el Occidente transatl\u00e1ntico. Norteam\u00e9rica y Europa. Eso era Occidente, y Trump lo ha destruido. <\/p>\n<p class=\"\"><b>P.<\/b> Hablamos de Trump y de Estados Unidos, pero en Europa hay muchos \u201cpeque\u00f1os Trumps\u201d. <a href=\"https:\/\/elpais.com\/ideas\/2026-04-12\/desconfianza-en-el-sistema-viaje-al-origen-de-la-ola-reaccionaria.html\" target=\"_self\" rel=\"nofollow noopener\" title=\"https:\/\/elpais.com\/ideas\/2026-04-12\/desconfianza-en-el-sistema-viaje-al-origen-de-la-ola-reaccionaria.html\">La extrema derecha es fuerte<\/a>, tambi\u00e9n en Alemania.<\/p>\n<p class=\"\"><b>R.<\/b> Es un desaf\u00edo para todos, pero especialmente para Alemania, porque tenemos una historia particular. El extremismo de derecha entre 1933 y 1945 no solo cometi\u00f3 el genocidio de los jud\u00edos europeos, sino que devast\u00f3 toda Europa. Debemos aprender de ello. El extremismo de derecha quiere volver al Estado-naci\u00f3n, y eso supondr\u00eda la ruina de Europa.<\/p>\n<p class=\"\"><b>P. <\/b>\u00bfTiene usted la impresi\u00f3n de que las ideas por las que usted luch\u00f3, como Europa, la Ilustraci\u00f3n o el liberalismo en un sentido amplio, han perdido? <\/p>\n<p class=\"\"><b>R.<\/b> No. <\/p>\n<p class=\"\"><b>P.<\/b> La situaci\u00f3n no es buena.<\/p>\n<p class=\"\"><b>R.<\/b> No es buena por errores propios. La pol\u00edtica del centro democr\u00e1tico no basta para fidelizar a los votantes. Se trata de construir una Europa fuerte. La idea europea es la alternativa a la extrema derecha.<\/p>\n<p class=\"\"><b>P.<\/b> Usted ocup\u00f3 cargos de responsabilidad. \u00bfPodr\u00eda citar alg\u00fan error que usted o su Gobierno cometiesen, algo o alguna tendencia que no anticipasen?<\/p>\n<p class=\"\"><b>R.<\/b> Creo que todos nos olvidamos de la cuesti\u00f3n del poder.<\/p>\n<p class=\"\"><b>P.<\/b> \u00bfLa cuesti\u00f3n del poder?<\/p>\n<p class=\"\"><b>R.<\/b> Todos hemos confiado demasiado en EE UU. Es una cuesti\u00f3n dif\u00edcil, la cuesti\u00f3n del poder, sobre todo desde la perspectiva alemana. <\/p>\n<p class=\"\"><b>P.<\/b> La historia europea le ha ense\u00f1ado a Alemania que la pol\u00edtica de poder no es buena.<\/p>\n<p class=\"\"><b>R.<\/b> Pero est\u00e1 ah\u00ed, est\u00e1 ah\u00ed. Y un pa\u00eds tan grande en el centro de Europa como Alemania, con una historia muy dudosa, no puede desprenderse de ella. Entiendo muy bien por qu\u00e9 la reacci\u00f3n alemana ante dos guerras mundiales perdidas y una dictadura y un genocidio fue pacifista. Pero eso solo fue posible gracias a la presencia de EE UU, y de ah\u00ed surgieron muchas cosas buenas. Pero qued\u00f3 un gran d\u00e9ficit en la cuesti\u00f3n del poder. Como europeos, ahora debemos responder a esto, no solo en Alemania, sino en Europa, bajo la presi\u00f3n de Putin en el Este y Trump en el Oeste, como europeos.<\/p>\n<p class=\"\"><b>P.<\/b> \u00bfQui\u00e9n es m\u00e1s peligroso para Europa, Trump o Putin?<\/p>\n<p class=\"\"><b>R.<\/b> Trump tiene m\u00e1s poder y me parece que act\u00faa de forma muy irracional. Pero yo no subestimar\u00eda a Putin. Tanto la guerra en Oriente Pr\u00f3ximo como la de Ucrania se libran a las puertas de nuestra casa. Oriente Pr\u00f3ximo es nuestro vecindario m\u00e1s cercano.<\/p>\n","protected":false},"excerpt":{"rendered":"Hay im\u00e1genes que nunca desaparecen de la retina de un pa\u00eds, de su memoria pol\u00edtica y popular. Una&hellip;\n","protected":false},"author":2,"featured_media":505604,"comment_status":"","ping_status":"","sticky":false,"template":"","format":"standard","meta":{"footnotes":""},"categories":[42],"tags":[1660,17,18,4875,352,629,13,14,101076,11,61,62,63,64,74,19,20,13066,9,10,15,16,2959,952,1614,12,7081,21,22,65,66,67],"class_list":["post-505603","post","type-post","status-publish","format-standard","has-post-thumbnail","category-internacional","tag-alemania","tag-breaking-news","tag-breakingnews","tag-democracia","tag-donald-trump","tag-estados-unidos","tag-featured-news","tag-featurednews","tag-gerhard-schroder","tag-headlines","tag-internacional","tag-international","tag-international-news","tag-internationalnews","tag-israel","tag-latest-news","tag-latestnews","tag-mark-rutte","tag-news","tag-noticias","tag-noticias-destacadas","tag-noticiasdestacadas","tag-pedro-sanchez","tag-politica","tag-rusia","tag-titulares","tag-ucrania","tag-ultimas-noticias","tag-ultimasnoticias","tag-world","tag-world-news","tag-worldnews"],"share_on_mastodon":{"url":"","error":"Validation failed: Text character limit of 500 exceeded"},"_links":{"self":[{"href":"https:\/\/www.europesays.com\/es\/wp-json\/wp\/v2\/posts\/505603","targetHints":{"allow":["GET"]}}],"collection":[{"href":"https:\/\/www.europesays.com\/es\/wp-json\/wp\/v2\/posts"}],"about":[{"href":"https:\/\/www.europesays.com\/es\/wp-json\/wp\/v2\/types\/post"}],"author":[{"embeddable":true,"href":"https:\/\/www.europesays.com\/es\/wp-json\/wp\/v2\/users\/2"}],"replies":[{"embeddable":true,"href":"https:\/\/www.europesays.com\/es\/wp-json\/wp\/v2\/comments?post=505603"}],"version-history":[{"count":0,"href":"https:\/\/www.europesays.com\/es\/wp-json\/wp\/v2\/posts\/505603\/revisions"}],"wp:featuredmedia":[{"embeddable":true,"href":"https:\/\/www.europesays.com\/es\/wp-json\/wp\/v2\/media\/505604"}],"wp:attachment":[{"href":"https:\/\/www.europesays.com\/es\/wp-json\/wp\/v2\/media?parent=505603"}],"wp:term":[{"taxonomy":"category","embeddable":true,"href":"https:\/\/www.europesays.com\/es\/wp-json\/wp\/v2\/categories?post=505603"},{"taxonomy":"post_tag","embeddable":true,"href":"https:\/\/www.europesays.com\/es\/wp-json\/wp\/v2\/tags?post=505603"}],"curies":[{"name":"wp","href":"https:\/\/api.w.org\/{rel}","templated":true}]}}