{"id":50562,"date":"2025-08-16T03:23:07","date_gmt":"2025-08-16T03:23:07","guid":{"rendered":"https:\/\/www.europesays.com\/es\/50562\/"},"modified":"2025-08-16T03:23:07","modified_gmt":"2025-08-16T03:23:07","slug":"amazon-prime-elimina-pronto-la-primera-temporada-de-una-de-las-series-iconicas-de-los-2000","status":"publish","type":"post","link":"https:\/\/www.europesays.com\/es\/50562\/","title":{"rendered":"Amazon Prime elimina pronto la primera temporada de una de las series ic\u00f3nicas de los 2000"},"content":{"rendered":"<p class=\"v-mdl-ath__p v-mdl-ath__p--2\">\nFlorencia Goycoolea\n<\/p>\n<p class=\"v-mdl-ath__p v-mdl-ath__p--3\">\nValencia\n<\/p>\n<p class=\"v-mdl-ath__p v-mdl-ath__p--6\">\nS\u00e1bado, 16 de agosto 2025, 00:47<\/p>\n<p class=\"v-p\">Una de las series m\u00e1s ic\u00f3nicas de la d\u00e9cada de los 2000, con incre\u00edbles actores como <a href=\"https:\/\/www.lasprovincias.es\/hemeroteca\/blake%20lively.html\" title=\"www.lasprovincias.es\" data-voc-vtm-id=\"in-text-traffic\" data-mrf-link=\"www.lasprovincias.es\" rel=\"nofollow noopener\" target=\"_blank\">Blake Lively<\/a> y <a href=\"https:\/\/www.lasprovincias.es\/hemeroteca\/Ed%20Westwick.html\" title=\"www.lasprovincias.es\" data-voc-vtm-id=\"in-text-traffic\" data-mrf-link=\"www.lasprovincias.es\" rel=\"nofollow noopener\" target=\"_blank\">Ed Westwick<\/a>, es <a href=\"https:\/\/www.lasprovincias.es\/hemeroteca\/gossip%20girl.html\" title=\"www.lasprovincias.es\" data-voc-vtm-id=\"in-text-traffic\" data-mrf-link=\"www.lasprovincias.es\" rel=\"nofollow noopener\" target=\"_blank\">&#8216;Gossip Girl&#8217;<\/a>. Se estren\u00f3 el pasado 19 de septiembre de 2007 (EEUU), hace casi 20 a\u00f1os, y sigue siendo igual de solicitada que al momento de su lanzamiento. Cuenta con 6 temporadas y 121 episodios, y es una adaptaci\u00f3n de las novelas hom\u00f3nimas escritas por Cecity von Ziegesar. Esta producci\u00f3n fue, sin duda algo que marc\u00f3 la vida de muchas personas, especialmente de adolescentes (p\u00fablico principal) quienes crecieron vi\u00e9ndola e ilusion\u00e1ndose con los personajes y sus vidas.<\/p>\n<p class=\"v-p\">El pr\u00f3ximo 31 de agosto <a href=\"https:\/\/www.lasprovincias.es\/hemeroteca\/amazon%20prime%20video.html\" title=\"www.lasprovincias.es\" data-voc-vtm-id=\"in-text-traffic\" data-mrf-link=\"www.lasprovincias.es\" rel=\"nofollow noopener\" target=\"_blank\">Amazon Prime Video<\/a> eliminar\u00e1 de su cat\u00e1logo la primera temporada de la producci\u00f3n, junto con otras 13 series durante este mes. Parte de la &#8216;limpieza&#8217; mensual de su plataforma, para renovar y refrescar sus contenidos deben eliminar otros, por m\u00e1s cl\u00e1sicos y solicitados que sean.<\/p>\n<p class=\"v-p\">Uno de los factores principales de su \u00e9xito fueron sus personajes principales; Blake Lively, Leighton Meester, Penn Badgley, Chace Crawford y Ed Westwick. Este grupo de j\u00f3venes causaron un revuelo inimaginable alrededor del mundo entero, estaban por todas partes; portadas de revistas, programas de televisi\u00f3n, alfombras rojas, rostros de las marcas m\u00e1s prestigiosas e importantes, entre otros. Este proyecto cambi\u00f3 sus vidas para siempre y los llevo directo al estrellato.<\/p>\n<p>Sin\u00f3psis &#8216;Gossip Girl&#8217;<\/p>\n<p class=\"v-p\">Es el retrato de la vida de los adolescentes del barrio &#8216;Epper East Side&#8217; en Nueva York que van a colegios elitistas, pero que se aventuran en el mundo de las drogas, el sexo y otros problemas. Las protagonistas son Serena Van Der Woodsen y Blair Waldorf, dos mejores amigas que deber\u00e1n atravesar muchos obst\u00e1culos y dificultades para salvar su amistad. Por otro lado, est\u00e1 Dan Humphrey, un becado quien no pertenece al mundo del lujo y la extravagancia, pero poco a poco comienza a meterse, a pesar de todos los problemas que causar\u00e1. Pero mientras ocurre el drama, habr\u00e1 una persona an\u00f3nima blogueando los secretos m\u00e1s \u00edntimos de cada uno, lo que desatar\u00e1 la furia de muchos y querr\u00e1n derribarla. Se trata de un drama adolescente, pero desde una perspectiva llena de privilegios econ\u00f3micos, pero que pueden traer muchas consecuencias terribles.<\/p>\n<p>Resumen Temporada 1<\/p>\n<p class=\"v-p\">Un grupo de amigos se ve sacudido con la vuelta a casa de Serena, una chica conocida como la &#8216;reina abeja&#8217; en su instituto, quien de un d\u00eda para otro desapareci\u00f3 sin avisarle a nadie. Algo que no le agrad\u00f3 para nada a Blair, su ex mejor amiga, quien sigue furiosa con Serena por tener un romance con su novio Nate. Una aut\u00e9ntica guerra se disputar\u00e1 entre las dos oponentes y que afectar\u00e1 a todo el grupo de amigos. El dinero y el poder ser\u00e1n protagonsitas.<\/p>\n<p>D\u00f3nde ver la serie<\/p>\n<p class=\"v-p\">A pesar de que la primera temporada de la producci\u00f3n dejar\u00e1 de estar disponible en el cat\u00e1logo de Amazon Prime Video, hay otras plataformas en las que se puede ver como en HBO Max y Netflix mediante una suscripci\u00f3n mensual.<\/p>\n<p>Comenta<\/p>\n<p>Reporta un error<\/p>\n","protected":false},"excerpt":{"rendered":"Florencia Goycoolea Valencia S\u00e1bado, 16 de agosto 2025, 00:47 Una de las series m\u00e1s ic\u00f3nicas de la d\u00e9cada&hellip;\n","protected":false},"author":2,"featured_media":50563,"comment_status":"","ping_status":"","sticky":false,"template":"","format":"standard","meta":{"footnotes":""},"categories":[171],"tags":[996,912,22486,146,147,25,24,9817,22487,521,1078,156,23,1152,214],"class_list":{"0":"post-50562","1":"post","2":"type-post","3":"status-publish","4":"format-standard","5":"has-post-thumbnail","7":"category-tv","8":"tag-996","9":"tag-amazon","10":"tag-eliminara","11":"tag-entertainment","12":"tag-entretenimiento","13":"tag-es","14":"tag-espana","15":"tag-iconica","16":"tag-neoyorkina","17":"tag-prime","18":"tag-primera","19":"tag-serie","20":"tag-spain","21":"tag-temporada","22":"tag-tv"},"share_on_mastodon":{"url":"","error":""},"_links":{"self":[{"href":"https:\/\/www.europesays.com\/es\/wp-json\/wp\/v2\/posts\/50562","targetHints":{"allow":["GET"]}}],"collection":[{"href":"https:\/\/www.europesays.com\/es\/wp-json\/wp\/v2\/posts"}],"about":[{"href":"https:\/\/www.europesays.com\/es\/wp-json\/wp\/v2\/types\/post"}],"author":[{"embeddable":true,"href":"https:\/\/www.europesays.com\/es\/wp-json\/wp\/v2\/users\/2"}],"replies":[{"embeddable":true,"href":"https:\/\/www.europesays.com\/es\/wp-json\/wp\/v2\/comments?post=50562"}],"version-history":[{"count":0,"href":"https:\/\/www.europesays.com\/es\/wp-json\/wp\/v2\/posts\/50562\/revisions"}],"wp:featuredmedia":[{"embeddable":true,"href":"https:\/\/www.europesays.com\/es\/wp-json\/wp\/v2\/media\/50563"}],"wp:attachment":[{"href":"https:\/\/www.europesays.com\/es\/wp-json\/wp\/v2\/media?parent=50562"}],"wp:term":[{"taxonomy":"category","embeddable":true,"href":"https:\/\/www.europesays.com\/es\/wp-json\/wp\/v2\/categories?post=50562"},{"taxonomy":"post_tag","embeddable":true,"href":"https:\/\/www.europesays.com\/es\/wp-json\/wp\/v2\/tags?post=50562"}],"curies":[{"name":"wp","href":"https:\/\/api.w.org\/{rel}","templated":true}]}}