{"id":505690,"date":"2026-04-19T05:02:08","date_gmt":"2026-04-19T05:02:08","guid":{"rendered":"https:\/\/www.europesays.com\/es\/505690\/"},"modified":"2026-04-19T05:02:08","modified_gmt":"2026-04-19T05:02:08","slug":"extra-escuelas-de-negocios-la-geopolitica-irrumpe-en-las-aulas-escuelas-de-negocios-extras","status":"publish","type":"post","link":"https:\/\/www.europesays.com\/es\/505690\/","title":{"rendered":"Extra Escuelas de negocios: La geopol\u00edtica irrumpe en las aulas | Escuelas de negocios | Extras"},"content":{"rendered":"<p class=\"\">No es necesario ser un l\u00edder empresarial para percibir que en la actualidad el entorno internacional se encuentra marcado por la volatilidad, la fragmentaci\u00f3n de los mercados y el retorno de las tensiones entre bloques. Las empresas, que al igual que todos nosotros viv\u00edan un periodo de relativa calma desde la ca\u00edda del muro de Berl\u00edn, se encuentran con que la geopol\u00edtica ha dejado de ser un tel\u00f3n de fondo para convertirse en un factor determinante en la toma de decisiones, y anticipar estos escenarios cambiantes ya no es una ventaja competitiva, sino una necesidad operativa.<\/p>\n<p class=\"\">El punto de inflexi\u00f3n se produjo en 2020. \u201cTras d\u00e9cadas de estabilidad global, la pandemia supuso la paralizaci\u00f3n de la econom\u00eda mundial y <a href=\"https:\/\/elpais.com\/extra\/grandes-empresas\/2022-09-25\/soluciones-locales-ante-un-brete-global.html\" target=\"_self\" rel=\"nofollow noopener\" title=\"https:\/\/elpais.com\/extra\/grandes-empresas\/2022-09-25\/soluciones-locales-ante-un-brete-global.html\">la quiebra de las cadenas globales de suministro<\/a>\u201d, se\u00f1ala Manuel Fern\u00e1ndez-Villaca\u00f1as, secretario acad\u00e9mico del Programa de Geopol\u00edtica e Inteligencia Econ\u00f3mica de EAE Business School Madrid. Tras ella, lleg\u00f3 el Brexit, la guerra en Ucrania, la rivalidad tecnol\u00f3gica entre China y Estados Unidos, la reconfiguraci\u00f3n de alianzas energ\u00e9ticas, la guerra arancelaria y, la m\u00e1s cercana, el conflicto en Ir\u00e1n. \u201cD\u00e1bamos por supuesto que ten\u00edamos un mundo global, integrado, multilateral y eso ha cambiado y hemos pasado a un mundo mucho m\u00e1s fragmentado, dominado por una serie de esferas de poder\u201d, resume N\u00faria Mas, profesora y miembro del consejo de direcci\u00f3n de IESE. <\/p>\n<p class=\"\">Esto ha supuesto que la geopol\u00edtica en general y <a href=\"https:\/\/elpais.com\/extra\/escuelas-de-negocios\/2025-04-27\/geopolitica-punto-vital-del-curriculo.html\" target=\"_self\" rel=\"nofollow noopener\" title=\"https:\/\/elpais.com\/extra\/escuelas-de-negocios\/2025-04-27\/geopolitica-punto-vital-del-curriculo.html\">la geoeconom\u00eda en particular se conviertan en una competencia central para los l\u00edderes empresariales<\/a>, algo que han detectado las principales escuelas de negocios. \u201cSiempre ha sido importante entender c\u00f3mo funciona el mundo, pero la diferencia es que ahora la geoeconom\u00eda entra directamente en la cuenta de resultados, en las cadenas de suministros, en la energ\u00eda, en las decisiones de inversi\u00f3n y se convierte en una competencia muy importante para los directivos\u201d, explica Mas.<\/p>\n<p>M\u00e1s informaci\u00f3n<\/p>\n<p class=\"\">Se trata de un valor a\u00f1adido que tanto las empresas como las escuelas de negocios apuestan por a\u00f1adir a los futuros l\u00edderes. \u201cLa mirada geopol\u00edtica no sustituye a la gesti\u00f3n cl\u00e1sica, pero la hace mucho m\u00e1s robusta. <a href=\"https:\/\/elpais.com\/economia\/negocios\/2023-07-23\/geopolitica-en-todas-partes-y-a-todas-horas.html\" target=\"_self\" rel=\"nofollow noopener\" title=\"https:\/\/elpais.com\/economia\/negocios\/2023-07-23\/geopolitica-en-todas-partes-y-a-todas-horas.html\">Ayuda a tomar mejores decisiones sobre d\u00f3nde invertir<\/a>, con qui\u00e9n aliarse, c\u00f3mo diversificar proveedores, qu\u00e9 mercados priorizar o qu\u00e9 capacidades desarrollar internamente\u201d, revela Diego Crescente, director general de la Escuela de Organizaci\u00f3n Industrial (EOI). No en vano, seg\u00fan una encuesta realizada por la consultora McKinsey entre 900 ejecutivos, estos consideraban mayoritariamente que los cambios en la pol\u00edtica comercial y la inestabilidad geopol\u00edtica eran los principales riesgos para la econom\u00eda global, aunque solo el 28% y el 15% de dichos encuestados reconoc\u00edan que ambos factores sean, respectivamente, prioridades principales de liderazgo en sus organizaciones.<\/p>\n<p><b>Resiliencia prospectiva<\/b><\/p>\n<p class=\"\">Una de las palabras que m\u00e1s usan los expertos para referirse a las competencias cada vez m\u00e1s necesarias de un directivo moderno es la resiliencia estrat\u00e9gica y prospectiva. \u201cHay que pasar de ser reactivos a anticiparse a los cambios.<a href=\"https:\/\/elpais.com\/economia\/negocios\/2025-09-14\/ideas-para-la-gestion-empresarial-del-riesgo-geopolitico.html\" target=\"_self\" rel=\"nofollow noopener\" title=\"https:\/\/elpais.com\/economia\/negocios\/2025-09-14\/ideas-para-la-gestion-empresarial-del-riesgo-geopolitico.html\"> Identificar riesgos antes de que estos se materialicen<\/a>, evaluar posibles escenarios alternativos y tomar decisiones con m\u00e1s informaci\u00f3n. Esto es lo que marca la diferencia entre controlar una crisis de manera efectiva y no hacerlo\u201d, asegura Fern\u00e1ndez-Villaca\u00f1as. <\/p>\n<p class=\"\">Aqu\u00ed, N\u00faria Mas habla de detectar las dependencias ocultas que se pueden estar dando sin que se perciban. \u201cNo hay que entender solamente el mundo, que obviamente siempre ha sido el caso, sino que hay que tener una capacidad muy importante de leer este contexto internacional. Entender las interdependencias, la gesti\u00f3n de incertidumbre, y preguntarse: \u00bfqu\u00e9 supuestos ten\u00eda yo sobre un mundo multilateral que podr\u00edan llegar a romper nuestros modelos si cambian?\u201d, apunta la profesora de IESE, quien a\u00f1ade tambi\u00e9n la necesidad de controlar si en los escenarios que se contemplan se est\u00e1 apostando por una estabilidad pol\u00edtica que pudiera romperse.<\/p>\n<p class=\"\">Esto ayuda a dise\u00f1ar y priorizar escenarios pero, obviamente, no predice el futuro. \u201cEl principal [l\u00edmite] es la tentaci\u00f3n de sobreinterpretar. <a href=\"https:\/\/cincodias.elpais.com\/companias\/2023-02-27\/nueve-pistas-para-despejar-la-incertidumbre-en-las-empresas.html\" target=\"_self\" rel=\"nofollow noopener\" title=\"https:\/\/cincodias.elpais.com\/companias\/2023-02-27\/nueve-pistas-para-despejar-la-incertidumbre-en-las-empresas.html\">Se maneja incertidumbre, no certezas, y as\u00ed hay que comunicarlo<\/a> a los equipos directivos. Este conocimiento exige rigor metodol\u00f3gico y honestidad sobre lo que se puede predecir y lo que no\u201d, matiza Fern\u00e1ndez-Villaca\u00f1as. Y efectivamente, puede llevar a sobrerreaccionar en puntos en los que no es necesario. \u201cNo todo cambio internacional obliga a rehacer una estrategia entera. El valor del enfoque geopol\u00edtico no est\u00e1 en generar alarma, sino en mejorar la calidad de la decisi\u00f3n\u201d, sentencia Crescente.<\/p>\n<p>Casos reales<\/p>\n<p>Todo esto se ense\u00f1a tanto en contenidos transversales que se integran en las formaciones de las escuelas de negocios como en programas espec\u00edficos. \u201cEl objetivo es que el alumnado salga no solo con un conocimiento de la materia, sino tambi\u00e9n con herramientas que le permitan poner en pr\u00e1ctica todo lo adquirido. Hoy el an\u00e1lisis del riesgo log\u00edstico y de las vulnerabilidades de las cadenas de suministro resulta esencial en la determinaci\u00f3n de las estrategias empresariales\u201d, se\u00f1ala Manuel Fern\u00e1ndez-Villaca\u00f1as, del Programa de Geopol\u00edtica e Inteligencia Econ\u00f3mica de EAE Business School Madrid, en el que trabajan con casos reales combinados con metodolog\u00edas de inteligencia econ\u00f3mica, an\u00e1lisis de riesgo pa\u00eds y simulaciones de crisis. <\/p>\n<p>Porque las empresas hoy en d\u00eda solicitan perfiles capaces de gestionar riesgo geopol\u00edtico, no solo riesgo financiero. En el caso de EOI imparten contenidos muy aplicados: \u201cAn\u00e1lisis de riesgo geopol\u00edtico, comercio y regulaci\u00f3n internacional, seguridad econ\u00f3mica, cadenas de suministro, energ\u00eda, tecnolog\u00eda cr\u00edtica, escenarios de reindustrializaci\u00f3n, defensa, autonom\u00eda estrat\u00e9gica, ciberseguridad y toma de decisiones en entornos vol\u00e1tiles\u201d, asegura Diego Crescente, su director general, que puntualiza: \u201cNo se trata de convertir a todos los directivos en analistas internacionales, pero s\u00ed de que sepan leer los grandes vectores que van a condicionar competitividad y crecimiento\u201d.<\/p>\n","protected":false},"excerpt":{"rendered":"No es necesario ser un l\u00edder empresarial para percibir que en la actualidad el entorno internacional se encuentra&hellip;\n","protected":false},"author":2,"featured_media":505691,"comment_status":"","ping_status":"","sticky":false,"template":"","format":"standard","meta":{"footnotes":""},"categories":[80],"tags":[89903,82,5853,71,56661,95,94,2026,2308,25,101092,24,7214,13804,7082,23],"class_list":["post-505690","post","type-post","status-publish","format-standard","has-post-thumbnail","category-economia","tag-ataque-contra-iran","tag-business","tag-comercio-internacional","tag-conflictos-armados","tag-crisis-energetica","tag-economia","tag-economy","tag-educacion","tag-empresas","tag-es","tag-escuelas-de-negocios","tag-espana","tag-formacion","tag-geopolitica","tag-guerra-de-rusia-en-ucrania","tag-spain"],"share_on_mastodon":{"url":"https:\/\/pubeurope.com\/@es\/116429622355941964","error":""},"_links":{"self":[{"href":"https:\/\/www.europesays.com\/es\/wp-json\/wp\/v2\/posts\/505690","targetHints":{"allow":["GET"]}}],"collection":[{"href":"https:\/\/www.europesays.com\/es\/wp-json\/wp\/v2\/posts"}],"about":[{"href":"https:\/\/www.europesays.com\/es\/wp-json\/wp\/v2\/types\/post"}],"author":[{"embeddable":true,"href":"https:\/\/www.europesays.com\/es\/wp-json\/wp\/v2\/users\/2"}],"replies":[{"embeddable":true,"href":"https:\/\/www.europesays.com\/es\/wp-json\/wp\/v2\/comments?post=505690"}],"version-history":[{"count":0,"href":"https:\/\/www.europesays.com\/es\/wp-json\/wp\/v2\/posts\/505690\/revisions"}],"wp:featuredmedia":[{"embeddable":true,"href":"https:\/\/www.europesays.com\/es\/wp-json\/wp\/v2\/media\/505691"}],"wp:attachment":[{"href":"https:\/\/www.europesays.com\/es\/wp-json\/wp\/v2\/media?parent=505690"}],"wp:term":[{"taxonomy":"category","embeddable":true,"href":"https:\/\/www.europesays.com\/es\/wp-json\/wp\/v2\/categories?post=505690"},{"taxonomy":"post_tag","embeddable":true,"href":"https:\/\/www.europesays.com\/es\/wp-json\/wp\/v2\/tags?post=505690"}],"curies":[{"name":"wp","href":"https:\/\/api.w.org\/{rel}","templated":true}]}}