{"id":50574,"date":"2025-08-16T03:32:10","date_gmt":"2025-08-16T03:32:10","guid":{"rendered":"https:\/\/www.europesays.com\/es\/50574\/"},"modified":"2025-08-16T03:32:10","modified_gmt":"2025-08-16T03:32:10","slug":"la-policia-indonesia-investiga-la-desaparicion-de-una-ferrolana-de-72-anos-en-lombok-la-voz-de-galicia","status":"publish","type":"post","link":"https:\/\/www.europesays.com\/es\/50574\/","title":{"rendered":"La Polic\u00eda indonesia investiga la desaparici\u00f3n de una ferrolana de 72 a\u00f1os en Lombok &#8211; La Voz de Galicia"},"content":{"rendered":"<ol>\n<li><a href=\"https:\/\/news.google.com\/rss\/articles\/CBMi5AFBVV95cUxOS1N5MlhOVHpVdHBCUWh4WE5IMlBUcEJNNlRHb1pSMWtBX19zd19GbHhPXzlDS3AwdGJRZjBjTi1hdGpPSjBoTGluTTI5ZV93NnpNOS0xN3NzaWNETUpvanpobjUxdjRPbUxGa2pGbjJ6dEM1TG5QYTB3UHZzY21TdGdma2xuYk43Q0tPQmJQLUdZTU41T1kxWHNvY3VOaU1Bdms1OTl0UU9FNlZIakVsbUpKT1pVSHdwZWt3RHV5c1ZPS1ZjRG1hX3MwQkptckpsUTU0VFZmNXlNSGZ4amZHc1FlQ2M?oc=5\" target=\"_blank\" rel=\"nofollow noopener\">La Polic\u00eda indonesia investiga la desaparici\u00f3n de una ferrolana de 72 a\u00f1os en Lombok<\/a>&nbsp;&nbsp;La Voz de Galicia<\/li>\n<li><a href=\"https:\/\/news.google.com\/rss\/articles\/CBMioAJBVV95cUxNaWFDaTdtaWpKOUhDa3ZsdVhOSDAzem5GalM1SnhjTDR3eUVLcndzVHROek5mVjZacjFPeGNxWWdJTWIxaFNqd0NQV0FTS3ZTVVZIWWJoODBvNDVvM1pqMDJVbmpGLUliaXpsSlRKbS1oOHozT0I3TkRYODJRY0Yxdi1iaDNqbjgyYjl1X1FOb2M0WXhvRE9VRjJ4Y2o2TDJnaVpMbFpSc0p6cTNqQVNUcnVWTVZ6NURDSjd1VmZHbWRKd0tEOWFhNjVKWWcxMll4Q0x4UDN6UklDUF9uRTh3MW5CempvckV6Q0t3cjFTNU82Z2d2a1ZQbnBIcnJVT1FGekZCQ2ZIeWpPRUVQZHh4R2tiMEJEV2xXWDV0enhhc07SAaACQVVfeXFMTmZ5S1RQbXJzNUFwSWgxamZTN19qdzJYYWxiU0F2Q2gwZWFETU8xR3pxSVVoS1pkdzlvYWtJc0Z4VXk5SzdqdzlWOUJjVjdSTDQ4MVFtZ0VJT084QXRoS0Rfc1RFdTdNSWNZdXNxTzJ2dnJReWN4anN3ZndYUThOeE5nM0dkSUVTZktuUDZveEpFSnQ1emlOc1EzVk9SVFlpVTNnVEQ0aEUzampZSjdKUXBPZjlpVy1wQlRQcGl3YnVpbnRSaDE2SkgwT0ZhQy1WY2FhdUxQSWpqZ0ZYYXRVYkJDMktURC1BV1ZYSVBCZ1ZhQTVfSWNHV1c3cmRUVzFCdzlGNzhPdGFUQjctWl9uTmNPVzlHTG1YRXY3M1d2aE1F?oc=5\" target=\"_blank\" rel=\"nofollow noopener\">Matilde, una mochilera de 73 a\u00f1os, lleva un mes desaparecida en Indonesia: \u00abSabemos que los mensajes no e<\/a>&nbsp;&nbsp;Antena 3<\/li>\n<li><a href=\"https:\/\/news.google.com\/rss\/articles\/CBMitAFBVV95cUxNUmxWYTF5Z1dYZ0cxZ1p4LV8wTWZmQWFKOTRFbzFoRGx1THNTT3Uxcm1USl9UMVhURzM0MElUVERha1hNZUxKZlRKOFBTNUhuRlpEcFoxM0FIM3A1TFpBSGc3ZU9UTkV2anVROThKLURjWDNScTlsd3FwR1JvT0NzNWt1LWdvdHg5SjRyVEtNN0o2WFNqYVo2dXJtVzZyQ3BMZnhobGtOR216dVJfSkU4MXFfaEc?oc=5\" target=\"_blank\" rel=\"nofollow noopener\">Polic\u00eda en Indonesia investiga la desaparici\u00f3n de la espa\u00f1ola Matilde Mu\u00f1oz de 72 a\u00f1os en Lombok<\/a>&nbsp;&nbsp;ABC<\/li>\n<li><a href=\"https:\/\/news.google.com\/rss\/articles\/CBMiyAFBVV95cUxNNVk0TUFQRW9oQ0Q2c2ZHVjdjel95VDRWYU5XNVVKa2s1Qm50dzhGcEh6YmEtN2V2bUJjVXBXa3VnaGtkUENxTFljeXNGT01RTnlCY01wZ3lKVzFqRldIbHZTcWx5VENKeHRHU2VYUE04dmtXaHBGU204MFpYNTd4NXE0dVN1OXF6UnNYMlN1UlJ1a2xLZVFQZnR6UkJtenY3eFZtdzNSeFhzTUVHd1hOb0NOOEJnaUp0YnlSME4tWUIxOGVuWHZ1Tg?oc=5\" target=\"_blank\" rel=\"nofollow noopener\">Investigan la desaparici\u00f3n desde el pasado mes de julio de una ferrolana de 72 a\u00f1os en Indonesia<\/a>&nbsp;&nbsp;Diario de Ferrol<\/li>\n<li><a href=\"https:\/\/news.google.com\/rss\/articles\/CBMihAJBVV95cUxOZzF0Y3hwZWJRaXVVQk5PMG9QZ3BzaE5QOGh4TE9Fa1JGZHRySl82RUxUdUduMHpneVNsdTR6eHNrdHJlcWhwUjg1RVhyakw2YmRvZUNvbThiVlduSm9ZUDJkS2t0QUNxRjBRd1RCZXRsN0ZQOVZndGpSd1c0SkFXVGphMzByUVVpTm01LTNHQ0xIR0d2dHR5RlFobHRnT1Bjdl9rOVc1TzdwdC05Ui1XRkNKMVFoSElOMzlGZldNTFBYU1lKZS1qRlNTVkRSazhmakJXYm1DWTJfdEx1NlVVTUkzTHhwRDNaRndaQ3p4dFBmcFdmWE4xcFRNS2FlNWxmaUU3Yg?oc=5\" target=\"_blank\" rel=\"nofollow noopener\">Una mochilera espa\u00f1ola de 73 a\u00f1os desaparecida en Indonesia: \u201cEs imposible que haya sido por voluntad propia\u201d<\/a>&nbsp;&nbsp;MSN<\/li>\n<\/ol>\n","protected":false},"excerpt":{"rendered":"La Polic\u00eda indonesia investiga la desaparici\u00f3n de una ferrolana de 72 a\u00f1os en Lombok&nbsp;&nbsp;La Voz de Galicia Matilde,&hellip;\n","protected":false},"author":2,"featured_media":50575,"comment_status":"","ping_status":"","sticky":false,"template":"","format":"standard","meta":{"footnotes":""},"categories":[8],"tags":[17,18,25,24,13,14,11,19,20,9,10,15,16,22489,23,12,21,22],"class_list":{"0":"post-50574","1":"post","2":"type-post","3":"status-publish","4":"format-standard","5":"has-post-thumbnail","7":"category-espana","8":"tag-breaking-news","9":"tag-breakingnews","10":"tag-es","11":"tag-espana","12":"tag-featured-news","13":"tag-featurednews","14":"tag-headlines","15":"tag-latest-news","16":"tag-latestnews","17":"tag-news","18":"tag-noticias","19":"tag-noticias-destacadas","20":"tag-noticiasdestacadas","21":"tag-personas-desaparecidas","22":"tag-spain","23":"tag-titulares","24":"tag-ultimas-noticias","25":"tag-ultimasnoticias"},"share_on_mastodon":{"url":"","error":""},"_links":{"self":[{"href":"https:\/\/www.europesays.com\/es\/wp-json\/wp\/v2\/posts\/50574","targetHints":{"allow":["GET"]}}],"collection":[{"href":"https:\/\/www.europesays.com\/es\/wp-json\/wp\/v2\/posts"}],"about":[{"href":"https:\/\/www.europesays.com\/es\/wp-json\/wp\/v2\/types\/post"}],"author":[{"embeddable":true,"href":"https:\/\/www.europesays.com\/es\/wp-json\/wp\/v2\/users\/2"}],"replies":[{"embeddable":true,"href":"https:\/\/www.europesays.com\/es\/wp-json\/wp\/v2\/comments?post=50574"}],"version-history":[{"count":0,"href":"https:\/\/www.europesays.com\/es\/wp-json\/wp\/v2\/posts\/50574\/revisions"}],"wp:featuredmedia":[{"embeddable":true,"href":"https:\/\/www.europesays.com\/es\/wp-json\/wp\/v2\/media\/50575"}],"wp:attachment":[{"href":"https:\/\/www.europesays.com\/es\/wp-json\/wp\/v2\/media?parent=50574"}],"wp:term":[{"taxonomy":"category","embeddable":true,"href":"https:\/\/www.europesays.com\/es\/wp-json\/wp\/v2\/categories?post=50574"},{"taxonomy":"post_tag","embeddable":true,"href":"https:\/\/www.europesays.com\/es\/wp-json\/wp\/v2\/tags?post=50574"}],"curies":[{"name":"wp","href":"https:\/\/api.w.org\/{rel}","templated":true}]}}