{"id":50576,"date":"2025-08-16T03:33:13","date_gmt":"2025-08-16T03:33:13","guid":{"rendered":"https:\/\/www.europesays.com\/es\/50576\/"},"modified":"2025-08-16T03:33:13","modified_gmt":"2025-08-16T03:33:13","slug":"javier-lamban-referente-humano-y-politico-irrepetible-el-mundo","status":"publish","type":"post","link":"https:\/\/www.europesays.com\/es\/50576\/","title":{"rendered":"Javier Lamb\u00e1n, referente humano y pol\u00edtico irrepetible &#8211; El Mundo"},"content":{"rendered":"<ol>\n<li><a href=\"https:\/\/news.google.com\/rss\/articles\/CBMiekFVX3lxTE53d0RvZ1dFM0NYNk1tVl8wUXcxVHhPay1wZjdDVEx0cHd3UXhpVHNzcTBxT3FOdGZLaWRtMlVmQXZaSExLbkFtUU9KQ21zLWNrSGQxVEU3U1BTMFBQeW9mM0xqZDN6ZlV0dnY0a2dYZlNZeTRFQm9vaFZn0gF6QVVfeXFMUHVMblc5MUxCWFJGMDlMMUhGd0ExenN2X0MzY05WanA4bkZuQ2NleU9qUTc3RW1hSHdnMXlMb1VEb2RkZXRheUR0NkowVm9kelNwaUV0SnJqLVhXaWttSkRqeGEtd0VVTkJZbE9hZno0Z1JXWTNwcm1ZU1E?oc=5\" target=\"_blank\" rel=\"nofollow noopener\">Javier Lamb\u00e1n, referente humano y pol\u00edtico irrepetible<\/a>&nbsp;&nbsp;El Mundo<\/li>\n<li><a href=\"https:\/\/news.google.com\/rss\/articles\/CBMiekFVX3lxTFAxQlBYSkpMYWpWZmttUEg5bzdEUng1UkdkMUNyaTh1VFpTSzlnbk9kWW9mbEhqZFhkcnpYN3RlOU5mWkFGVzREeWx6eVJ5dDg3QVN1TlBYZXhMMGhCTzVIWGE0MUVxV29YdVBGS3dKVm44OWM1VHhRSzd30gF6QVVfeXFMUG5STjVhVnNWYmFZVUh5ckZUM1VsY0wyTTgxLVlqTUVDc0M3dFoyLTNmSzVyLVN0emZwYjhkeVUtTTNfMEpDLWZMWmJKNVhSSXRMcHEyaXRPMnh4aDRwZ0tNdkhUN0pNR1dHVGdvNjhBeXNac2xCTEdPZVE?oc=5\" target=\"_blank\" rel=\"nofollow noopener\">Lamb\u00e1n en siete momentos: de \u00abinstalarse en la centralidad\u00bb a decir \u00abla verdad al votante sin eufemismos\u00bb<\/a>&nbsp;&nbsp;El Mundo<\/li>\n<li><a href=\"https:\/\/news.google.com\/rss\/articles\/CBMimwFBVV95cUxNckk4UFMza2k0dmtfWGpJOW9WalVzTVF2TXkwZzdhZ0RHSlN5VllSSzNhMDdrSEp0cERMbktTZjR4OUw3R3dsYkhaVnFtQktiX1l2VjVMcm5kSnJld21UT0dMSExTREVqb3RDd2lXV0hkak9KbU42c3EtX0RXM0RuLUZYQU5OU25xYklOQnJVOVFmYkhjMGFwYUx3MA?oc=5\" target=\"_blank\" rel=\"nofollow noopener\">Javier Lamb\u00e1n: referente humano y pol\u00edtico irrepetible<\/a>&nbsp;&nbsp;EL PA\u00cdS<\/li>\n<li><a href=\"https:\/\/news.google.com\/rss\/articles\/CBMisgFBVV95cUxQU2xkSzdGXzNCZV8zeVBjRS1CZTYxQVcyUWhnRk5wRnd6M3h2MWVmdlVWU2hXcEYwb1FJQk1VZVFrN1ZFaHFaWV81QU1FWVVPRnF3T1d6M3NLUlZaN0pRdElER0IwUEcySFpsbDFrZ3hjZllJTjJWRFBzM3daLWY4eE84S2ZMemstMVN3cTJNeEhWZGdKalRMUm1ZeVNBdzIwMVlBaDBQMWtUQXQzbkg4bU13?oc=5\" target=\"_blank\" rel=\"nofollow noopener\">La pol\u00edtica y sociedad civil aragonesa se ti\u00f1en de luto por la muerte de Javier Lamb\u00e1n: \u00abQue la Virgen del Pilar lo acoja bajo su manto\u00bb<\/a>&nbsp;&nbsp;ABC<\/li>\n<li><a href=\"https:\/\/news.google.com\/rss\/articles\/CBMi_wFBVV95cUxNUXVXV3UzLWtNZ1ZYb1NEWk1xLVhEZFdsOWxrQkpFaUtuXzJXMmlaTEc2VmppblNqVnkxUXBUeS1zQkpBa0dfeTZJSVZ5Y3RWRkVybGY2T2MwaktIaWl3WlM5ZEtTeWpfd0Nxdm5BS0xTSUg5SWJPdXhzWDlkMjlNMnYwSmNKY3ZVQnQ5Unl6NV9GZUNfWG9hYk9WdjVoOVdJVHdyYnpUX3I3ZFFYdjNZTXdHWHROUTRDN2dYazVwSjFVSF9kemdDR3owZ25YM0lRSERhX0l6WnZ2dTNnMUJha2F1eW9hN0ZET0FUVmVMV1p1aEw5S2c4ZHEwV180V2vSAf8BQVVfeXFMTlNYVDRQcm9xNExDYk5ERUNrVERIRHlpeVl0alVCNXEzajM5cFFlRXhxT1lvTUswNzdTVjRpYng4YWRGT2xwUzExMHVPb3Q4Z3BZVGxJbzIzZVZsTWFhdkJ0N0NfY1hIaGt6MHhsbXJlWHJKWlYyeGkwcHJsNnVDbHFidUZtNHhPUGVuTUxlMHRralhwLU92cU9hLU9RbnJzNXQwOVBfV0EyRnNUcjFXazBUNEctcTdxTmRkOVgzeFQ0bkFTd2FKZl9NUDhkYW5uR0RVbU9qWWZzY2RvM1pWcnpYc1NON0hGNFltZm9kQVRMdnQ2ZmQyRllQSnRycmFj?oc=5\" target=\"_blank\" rel=\"nofollow noopener\">Lamb\u00e1n recibir\u00e1 su \u00faltimo adi\u00f3s en un acto civil en su localidad natal y ser\u00e1 incinerado en la intimidad famil<\/a>&nbsp;&nbsp;LaSexta<\/li>\n<\/ol>\n","protected":false},"excerpt":{"rendered":"Javier Lamb\u00e1n, referente humano y pol\u00edtico irrepetible&nbsp;&nbsp;El Mundo Lamb\u00e1n en siete momentos: de \u00abinstalarse en la centralidad\u00bb a&hellip;\n","protected":false},"author":2,"featured_media":50577,"comment_status":"","ping_status":"","sticky":false,"template":"","format":"standard","meta":{"footnotes":""},"categories":[5],"tags":[17,18,25,24,13,14,11,19,20,9,10,15,16,1925,23,12,21,22],"class_list":{"0":"post-50576","1":"post","2":"type-post","3":"status-publish","4":"format-standard","5":"has-post-thumbnail","7":"category-titulares","8":"tag-breaking-news","9":"tag-breakingnews","10":"tag-es","11":"tag-espana","12":"tag-featured-news","13":"tag-featurednews","14":"tag-headlines","15":"tag-latest-news","16":"tag-latestnews","17":"tag-news","18":"tag-noticias","19":"tag-noticias-destacadas","20":"tag-noticiasdestacadas","21":"tag-opinion","22":"tag-spain","23":"tag-titulares","24":"tag-ultimas-noticias","25":"tag-ultimasnoticias"},"share_on_mastodon":{"url":"","error":""},"_links":{"self":[{"href":"https:\/\/www.europesays.com\/es\/wp-json\/wp\/v2\/posts\/50576","targetHints":{"allow":["GET"]}}],"collection":[{"href":"https:\/\/www.europesays.com\/es\/wp-json\/wp\/v2\/posts"}],"about":[{"href":"https:\/\/www.europesays.com\/es\/wp-json\/wp\/v2\/types\/post"}],"author":[{"embeddable":true,"href":"https:\/\/www.europesays.com\/es\/wp-json\/wp\/v2\/users\/2"}],"replies":[{"embeddable":true,"href":"https:\/\/www.europesays.com\/es\/wp-json\/wp\/v2\/comments?post=50576"}],"version-history":[{"count":0,"href":"https:\/\/www.europesays.com\/es\/wp-json\/wp\/v2\/posts\/50576\/revisions"}],"wp:featuredmedia":[{"embeddable":true,"href":"https:\/\/www.europesays.com\/es\/wp-json\/wp\/v2\/media\/50577"}],"wp:attachment":[{"href":"https:\/\/www.europesays.com\/es\/wp-json\/wp\/v2\/media?parent=50576"}],"wp:term":[{"taxonomy":"category","embeddable":true,"href":"https:\/\/www.europesays.com\/es\/wp-json\/wp\/v2\/categories?post=50576"},{"taxonomy":"post_tag","embeddable":true,"href":"https:\/\/www.europesays.com\/es\/wp-json\/wp\/v2\/tags?post=50576"}],"curies":[{"name":"wp","href":"https:\/\/api.w.org\/{rel}","templated":true}]}}