{"id":50578,"date":"2025-08-16T03:35:07","date_gmt":"2025-08-16T03:35:07","guid":{"rendered":"https:\/\/www.europesays.com\/es\/50578\/"},"modified":"2025-08-16T03:35:07","modified_gmt":"2025-08-16T03:35:07","slug":"el-declive-de-los-dioses-bajo-un-sol-abrasador-en-tafalla","status":"publish","type":"post","link":"https:\/\/www.europesays.com\/es\/50578\/","title":{"rendered":"El declive de los dioses bajo un sol abrasador en Tafalla"},"content":{"rendered":"<p>\n<strong>Un calor agobiante<\/strong>, un hierro cuyo apogeo fue a mediados del Siglo XX, un cartel con toreros del grupo C, unas entradas con precios de plaza grande y a pesar de todo, el 15 agosto, <strong>la afici\u00f3n sigui\u00f3 acudiendo a tostarse sobre los tendidos de la plaza de Tafalla.<\/strong>\n<\/p>\n<p>No fue la bravura lo que mantuvo la atenci\u00f3n en el festejo. Tampoco imposibles muestras de toreo excelso.  Ayer las ovaciones m\u00e1s sentidas las robaron toreros del lado oculto de la luna. Subalternos con un alto concepto de vestirse de luces e incluso un joven monosabio que salv\u00f3 una montura de la cuadra de picar.<\/p>\n<p>Porque sosten\u00eda el cartel el hierro del <strong>Conde de la Corte,<\/strong> ganader\u00eda que en su d\u00eda fue la madre de casi todas las ganader\u00edas del campo bravo y que en el Siglo XXI intenta recuperarse de una crisis que tuvo el ganado en situaci\u00f3n de desamparo.<\/p>\n<p>De esos a\u00f1os de abandono y nula selecci\u00f3n a los toros de ayer les salieron varios ramalazos. Bien en forma de arreones de manso, caballos descabalgados, brusquedades y genio, pero tambi\u00e9n, de la manera m\u00e1s plausible, en un primer toro de condici\u00f3n tan burriciega como mansa, que fue condenado a banderillas negras.<\/p>\n<p>Los m\u00e1s veteranos del tendido, con 91 a\u00f1os a sus espaldas, no recordaban  ver un pa\u00f1uelo rojo asomarse en la presidencia.  Todo un borr\u00f3n en la rese\u00f1a que debieron aguantar los propietarios de la vacada, metidos ahora en el esfuerzo de lograr el salto atr\u00e1s en la gen\u00e9tica para volver  a los toros que encandilaron al toreo en las ferias de los noventa.<\/p>\n<p>Porque entre los matadores que tuvieron que pechar con el encierro de este viernes destac\u00f3 <strong>Miguel Gim\u00e9nez,<\/strong> un superviviente en los gaches del Per\u00fa. And\u00e1banse luciendo los gaiteros en el tercio de banderillas en una escena digna de los relatos de F\u00e9lix Urabayen, cuando el matador valenciano se hizo presente aguantando con la muleta un toro que embest\u00eda a cabezazos. Le puso coraz\u00f3n, dome\u00f1\u00f3 el genio del animal condeso y construy\u00f3 una faena aprovechando las virtudes de la movilidad del toro y el valor del matador.<\/p>\n<p>Se perfil\u00f3 con el estoque y derrumb\u00f3 al animal con una estocada tan efectiva como rinconera, e hizo levantar al p\u00fablico de la parrilla que ten\u00eda bajo sus piernas en forma de tendido.<\/p>\n<p>Dio muestras de su oficio <strong>G\u00f3mez del Pilar<\/strong> que pinch\u00f3 los toros tanto como <strong>Diego Garc\u00eda,<\/strong> sin dejar mucho para el recuerdo en una tarde de calor sahariano, toros casquiveloces y profesionales que se visten por los pies.<\/p>\n<p><strong>GANADO<\/strong><br \/>6 toros de la Ganader\u00eda de los herederos del Excmo. Sr. Conde de la Corte. Presentados de forma correcta para la categor\u00eda de la plaza. Mansos en distintos grados. El primero, jefe, n\u00ba 1, fue condenado a banderillas negras.<\/p>\n<p><strong>DIESTROS<\/strong><br \/>G\u00f3mez del Pilar, silencio y ovaci\u00f3n con saludos.<br \/>Miguel Gim\u00e9nez silencio y oreja.<br \/>Diego Garc\u00eda silencio y silencio.<\/p>\n<p><strong>PRESIDENCIA<\/strong><br \/>A cargo de D. Pablo Lacunza , asesorado por Francisco Sagard\u00eda en el terreno art\u00edstico y Javier Mart\u00ednez en el veterinario. Apostaron por mantener en el ruedo al primer toro de la tarde, bajo las protestas del p\u00fablico que apreciaba en este indicios de mala visi\u00f3n y lo castigaron posteriormente a banderillas negras.<br \/>No tuvieron m\u00e1s contratiempos durante el resto del festejo.<\/p>\n<p><strong>INCIDENCIAS<\/strong><br \/>Plaza de Toros de Tafalla, 1\u00aa corrida de abono. M\u00e1s de dos tercios  de entrada sobre el aforo legal. Calor t\u00f3rrido, 40\u00ba durante el pase\u00edllo. Francisco Javier Tornay salud\u00f3 en banderillas tras parear al 3\u00ba para ser prendido y conducido a la enfermer\u00eda  por el 6\u00ba. Pas\u00f3 al HUN para estudio radiol\u00f3gico.<\/p>\n","protected":false},"excerpt":{"rendered":"Un calor agobiante, un hierro cuyo apogeo fue a mediados del Siglo XX, un cartel con toreros del&hellip;\n","protected":false},"author":2,"featured_media":50579,"comment_status":"","ping_status":"","sticky":false,"template":"","format":"standard","meta":{"footnotes":""},"categories":[277],"tags":[18131,373,22490,168,22491,158,25,24,2829,23,167,374],"class_list":{"0":"post-50578","1":"post","2":"type-post","3":"status-publish","4":"format-standard","5":"has-post-thumbnail","7":"category-toreo","8":"tag-abrasador","9":"tag-bullfighting","10":"tag-declive","11":"tag-deportes","12":"tag-dioses","13":"tag-el","14":"tag-es","15":"tag-espana","16":"tag-sol","17":"tag-spain","18":"tag-sports","19":"tag-toreo"},"share_on_mastodon":{"url":"","error":""},"_links":{"self":[{"href":"https:\/\/www.europesays.com\/es\/wp-json\/wp\/v2\/posts\/50578","targetHints":{"allow":["GET"]}}],"collection":[{"href":"https:\/\/www.europesays.com\/es\/wp-json\/wp\/v2\/posts"}],"about":[{"href":"https:\/\/www.europesays.com\/es\/wp-json\/wp\/v2\/types\/post"}],"author":[{"embeddable":true,"href":"https:\/\/www.europesays.com\/es\/wp-json\/wp\/v2\/users\/2"}],"replies":[{"embeddable":true,"href":"https:\/\/www.europesays.com\/es\/wp-json\/wp\/v2\/comments?post=50578"}],"version-history":[{"count":0,"href":"https:\/\/www.europesays.com\/es\/wp-json\/wp\/v2\/posts\/50578\/revisions"}],"wp:featuredmedia":[{"embeddable":true,"href":"https:\/\/www.europesays.com\/es\/wp-json\/wp\/v2\/media\/50579"}],"wp:attachment":[{"href":"https:\/\/www.europesays.com\/es\/wp-json\/wp\/v2\/media?parent=50578"}],"wp:term":[{"taxonomy":"category","embeddable":true,"href":"https:\/\/www.europesays.com\/es\/wp-json\/wp\/v2\/categories?post=50578"},{"taxonomy":"post_tag","embeddable":true,"href":"https:\/\/www.europesays.com\/es\/wp-json\/wp\/v2\/tags?post=50578"}],"curies":[{"name":"wp","href":"https:\/\/api.w.org\/{rel}","templated":true}]}}