{"id":50586,"date":"2025-08-16T03:41:07","date_gmt":"2025-08-16T03:41:07","guid":{"rendered":"https:\/\/www.europesays.com\/es\/50586\/"},"modified":"2025-08-16T03:41:07","modified_gmt":"2025-08-16T03:41:07","slug":"antonio-conde-sera-reconocido-en-la-gala-del-baloncesto-espanol","status":"publish","type":"post","link":"https:\/\/www.europesays.com\/es\/50586\/","title":{"rendered":"Antonio Conde ser\u00e1 reconocido en la Gala del Baloncesto Espa\u00f1ol"},"content":{"rendered":"<p class=\"article-text\">\n        El Hip\u00f3dromo de la Zarzuela de Madrid acoger\u00e1 la celebraci\u00f3n la sexta edici\u00f3n de la Gala del Baloncesto Espa\u00f1ol, un evento que re\u00fane a los principales protagonistas de la temporada en dicha disciplina a nivel nacional. El acto contar\u00e1 con la presencia de los premiados y de la selecci\u00f3n masculina absoluta al completo, la cual est\u00e1 preparando el Eurobasket y que el jueves 21 disputa en el Movistar Arena de Madrid su \u00faltimo partido amistoso en Espa\u00f1a. Asimismo, estar\u00e1n acompa\u00f1ados de la presidenta de la Federaci\u00f3n Espa\u00f1ola de Baloncesto, Elisa Aguilar y del director de Marca, Juan Ignacio Gallardo.\n    <\/p>\n<p>    <a href=\"https:\/\/cordopolis.eldiario.es\/deportes\/baloncesto\/antonio-conde-sera-cuatro-arbitros-espanoles-eurobasket_1_12509954.html\" data-mrf-recirculation=\"saber-mas\" data-dl-event=\"saber-mas\" rel=\"nofollow noopener\" target=\"_blank\"><\/p>\n<p class=\"know-more__title\">Antonio Conde ser\u00e1 uno de los cuatro \u00e1rbitros espa\u00f1oles del Eurobasket<\/p>\n<p>            <img decoding=\"async\" class=\"lazy\" loading=\"lazy\" data-src=\"https:\/\/static.eldiario.es\/clip\/2080efd7-ed8f-4ca7-a90b-10fedd9a62ac_16-9-aspect-ratio_default_0.jpg\" src=\"data:image\/svg+xml,%3Csvg xmlns=\" http:=\"\" viewbox=\"0 0 880 495\" alt=\"Antonio Conde ser\u00e1 uno de los cuatro \u00e1rbitros espa\u00f1oles del Eurobasket\"\/><\/p>\n<p>                        <\/a><\/p>\n<p class=\"article-text\">\n        En este sentido, entre los premiados habr\u00e1 acento cordob\u00e9s, ya que el \u00e1rbitro Antonio Conde, uno de los colegiados m\u00e1s destacados del panorama internacional y quien se encuentra igualmente prepar\u00e1ndose para participar en el Eurobasket, recibir\u00e1 el premio especial del jurado. El mismo ha estado conformado por Juan Luis Soto Burillo (Consejo Superior de Deportes), Elisa Aguilar, Oscar Graefenhain, Santos Moraga (FEB), Jos\u00e9 Ignacio Gallardo, Jes\u00fas S\u00e1nchez, Jorge Quiroga (Marca), Antonio Mart\u00edn (ACB), Alfonso Reyes (ABP), Joan Mar\u00eda Gavald\u00e0 (AEEB), Lucila Pascua (AJUB), Luis Manuel Sancha (AEBA) y Jose Asensio (clubes femeninos).\n    <\/p>\n<p class=\"article-text\">\n        Conde acumula cerca de 25 a\u00f1os de trayectoria en la ACB, adem\u00e1s de ser un \u00e1rbitro ya consolidado en Euroliga. A nivel internacional, lleva igualmente cerca de dos d\u00e9cadas sumando competiciones. En el terreno internacional, estuvo en el Eurobasket de 2017, en el Mundial femenino de 2018 y en el masculino del 2023. Adem\u00e1s, ha participado en dos Juegos Ol\u00edmpicos, en Tokio 2020 y Par\u00eds 2024, donde fue designado como el \u00e1rbitro principal de la final masculina.\n    <\/p>\n<p class=\"article-text\">\n        Junto a \u00e9l, el resto de premiados son Dar\u00edo Brizuela (Mejor Jugador Nacional), Aina Ayuso (Mejor Jugadora Nacional), Juancho Hernang\u00f3mez (Mejor Jugador Nacional en Competici\u00f3n Internacional), Maite Cazorla (Mejor Jugadora Nacional en Competici\u00f3n Internacional), Sergio de Larrea (Jugador Joven con Mayor Proyecci\u00f3n), Iyana Mart\u00edn (Jugadora Joven con Mayor Proyecci\u00f3n), Sergio Scariolo (Premio Especial), Selecci\u00f3n Femenina 3&#215;3 (Premio Especial), Selecci\u00f3n Masculina 3&#215;3 (Premio Especial), Santi Yusta (Mejor Jugada Masculina)y Leonor Rodr\u00edguez (Mejor Jugada Femenina).\n    <\/p>\n","protected":false},"excerpt":{"rendered":"El Hip\u00f3dromo de la Zarzuela de Madrid acoger\u00e1 la celebraci\u00f3n la sexta edici\u00f3n de la Gala del Baloncesto&hellip;\n","protected":false},"author":2,"featured_media":50587,"comment_status":"","ping_status":"","sticky":false,"template":"","format":"standard","meta":{"footnotes":""},"categories":[269],"tags":[1247,299,298,6637,168,25,24,1489,1649,2868,523,23,167],"class_list":{"0":"post-50586","1":"post","2":"type-post","3":"status-publish","4":"format-standard","5":"has-post-thumbnail","7":"category-baloncesto","8":"tag-antonio","9":"tag-baloncesto","10":"tag-basketball","11":"tag-conde","12":"tag-deportes","13":"tag-es","14":"tag-espana","15":"tag-espanol","16":"tag-gala","17":"tag-reconocido","18":"tag-sera","19":"tag-spain","20":"tag-sports"},"share_on_mastodon":{"url":"","error":""},"_links":{"self":[{"href":"https:\/\/www.europesays.com\/es\/wp-json\/wp\/v2\/posts\/50586","targetHints":{"allow":["GET"]}}],"collection":[{"href":"https:\/\/www.europesays.com\/es\/wp-json\/wp\/v2\/posts"}],"about":[{"href":"https:\/\/www.europesays.com\/es\/wp-json\/wp\/v2\/types\/post"}],"author":[{"embeddable":true,"href":"https:\/\/www.europesays.com\/es\/wp-json\/wp\/v2\/users\/2"}],"replies":[{"embeddable":true,"href":"https:\/\/www.europesays.com\/es\/wp-json\/wp\/v2\/comments?post=50586"}],"version-history":[{"count":0,"href":"https:\/\/www.europesays.com\/es\/wp-json\/wp\/v2\/posts\/50586\/revisions"}],"wp:featuredmedia":[{"embeddable":true,"href":"https:\/\/www.europesays.com\/es\/wp-json\/wp\/v2\/media\/50587"}],"wp:attachment":[{"href":"https:\/\/www.europesays.com\/es\/wp-json\/wp\/v2\/media?parent=50586"}],"wp:term":[{"taxonomy":"category","embeddable":true,"href":"https:\/\/www.europesays.com\/es\/wp-json\/wp\/v2\/categories?post=50586"},{"taxonomy":"post_tag","embeddable":true,"href":"https:\/\/www.europesays.com\/es\/wp-json\/wp\/v2\/tags?post=50586"}],"curies":[{"name":"wp","href":"https:\/\/api.w.org\/{rel}","templated":true}]}}