{"id":50590,"date":"2025-08-16T03:43:12","date_gmt":"2025-08-16T03:43:12","guid":{"rendered":"https:\/\/www.europesays.com\/es\/50590\/"},"modified":"2025-08-16T03:43:12","modified_gmt":"2025-08-16T03:43:12","slug":"la-fiesta-de-talita-von-furstenberg-por-su-compromiso-una-cena-con-sus-primos-y-tios-de-la-familia-real-griega-las-hermanas-miller-y-maria-clara-madre-de-marie-chantal","status":"publish","type":"post","link":"https:\/\/www.europesays.com\/es\/50590\/","title":{"rendered":"La fiesta de Talita von F\u00fcrstenberg por su compromiso: una cena con sus primos y t\u00edos de la familia real griega, las hermanas Miller y Mar\u00eda Clara, madre de Marie-Chantal"},"content":{"rendered":"<p>La <a href=\"https:\/\/www.revistavanityfair.es\/articulos\/familia-real-grecia-nacionalidad-apellido\" rel=\"nofollow noopener\" target=\"_blank\">familia real griega<\/a> se ha reunido para celebrar el compromiso de <a href=\"https:\/\/www.revistavanityfair.es\/articulos\/talita-von-furstenberg-sobrina-princesa-marie-chantal-grecia-nueva-york\" rel=\"nofollow noopener\" target=\"_blank\">Talita von F\u00fcrstenberg<\/a> y <a href=\"https:\/\/www.revistavanityfair.es\/articulos\/talita-von-furstenberg-novio-quien-es\" rel=\"nofollow noopener\" target=\"_blank\">Rocco Brignone de Brabant<\/a>. La fiesta consisti\u00f3 en una cena familiar en\u00a0un restaurante, donde como puede verse en algunas fotos de Instagram la sobrina de la <a href=\"https:\/\/www.revistavanityfair.es\/articulos\/achileas-de-grecia-celebra-su-25-cumpleanos-en-spetses-festivales-de-musica-con-sus-hermanos-intimo-del-hijo-de-elle-macpherson\" rel=\"nofollow noopener\" target=\"_blank\">princesa Marie Chantal<\/a> y su futuro marido soplaron velas en un tarta adornada con sus nombres y un coraz\u00f3n.<\/p>\n<p>Instagram content<\/p>\n<p>This content can also be viewed on the site it <a href=\"https:\/\/www.instagram.com\/p\/DNVjwmisKVW\" target=\"_blank\" rel=\"nofollow noreferrer noopener\" aria-label=\"Opens in a new window\" class=\"BaseWrap-sc-gzmcOU BaseText-eqOrNE BaseLink-eTpkqh ConsentBannerLink-dEGWLe deqABF cPEMFS upmqy\">originates<\/a> from.<\/p>\n<p>Les acompa\u00f1aban tanto Marie Chantal y el <a href=\"https:\/\/www.revistavanityfair.es\/articulos\/pablo-de-grecia-y-marie-chantal-miller-celebran-30-aniversario-boda-spetses\" rel=\"nofollow noopener\" target=\"_blank\">pr\u00edncipe Pablo<\/a> como la <a href=\"https:\/\/www.revistavanityfair.es\/articulos\/olympia-de-grecia-29-cumpleanos-adelantado-con-su-amigo-giannis-goulandris\" rel=\"nofollow noopener\" target=\"_blank\">princesa Olympia<\/a> y los pr\u00edncipes Constantino, Achileas, Odysseas, y Ar\u00edstides, quienes tienen una relaci\u00f3n muy estrecha con su prima. Tampoco se lo perdieron la madre de la novia, <a href=\"https:\/\/www.revistavanityfair.es\/articulos\/alexandra-von-furstenberg-hermana-marie-chantal-incendios\" rel=\"nofollow noopener\" target=\"_blank\">Alexandra<\/a>, quien estuvo acompa\u00f1ada de su marido, el arquitecto californiano <a href=\"https:\/\/www.revistavanityfair.es\/articulos\/alexandra-von-furstenberg-celebra-10-anos-junto-al-amor-de-su-vida-una-boda-en-su-mansion-de-los-angeles-un-hijo-recien-graduado-en-miami-y-una-estupenda-relacion-con-su-exsuegra\" rel=\"nofollow noopener\" target=\"_blank\">Dax Miller<\/a>; <strong>Mar\u00eda Clara Pesantes<\/strong>, madre de la princesa Marie Chantal y abuela materna de la novia; y <a href=\"https:\/\/www.revistavanityfair.es\/articulos\/marie-chantal-grecia-hermanas-pia-getty-alexandra-miller\" rel=\"nofollow noopener\" target=\"_blank\">Pia Getty,<\/a> la otra t\u00eda por parte de madre de Talita.<\/p>\n<p>Por ahora, se desconocen la fecha y el lugar en el que tendr\u00e1 lugar la esperada boda. La noticia de su compromiso la dio a principios de este mes <a href=\"https:\/\/www.revistavanityfair.es\/sociedad\/articulos\/talita-von-furstenberg-entrevista-diane\/43643\" rel=\"nofollow noopener\" target=\"_blank\">Diane von F\u00fcrstenberg<\/a>, la abuela paterna de la novia, para quien Talita trabaja como copresidenta de su marca de moda. \u201c\u00a1Talita y Roco est\u00e1n comprometidos! \u00c9l se lo ha pedido\u2026 \u00a1y ella ha dicho que s\u00ed!\u201d, escrib\u00eda la dise\u00f1adora en Instagram.<\/p>\n<p>Instagram content<\/p>\n<p>This content can also be viewed on the site it <a href=\"https:\/\/www.instagram.com\/p\/DMzZb1ZoA8I\" target=\"_blank\" rel=\"nofollow noreferrer noopener\" aria-label=\"Opens in a new window\" class=\"BaseWrap-sc-gzmcOU BaseText-eqOrNE BaseLink-eTpkqh ConsentBannerLink-dEGWLe deqABF cPEMFS upmqy\">originates<\/a> from.<\/p>\n<p>Nacida en 1999, Talita es la mayor de los dos hijos que tuvo el pr\u00edncipe Alexander von F\u00fcrstenberg, hijo de Diane, con su exmujer, Alexandra Miller. Su novio, Rocco Brignone de Brabant, es hijo de una las mejores amigas de Marie Chantal, <strong>Karina de Brabant<\/strong>, mientras que por parte de padre es nieto de <strong>Gian Franco Brignone<\/strong>, un magnate de la banca italiana reconvertido en agente inmobiliario como promotor del lujoso complejo tur\u00edstico mexicano\u00a0<a href=\"https:\/\/www.revistavanityfair.es\/lujo\/lifestyle\/articulos\/costa-careyes-mexico-refugio-luis-miguel-cindy-crawford-y-salma-hayek\/45672\" rel=\"nofollow noopener\" target=\"_blank\">Costa Careyes<\/a>.<\/p>\n<p>La pareja suele disfrutar de sus vacaciones de verano entre las costas de Italia y Grecia, donde suelen compartir <a href=\"https:\/\/www.revistavanityfair.es\/articulos\/principe-pablo-marie-chantal-miller-hijos-olympia-vacaciones-grecia\" rel=\"nofollow noopener\" target=\"_blank\">unos d\u00edas con la familia de Pablo de Grecia<\/a>. En su c\u00edrculo figuran nombres tan conocidos como <strong><a href=\"https:\/\/www.revistavanityfair.es\/sociedad\/celebrities\/articulos\/pixie-geldof-embarazada-de-su-primer-hijo\/49504\" rel=\"nofollow noopener\" target=\"_blank\">Pixie Geldof<\/a>,<\/strong> hija del m\u00fasico <strong>Bob Geldof<\/strong>, <strong><a href=\"https:\/\/www.revistavanityfair.es\/articulos\/la-escapada-de-tatiana-santo-domingo-a-brasil-bianca-brandolini\" rel=\"nofollow noopener\" target=\"_blank\">Bianca Brandolini<\/a>,<\/strong> hija de los condes Ruy y <strong>Georgina Brandolini,<\/strong> o <strong><a href=\"https:\/\/www.revistavanityfair.es\/articulos\/achileas-y-olympia-de-grecia-invitados-electra-niarchos-fiesta-suiza\" rel=\"nofollow noopener\" target=\"_blank\">Eugenie Niarchos<\/a>,<\/strong> nieta del armador griego <strong>Stavros Niarchos.<\/strong><\/p>\n<p><script async src=\"\/\/www.instagram.com\/embed.js\"><\/script><\/p>\n","protected":false},"excerpt":{"rendered":"La familia real griega se ha reunido para celebrar el compromiso de Talita von F\u00fcrstenberg y Rocco Brignone&hellip;\n","protected":false},"author":2,"featured_media":50591,"comment_status":"","ping_status":"","sticky":false,"template":"","format":"standard","meta":{"footnotes":""},"categories":[174],"tags":[255,146,147,25,24,22493,256,22492,10876,22494,23],"class_list":{"0":"post-50590","1":"post","2":"type-post","3":"status-publish","4":"format-standard","5":"has-post-thumbnail","7":"category-famosos","8":"tag-celebrities","9":"tag-entertainment","10":"tag-entretenimiento","11":"tag-es","12":"tag-espana","13":"tag-familia-real-griega","14":"tag-famosos","15":"tag-marie-chantal-miller","16":"tag-olympia-de-grecia","17":"tag-pablo-de-grecia","18":"tag-spain"},"share_on_mastodon":{"url":"","error":""},"_links":{"self":[{"href":"https:\/\/www.europesays.com\/es\/wp-json\/wp\/v2\/posts\/50590","targetHints":{"allow":["GET"]}}],"collection":[{"href":"https:\/\/www.europesays.com\/es\/wp-json\/wp\/v2\/posts"}],"about":[{"href":"https:\/\/www.europesays.com\/es\/wp-json\/wp\/v2\/types\/post"}],"author":[{"embeddable":true,"href":"https:\/\/www.europesays.com\/es\/wp-json\/wp\/v2\/users\/2"}],"replies":[{"embeddable":true,"href":"https:\/\/www.europesays.com\/es\/wp-json\/wp\/v2\/comments?post=50590"}],"version-history":[{"count":0,"href":"https:\/\/www.europesays.com\/es\/wp-json\/wp\/v2\/posts\/50590\/revisions"}],"wp:featuredmedia":[{"embeddable":true,"href":"https:\/\/www.europesays.com\/es\/wp-json\/wp\/v2\/media\/50591"}],"wp:attachment":[{"href":"https:\/\/www.europesays.com\/es\/wp-json\/wp\/v2\/media?parent=50590"}],"wp:term":[{"taxonomy":"category","embeddable":true,"href":"https:\/\/www.europesays.com\/es\/wp-json\/wp\/v2\/categories?post=50590"},{"taxonomy":"post_tag","embeddable":true,"href":"https:\/\/www.europesays.com\/es\/wp-json\/wp\/v2\/tags?post=50590"}],"curies":[{"name":"wp","href":"https:\/\/api.w.org\/{rel}","templated":true}]}}