{"id":50594,"date":"2025-08-16T03:46:08","date_gmt":"2025-08-16T03:46:08","guid":{"rendered":"https:\/\/www.europesays.com\/es\/50594\/"},"modified":"2025-08-16T03:46:08","modified_gmt":"2025-08-16T03:46:08","slug":"abelito-muestra-sus-grandes-avances-en-natacion-y-asi-lo-celebraron-los-habitantes-shows-famosos","status":"publish","type":"post","link":"https:\/\/www.europesays.com\/es\/50594\/","title":{"rendered":"Abelito muestra sus grandes avances en nataci\u00f3n y as\u00ed lo celebraron los habitantes | Shows Famosos"},"content":{"rendered":"<p>Los habitantes est\u00e1n aprovechando al m\u00e1ximo su estad\u00eda en <a href=\"https:\/\/www.lacasadelosfamososmexico.tv\/\" target=\"_blank\" rel=\"nofollow noopener\"><b>&#8216;La Casa de los Famosos M\u00e9xico&#8217; 2025<\/b>,<\/a> ya que usan su tiempo libre, y sobretodo, las instalaciones del patio para ejercitarse al aire libre.<\/p>\n<p>Precisamente en este espacio se encuentra la alberca, que <b>ha sido un punto de reuni\u00f3n muy recurrente entre los habitantes<\/b>, ya sea para refrescarse un poco o nadar, como lo hace Abelito.<\/p>\n<p>Al parecer sus consejos <a href=\"https:\/\/www.lacasadelosfamososmexico.tv\/el-abelito\" target=\"_blank\" rel=\"nofollow noopener\">s\u00ed le fueron \u00fatiles a Abelito<\/a>, pues en esta vez no ten\u00eda sus flotadores cerca, aunque Shiky, que ya estaba dentro de la alberca, le propuso ir por ellos por seguridad. El influencer opt\u00f3 por echarse un clavado y nadar hasta el otro extremo, causando la impresi\u00f3n de sus compa\u00f1eros.<\/p>\n<p>Shiky y Aldo De Nigris continuaron con sus clases, donde nuevamente le ayudaron a mantenerse en una postura fija y sacar la cabeza mientras pataleaba. Despu\u00e9s de algunos minutos, el influencer se anim\u00f3 a nadar hasta el otro extremo de la alberca y practicar en la orilla su patada.<\/p>\n<p>Tras haber estado unos 15 minutos entrenando y antes de entrar a La Casa, por \u00f3rdenes de La Jefa, Abelito quiso ense\u00f1arles sus avances por lo que volvi\u00f3 a echarse un clavado y nadar hasta el otro extremo de la alberca, siguiendo todos los consejos que le dieron.<\/p>\n<p><b>Los habitantes le aplaudieron y lo felicitaron<\/b> por lo mucho que ha aprendido en tan poco tiempo.<\/p>\n","protected":false},"excerpt":{"rendered":"Los habitantes est\u00e1n aprovechando al m\u00e1ximo su estad\u00eda en &#8216;La Casa de los Famosos M\u00e9xico&#8217; 2025, ya que&hellip;\n","protected":false},"author":2,"featured_media":50595,"comment_status":"","ping_status":"","sticky":false,"template":"","format":"standard","meta":{"footnotes":""},"categories":[171],"tags":[22498,22499,146,147,25,24,22497,23,214],"class_list":{"0":"post-50594","1":"post","2":"type-post","3":"status-publish","4":"format-standard","5":"has-post-thumbnail","7":"category-tv","8":"tag-abelito-aprende-a-nadar","9":"tag-abelito-en-la-casa-de-los-famosos-mexico-2025","10":"tag-entertainment","11":"tag-entretenimiento","12":"tag-es","13":"tag-espana","14":"tag-la-casa-de-los-famosos-mexico-2025","15":"tag-spain","16":"tag-tv"},"share_on_mastodon":{"url":"","error":""},"_links":{"self":[{"href":"https:\/\/www.europesays.com\/es\/wp-json\/wp\/v2\/posts\/50594","targetHints":{"allow":["GET"]}}],"collection":[{"href":"https:\/\/www.europesays.com\/es\/wp-json\/wp\/v2\/posts"}],"about":[{"href":"https:\/\/www.europesays.com\/es\/wp-json\/wp\/v2\/types\/post"}],"author":[{"embeddable":true,"href":"https:\/\/www.europesays.com\/es\/wp-json\/wp\/v2\/users\/2"}],"replies":[{"embeddable":true,"href":"https:\/\/www.europesays.com\/es\/wp-json\/wp\/v2\/comments?post=50594"}],"version-history":[{"count":0,"href":"https:\/\/www.europesays.com\/es\/wp-json\/wp\/v2\/posts\/50594\/revisions"}],"wp:featuredmedia":[{"embeddable":true,"href":"https:\/\/www.europesays.com\/es\/wp-json\/wp\/v2\/media\/50595"}],"wp:attachment":[{"href":"https:\/\/www.europesays.com\/es\/wp-json\/wp\/v2\/media?parent=50594"}],"wp:term":[{"taxonomy":"category","embeddable":true,"href":"https:\/\/www.europesays.com\/es\/wp-json\/wp\/v2\/categories?post=50594"},{"taxonomy":"post_tag","embeddable":true,"href":"https:\/\/www.europesays.com\/es\/wp-json\/wp\/v2\/tags?post=50594"}],"curies":[{"name":"wp","href":"https:\/\/api.w.org\/{rel}","templated":true}]}}