{"id":50617,"date":"2025-08-16T04:03:09","date_gmt":"2025-08-16T04:03:09","guid":{"rendered":"https:\/\/www.europesays.com\/es\/50617\/"},"modified":"2025-08-16T04:03:09","modified_gmt":"2025-08-16T04:03:09","slug":"jo-ramirez-excoordinador-de-mclaren-afirma-que-checo-perez-salio-de-la-f1-por-sus-distracciones-fuera-de-la-pista-le-gusta-el-dinero","status":"publish","type":"post","link":"https:\/\/www.europesays.com\/es\/50617\/","title":{"rendered":"Jo Ram\u00edrez, excoordinador de McLaren, afirma que Checo P\u00e9rez sali\u00f3 de la F1 por sus distracciones fuera de la pista: \u201cLe gusta el dinero\u201d"},"content":{"rendered":"\n<p> Escrito en  DEPORTES el 15\/8\/2025 \u00b7 13:00 hs <\/p>\n<p><strong>Jo Ram\u00edrez<\/strong>, excoordinador del <strong>McLaren<\/strong> que gan\u00f3 <strong>10 t\u00edtulos mundiales<\/strong> con el equipo, lanz\u00f3 una dura cr\u00edtica al piloto<strong> Sergio P\u00e9rez<\/strong> al asegurar que su salida de la F\u00f3rmula Uno al terminar la temporada pasada se debi\u00f3 a sus m\u00faltiples \u201c<strong>distracciones<\/strong>\u201d.\u00a0<\/p>\n<p>El mexicano consider\u00f3 que<strong> Checo perdi\u00f3 el rumbo <\/strong>y lo compar\u00f3 con la disciplina de su excoequipero en Red Bull Racing, <strong>Max Verstappen.<\/strong><\/p>\n<p>\u201cEl problema con Checo, no s\u00e9 si le guste o\u00edrlo o no, es que <strong>se separ\u00f3 de la carrera<\/strong>. Si eres corredor de\u00a0F\u00f3rmula 1\u00a0debes poner la F\u00f3rmula 1 en el desayuno, comida y merienda. Debes ponerlo como Max Verstappen, que tiene simulador en su avi\u00f3n y busca maneras c\u00f3mo mejorar.<\/p>\n<p>\u201c<strong>(A) Sergio le gusta el dinero, ha hecho mucho dinero, <\/strong>su m\u00e1nager era muy bueno para hacer buenos contratos y el contrato con Red Bull fue muy bueno\u201d, dijo en entrevista para el podcast ESPN Racing.<\/p>\n<p>Pese a enfatizar que el tapat\u00edo\u00a0\u201cha tenido muchas distracciones que lo han sacado de F\u00f3rmula 1, lo admita o no, ese fue su error\u201d, consider\u00f3 que Red Bull cometi\u00f3 un error al despedirlo, lo cual ha quedado demostrado con sus sustitutos Liam Lawson y Yuki Tsunoda, quienes no han podido con el paquete.<\/p>\n<p>\u201cSi Red Bull le hubiera dado m\u00e1s tiempo para que se volviera a involucrar en el deporte lo hubieran conseguido (recuperarlo). Fue un descuido, el talento lo tiene y lo volveremos a ver en cualquier coche\u201d.<\/p>\n<p>Joaqu\u00edn Ram\u00edrez Fern\u00e1ndez, <strong>quien es conocido como Jo<\/strong>, coment\u00f3 lo que a su parecer suceder\u00e1 con el regreso de Checo a la F\u00f3rmula Uno en 2026, luego de que se da como un hecho que fichar\u00e1 como piloto estelar de Cadillac.<\/p>\n<p>\u201cYo siento que por la manera que sali\u00f3 debe tener <strong>cosquillas<\/strong> que le dicen: &#8216;voy a volver, voy a hacer lo mejor y demostrar a la gente que me dej\u00f3 fuera de la F\u00f3rmula 1 que lo puedo hacer mejor&#8217;. Ya se demostr\u00f3, porque los otros pilotos que estuvieron en su lugar (en Red Bull)\u00a0no han servido. <\/p>\n<p>\u201c<strong>Al inicio no ser\u00e1 un coche competitivo<\/strong> (en Cadillac), no s\u00e9 cu\u00e1nto tiempo tardar\u00e1 o si cambia de escuder\u00eda\u201d. <\/p>\n<p>Finalmente Jo revel\u00f3 que su relaci\u00f3n con Checo se desgast\u00f3 cuando coincidieron en McLaren. <\/p>\n<p>\u201cNunca fui un amigo, pero nos llevamos bien porque lo critiqu\u00e9 porque dej\u00f3 McLaren, habi\u00e9ndolo ayudado mucho a que entrara. Lo sacaron por la manera que \u00e9l se port\u00f3 con McLaren y lo tom\u00e9 personal, nos separamos un poco. Nos saludamos en carrera, pero no nos quedamos a platicar. El saludo basta\u201d, puntualiz\u00f3.  <\/p>\n","protected":false},"excerpt":{"rendered":"Escrito en DEPORTES el 15\/8\/2025 \u00b7 13:00 hs Jo Ram\u00edrez, excoordinador del McLaren que gan\u00f3 10 t\u00edtulos mundiales&hellip;\n","protected":false},"author":2,"featured_media":8456,"comment_status":"","ping_status":"","sticky":false,"template":"","format":"standard","meta":{"footnotes":""},"categories":[270],"tags":[168,25,24,306,271,3603,272,6480,23,167],"class_list":{"0":"post-50617","1":"post","2":"type-post","3":"status-publish","4":"format-standard","5":"has-post-thumbnail","7":"category-formula-1","8":"tag-deportes","9":"tag-es","10":"tag-espana","11":"tag-f1","12":"tag-formula-1","13":"tag-formula-uno","14":"tag-formula1","15":"tag-sergio-checo-perez","16":"tag-spain","17":"tag-sports"},"share_on_mastodon":{"url":"","error":""},"_links":{"self":[{"href":"https:\/\/www.europesays.com\/es\/wp-json\/wp\/v2\/posts\/50617","targetHints":{"allow":["GET"]}}],"collection":[{"href":"https:\/\/www.europesays.com\/es\/wp-json\/wp\/v2\/posts"}],"about":[{"href":"https:\/\/www.europesays.com\/es\/wp-json\/wp\/v2\/types\/post"}],"author":[{"embeddable":true,"href":"https:\/\/www.europesays.com\/es\/wp-json\/wp\/v2\/users\/2"}],"replies":[{"embeddable":true,"href":"https:\/\/www.europesays.com\/es\/wp-json\/wp\/v2\/comments?post=50617"}],"version-history":[{"count":0,"href":"https:\/\/www.europesays.com\/es\/wp-json\/wp\/v2\/posts\/50617\/revisions"}],"wp:featuredmedia":[{"embeddable":true,"href":"https:\/\/www.europesays.com\/es\/wp-json\/wp\/v2\/media\/8456"}],"wp:attachment":[{"href":"https:\/\/www.europesays.com\/es\/wp-json\/wp\/v2\/media?parent=50617"}],"wp:term":[{"taxonomy":"category","embeddable":true,"href":"https:\/\/www.europesays.com\/es\/wp-json\/wp\/v2\/categories?post=50617"},{"taxonomy":"post_tag","embeddable":true,"href":"https:\/\/www.europesays.com\/es\/wp-json\/wp\/v2\/tags?post=50617"}],"curies":[{"name":"wp","href":"https:\/\/api.w.org\/{rel}","templated":true}]}}