{"id":50620,"date":"2025-08-16T04:05:08","date_gmt":"2025-08-16T04:05:08","guid":{"rendered":"https:\/\/www.europesays.com\/es\/50620\/"},"modified":"2025-08-16T04:05:08","modified_gmt":"2025-08-16T04:05:08","slug":"marcelino-confirma-la-lesion-de-gerard-moreno","status":"publish","type":"post","link":"https:\/\/www.europesays.com\/es\/50620\/","title":{"rendered":"Marcelino confirma la lesi\u00f3n de Gerard Moreno"},"content":{"rendered":"<p class=\"parrafo\"><a href=\"https:\/\/www.estadiodeportivo.com\/futbol\/villarreal\/gerard-moreno-hace-saltar-todas-las-alarmas-20250815-508014.html\" target=\"_blank\" class=\"intext-link\" rel=\"nofollow noopener\">El <strong>Villarreal <\/strong>de <strong>Marcelino <\/strong>perdi\u00f3 este viernes, en la primera jornada de <strong>LaLiga EA Sports <\/strong>a uno de sus baluartes en el ataque: <strong>Gerard Moreno<\/strong>. <\/a>El delantero espa\u00f1ol se ech\u00f3 la mano a la parte de atr\u00e1s de su pierna izquierda reci\u00e9n empezada la segunda mitad. <strong>Marcelino <\/strong>le preguntaba a <strong>Gerard Moreno <\/strong>y este, con gestos, confirmaba que algo no iba bien. Autom\u00e1ticamente <strong>Gerard Moreno <\/strong>sal\u00eda del terreno de juego en el minuto 47. Tras terminar el partido, <strong>Marcelino <\/strong>confirm\u00f3 en las c\u00e1maras de <strong>Dazn <\/strong>que era una \u00abpena\u00bb la lesi\u00f3n de <strong>Gerard Moreno <\/strong>y dese\u00f3 que no fuese para mucho tiempo.<\/p>\n<p>Noticias Relacionadas<a class=\"elementos-rel-t2\" href=\"https:\/\/www.estadiodeportivo.com\/futbol\/oviedo\/paunovic-contundente-con-alberto-reina-20250815-508022.html\" title=\"Paunovic, contundente con lo de Alberto Reina\" rel=\"nofollow noopener\" target=\"_blank\">Paunovic, contundente con lo de Alberto Reina<img decoding=\"async\" src=\"https:\/\/www.europesays.com\/es\/wp-content\/uploads\/2025\/08\/5cf4faea-a202-4036-b5f0-fa38970f97d0_320x180.png\" alt=\"Paunovic, contundente con lo de Alberto Reina\"\/><\/a><a class=\"elementos-rel-t2\" href=\"https:\/\/www.estadiodeportivo.com\/futbol\/primera-division\/villarreal-real-oviedo-trunca-regreso-santi-cazorla-20250815-508016.html\" title=\"Villarreal 2-0 Real Oviedo: Trunca el regreso de Santi Cazorla\" rel=\"nofollow noopener\" target=\"_blank\">Villarreal 2-0 Real Oviedo: Trunca el regreso de Santi Cazorla<img decoding=\"async\" src=\"https:\/\/www.europesays.com\/es\/wp-content\/uploads\/2025\/08\/02b2156c-2ace-41c3-aeb4-1d9a29e7277c_320x180.png\" alt=\"Villarreal 2-0 Real Oviedo: Trunca el regreso de Santi Cazorla\"\/><\/a><a class=\"elementos-rel-t2\" href=\"https:\/\/www.estadiodeportivo.com\/futbol\/primera-division\/villarreal-real-oviedo-directo-partido-laliga-sports-vivo-online-20250815-507989.html\" title=\"Villarreal - Real Oviedo: resultado, resumen y goles\" rel=\"nofollow noopener\" target=\"_blank\">Villarreal &#8211; Real Oviedo: resultado, resumen y goles<img decoding=\"async\" src=\"https:\/\/www.europesays.com\/es\/wp-content\/uploads\/2025\/08\/035e2d13-9acd-47bb-878b-9e698c650a86_320x180.png\" alt=\"Villarreal - Real Oviedo: resultado, resumen y goles\"\/><\/a>La lesi\u00f3n de Gerard Moreno, confirmada por Marcelino<\/p>\n<p class=\"parrafo\"><strong>Marcelino <\/strong>tendr\u00e1 que esperar a las pruebas que realice el <strong>Villarreal <\/strong>a <strong>Gerard Moreno <\/strong>pero antes habl\u00f3 de las sensaciones sobre el terreno de juego y de la pretemporada del delantero groguets: \u00abEs una verdadera pena porque ven\u00eda muy bien de toda la pretemporada y lo demostr\u00f3 en el primer tiempo, con much\u00edsima participaci\u00f3n, con much\u00edsima llegada a zonas de remate con finalizaciones. Creo que estaba en un grand\u00edsimo momento. Esperemos que sea muy leve, lo m\u00e1s leve posible para que no pierda ese nivel de forma actual que tiene y que si no es para esta semana, ojal\u00e1 la siguiente. Lo antes posible est\u00e9 con nosotros\u00bb.<\/p>\n<p>Marcelino se moja sobre la pol\u00e9mica<\/p>\n<p class=\"parrafo\">El encuentro entre <strong>Villarreal <\/strong>y <strong>Real Oviedo <\/strong>tuvo una expulsi\u00f3n y un penalti. <strong>Marcelino <\/strong>se moj\u00f3 en ambas acciones, favoreciendo una al <strong>Oviedo <\/strong>y otra al <strong>Villarreal<\/strong>: \u00abDesde el banquillo es dif\u00edcil apreciar ambas. El penalti, creo que hay contacto por lo que me dicen, m\u00e1s o menos leve. El \u00e1rbitro decide que pita penalti y hay que aceptarlo. La otra jugada pues es una acci\u00f3n en la que nuestro jugador entra en el \u00e1rea en clara ventaja de hacer una situaci\u00f3n de peligro, el \u00e1rbitro interpret\u00f3 que era segunda amarilla y toca aceptar lo que pita el \u00e1rbitro con ayuda del <strong>VAR<\/strong>. Puede decirse que en ambas acciones han acertado\u00bb.<\/p>\n<p>El an\u00e1lisis de Marcelino<\/p>\n<p class=\"parrafo\"><strong>Marcelino <\/strong>analiz\u00f3 el duelo entre <strong>Villarreal <\/strong>y <strong>Real Oviedo <\/strong>del siguiente modo: \u00abMucho ritmo, precisi\u00f3n, profundidad. Muchas llegadas, tuvieron esa jugada que pr\u00e1cticamente era la primera vez que el <strong>Real Oviedo <\/strong>pasaba del medio campo pero bueno afortunadamente el portero par\u00f3 el penalti. Seguimos con la idea clara de atacar, de generar mucho f\u00fatbol y as\u00ed hicimos much\u00edsimas ocasiones. Luego tambi\u00e9n la expulsi\u00f3n de su centrocampista que los deja con 10, pues es un h\u00e1ndicap casi decisivo para el trascurso del partido\u00bb.<\/p>\n<p><img decoding=\"async\" src=\"https:\/\/www.europesays.com\/es\/wp-content\/uploads\/2025\/08\/1213d5b4-f254-488b-aa43-cc5bdfe3dfe1_800x533.jpeg\" loading=\"lazy\"\/><\/p>\n<p class=\"parrafo\">Por \u00faltimo, asumi\u00f3 Marcelino, con resignaci\u00f3n, que el mercado de fichajes est\u00e9 abierto con la competici\u00f3n ya iniciada: \u00abNosotros los entrenadores sabemos que estamos dispuestos a cualquier tipo de situaci\u00f3n que el club considere hasta el \u00faltimo minuto o el \u00faltimo segundo antes de cerrarse el mercado. Entonces, tenemos que esperar. Sabemos que la mayor\u00eda de las plantillas de <strong>Primera divisi\u00f3n<\/strong>, de nuestra <strong>Liga <\/strong>y del resto de ligas pues est\u00e1n por cerrar&#8230; Es un inconveniente que tenemos los entrenadores que con el mercado abierto pues se inicia la competici\u00f3n. <strong>Seguro <\/strong>que a la mayor\u00eda de nosotros nos gustar\u00eda que ese periodo finalizase justo antes del primer partido. No es as\u00ed, tenemos que aceptarlo, convivir con ello y en ning\u00fan caso nos debe hacer dudar de situaciones que no podemos controlar y que tanto los futbolistas con esas ofertas, como los clubes, son los que deciden si un jugador se queda o se va\u00bb.<\/p>\n","protected":false},"excerpt":{"rendered":"El Villarreal de Marcelino perdi\u00f3 este viernes, en la primera jornada de LaLiga EA Sports a uno de&hellip;\n","protected":false},"author":2,"featured_media":50621,"comment_status":"","ping_status":"","sticky":false,"template":"","format":"standard","meta":{"footnotes":""},"categories":[268],"tags":[168,25,24,284,280,282,22501,22502,281,23,167,9607],"class_list":{"0":"post-50620","1":"post","2":"type-post","3":"status-publish","4":"format-standard","5":"has-post-thumbnail","7":"category-futbol","8":"tag-deportes","9":"tag-es","10":"tag-espana","11":"tag-estadio-deportivo","12":"tag-football","13":"tag-futbol","14":"tag-gerard-moreno","15":"tag-marcelino-garcia-toral","16":"tag-soccer","17":"tag-spain","18":"tag-sports","19":"tag-villarreal-cf"},"share_on_mastodon":{"url":"","error":""},"_links":{"self":[{"href":"https:\/\/www.europesays.com\/es\/wp-json\/wp\/v2\/posts\/50620","targetHints":{"allow":["GET"]}}],"collection":[{"href":"https:\/\/www.europesays.com\/es\/wp-json\/wp\/v2\/posts"}],"about":[{"href":"https:\/\/www.europesays.com\/es\/wp-json\/wp\/v2\/types\/post"}],"author":[{"embeddable":true,"href":"https:\/\/www.europesays.com\/es\/wp-json\/wp\/v2\/users\/2"}],"replies":[{"embeddable":true,"href":"https:\/\/www.europesays.com\/es\/wp-json\/wp\/v2\/comments?post=50620"}],"version-history":[{"count":0,"href":"https:\/\/www.europesays.com\/es\/wp-json\/wp\/v2\/posts\/50620\/revisions"}],"wp:featuredmedia":[{"embeddable":true,"href":"https:\/\/www.europesays.com\/es\/wp-json\/wp\/v2\/media\/50621"}],"wp:attachment":[{"href":"https:\/\/www.europesays.com\/es\/wp-json\/wp\/v2\/media?parent=50620"}],"wp:term":[{"taxonomy":"category","embeddable":true,"href":"https:\/\/www.europesays.com\/es\/wp-json\/wp\/v2\/categories?post=50620"},{"taxonomy":"post_tag","embeddable":true,"href":"https:\/\/www.europesays.com\/es\/wp-json\/wp\/v2\/tags?post=50620"}],"curies":[{"name":"wp","href":"https:\/\/api.w.org\/{rel}","templated":true}]}}