{"id":50624,"date":"2025-08-16T04:08:10","date_gmt":"2025-08-16T04:08:10","guid":{"rendered":"https:\/\/www.europesays.com\/es\/50624\/"},"modified":"2025-08-16T04:08:10","modified_gmt":"2025-08-16T04:08:10","slug":"bibliotecas-ambulantes-port-saplaya-transforma-neveras-en-puntos-de-lectura","status":"publish","type":"post","link":"https:\/\/www.europesays.com\/es\/50624\/","title":{"rendered":"BIBLIOTECAS AMBULANTES | Port Saplaya transforma neveras en puntos de lectura"},"content":{"rendered":"<p class=\"ft-text ft-helper-closenews\">Con el lema \u00abCoge o deja un libro\u00bb, la <a class=\"ft-link ft-link--decoration\" href=\"https:\/\/www.instagram.com\/asociaciondeocioportsaplaya\/\" rel=\"nofollow noopener\" target=\"_blank\">Asociaci\u00f3n de Ocio de Port Saplaya<\/a>, junto a Alboraia, ha querido crear una campa\u00f1a de <strong>fomento para la <\/strong><a class=\"ft-link ft-link--decoration\" href=\"https:\/\/www.levante-emv.com\/tags\/lectura\/\" target=\"_blank\" rel=\"nofollow noopener\"><strong>lectura<\/strong><\/a><strong> y la cultura<\/strong>, con el pretexto de que \u00abla gente lea m\u00e1s\u00bb. La presidenta de esta asociaci\u00f3n, <strong>Brigitte Duvigneaux<\/strong>, afirma que <strong>\u00abfomentar la lectura es lo mejor que se puede hacer\u00bb<\/strong>.<\/p>\n<p class=\"ft-text\">Desde hace un mes, <a class=\"ft-link ft-link--decoration\" href=\"https:\/\/www.levante-emv.com\/tags\/port-saplaya\/\" target=\"_blank\" rel=\"nofollow noopener\">Port Saplaya<\/a> puede disfrutar de esta campa\u00f1a que ya se ha convertido en un <strong>\u00e9xito entre sus habitantes<\/strong>. Los fines de semana de julio, <strong>\u00abhan sido espectacular\u00bb<\/strong> en palabras de Brigitte, ya que la gente tuvo una reacci\u00f3n \u00absorprendente\u00bb e incluso <strong>\u00abse tuvo que reponer material\u00bb<\/strong>. La primera biblioteca ambulante abri\u00f3 el <strong>18 de junio <\/strong>y se encuentra situada en la puerta del centro c\u00edvico en la Plaza de la Se\u00f1or\u00eda. La idea de la asociaci\u00f3n es que estas bibliotecas<strong> \u00abest\u00e9n abiertas todo el a\u00f1o y no solo en verano\u00bb.<\/strong><\/p>\n<p><img decoding=\"async\" src=\"https:\/\/www.europesays.com\/es\/wp-content\/uploads\/2025\/08\/bc5351a4-0880-4a53-b256-d889da446be0_alta-libre-aspect-ratio_default_0.jpg\" width=\"1200\" height=\"1600\" alt=\"Una de las bibliotecas ambulantes de la Asociaci\u00f3n de Ocio de Port Saplaya\" class=\"ft-helper-img-rd\" loading=\"lazy\" hasdataaida=\"true\"\/><\/p>\n<p class=\"ft-helper-fontColor-quaternary ft-helper-fontSize-body-S ft-helper-spacer-t-xxs\">Una de las bibliotecas ambulantes de la Asociaci\u00f3n de Ocio de Port Saplaya  \/ Asociaci\u00f3n de Ocio de Port Saplaya<\/p>\n<p>Donaciones de todo tipo<\/p>\n<p class=\"ft-text\">La asociaci\u00f3n ya se ha puesto en contacto con el Ayuntamiento de Alboraia para recibir <strong>donaciones de la biblioteca municipal<\/strong>, aunque ya hay gente que ha querido aportar su granito de arena y <strong>donar libros en desuso para que este proyecto pueda salir adelante. <\/strong><\/p>\n<p class=\"ft-text\">Por su parte, <strong>las dos bibliotecas habilitadas han sido tambi\u00e9n donaciones<\/strong>, una por la propia presidenta y otra por un hostelero del municipio. En cu\u00e1nto a <a class=\"ft-link ft-link--decoration\" href=\"https:\/\/www.levante-emv.com\/tags\/donaciones\/\" target=\"_blank\" rel=\"nofollow noopener\">donaciones econ\u00f3micas<\/a>, no han recibido ninguna ya que <strong>utilizan las cuotas de los asociados de la asociaci\u00f3n<\/strong>, que constan de 20 euros anuales.<\/p>\n<p class=\"ft-text\">Este proyecto est\u00e1 dedicado a <strong>todo tipo de p\u00fablico<\/strong>, desde ni\u00f1os hasta m\u00e1s mayores. Las bibliotecas disponen de <strong>libros infantiles, novelas juveniles, adultas, etc<\/strong>. Seg\u00fan Brigiette, \u00abla lectura es para todos\u00bb y <strong>\u00abtodo el mundo est\u00e1 ya metido en el grano\u00bb.<\/strong><\/p>\n<p data-close=\"closedContent\" class=\"subscribeHideForDisplay\">Suscr\u00edbete para seguir leyendo<\/p>\n<p><script async src=\"\/\/www.instagram.com\/embed.js\"><\/script><\/p>\n","protected":false},"excerpt":{"rendered":"Con el lema \u00abCoge o deja un libro\u00bb, la Asociaci\u00f3n de Ocio de Port Saplaya, junto a Alboraia,&hellip;\n","protected":false},"author":2,"featured_media":50625,"comment_status":"","ping_status":"","sticky":false,"template":"","format":"standard","meta":{"footnotes":""},"categories":[172],"tags":[8286,224,209,146,147,25,24,1807,225,524,22503,5568,23],"class_list":{"0":"post-50624","1":"post","2":"type-post","3":"status-publish","4":"format-standard","5":"has-post-thumbnail","7":"category-libros","8":"tag-bibliotecas","9":"tag-books","10":"tag-cultura","11":"tag-entertainment","12":"tag-entretenimiento","13":"tag-es","14":"tag-espana","15":"tag-lectura","16":"tag-libros","17":"tag-nuevo","18":"tag-port-saplaya","19":"tag-proyecto","20":"tag-spain"},"share_on_mastodon":{"url":"","error":""},"_links":{"self":[{"href":"https:\/\/www.europesays.com\/es\/wp-json\/wp\/v2\/posts\/50624","targetHints":{"allow":["GET"]}}],"collection":[{"href":"https:\/\/www.europesays.com\/es\/wp-json\/wp\/v2\/posts"}],"about":[{"href":"https:\/\/www.europesays.com\/es\/wp-json\/wp\/v2\/types\/post"}],"author":[{"embeddable":true,"href":"https:\/\/www.europesays.com\/es\/wp-json\/wp\/v2\/users\/2"}],"replies":[{"embeddable":true,"href":"https:\/\/www.europesays.com\/es\/wp-json\/wp\/v2\/comments?post=50624"}],"version-history":[{"count":0,"href":"https:\/\/www.europesays.com\/es\/wp-json\/wp\/v2\/posts\/50624\/revisions"}],"wp:featuredmedia":[{"embeddable":true,"href":"https:\/\/www.europesays.com\/es\/wp-json\/wp\/v2\/media\/50625"}],"wp:attachment":[{"href":"https:\/\/www.europesays.com\/es\/wp-json\/wp\/v2\/media?parent=50624"}],"wp:term":[{"taxonomy":"category","embeddable":true,"href":"https:\/\/www.europesays.com\/es\/wp-json\/wp\/v2\/categories?post=50624"},{"taxonomy":"post_tag","embeddable":true,"href":"https:\/\/www.europesays.com\/es\/wp-json\/wp\/v2\/tags?post=50624"}],"curies":[{"name":"wp","href":"https:\/\/api.w.org\/{rel}","templated":true}]}}