{"id":50626,"date":"2025-08-16T04:09:18","date_gmt":"2025-08-16T04:09:18","guid":{"rendered":"https:\/\/www.europesays.com\/es\/50626\/"},"modified":"2025-08-16T04:09:18","modified_gmt":"2025-08-16T04:09:18","slug":"extranos-movimientos-en-casa-de-sofia-suescun-en-plena-crisis-con-kiko-jimenez","status":"publish","type":"post","link":"https:\/\/www.europesays.com\/es\/50626\/","title":{"rendered":"Extra\u00f1os movimientos en casa de Sof\u00eda Suescun en plena crisis con Kiko Jim\u00e9nez"},"content":{"rendered":"<p>La relaci\u00f3n entre <strong><a href=\"https:\/\/www.libertaddigital.com\/personajes\/sofia-suescun\/\" rel=\"nofollow noopener\" target=\"_blank\">Sof\u00eda Suescun<\/a><\/strong> y<strong> <a href=\"https:\/\/www.libertaddigital.com\/personajes\/kiko-jimenez\/\" rel=\"nofollow noopener\" target=\"_blank\">Kiko Jim\u00e9nez<\/a> <\/strong>atraviesa uno de sus momentos m\u00e1s cr\u00edticos. Desde hace d\u00edas, los rumores de una supuesta infidelidad de la influencer con Juan Faro han puesto a la pareja en el ojo del hurac\u00e1n. La noticia, desvelada por la revista &#8216;Lecturas&#8217;, ha provocado que ambos opten por recluirse en su vivienda de Valdemorillo y guardar absoluto silencio.<\/p>\n<p>Seg\u00fan apuntan diversos medios, Kiko habr\u00eda descubierto<strong> las llamadas \u00abcitas secretas\u00bb entre su pareja y el creador de contenido gallego<\/strong>, lo que ha ocasionado una profunda crisis en la pareja, justo cuando Sof\u00eda tambi\u00e9n atraviesa tensiones familiares con su madre Maite Galdeano y su hermano Cristian Suescun. Mientras, el influencer gallego ha negado que sea un montaje y ha animado a la protagonista de la historia a dar su versi\u00f3n de los hechos.<\/p>\n<p>Lejos de pronunciarse, la pareja ha optado por aislarse, poniendo la m\u00fasica a todo volumen en su casa mientras la prensa, seguidores y vecinos se preguntan qu\u00e9 ocurrir\u00e1 con su futuro sentimental. Permanecen encerrados y evitan cualquier contacto con el exterior, una actitud que solo alimenta la incertidumbre sobre el desenlace de esta pol\u00e9mica. \u00abSe han aislado\u00bb, aseguran sus vecinos, que llevan d\u00eda sin verlos.<\/p>\n<p>Adem\u00e1s, tal y como se ha podido ver en los \u00faltimos d\u00edas, Kiko<strong> se ha negado a abrir la puerta a los repartidores en diferentes ocasiones<\/strong>. Esta vez, el repartidor de Correos que se acerc\u00f3 hasta el domicilio se top\u00f3 con la negativa del influencer, que pidi\u00f3 al cartero dejar la carta en el jard\u00edn y, ante la presencia de la prensa, exigi\u00f3 que la entrega se pospusiera, aumentando el misterio sobre lo que sucede en la vivienda. Mientras tanto, ambos se han divertido jugando con un dron que ha sobrevolado la casa.<\/p>\n<p>Resulta evidente que la pareja no est\u00e1 dispuesta, por ahora, <strong>a dar la cara ni a zanjar p\u00fablicamente las dudas<\/strong>. La m\u00fasica alta, el aislamiento y la tensi\u00f3n son el reflejo del choque emocional que viven dos de los rostros m\u00e1s medi\u00e1ticos de la televisi\u00f3n y las redes sociales.<\/p>\n","protected":false},"excerpt":{"rendered":"La relaci\u00f3n entre Sof\u00eda Suescun y Kiko Jim\u00e9nez atraviesa uno de sus momentos m\u00e1s cr\u00edticos. Desde hace d\u00edas,&hellip;\n","protected":false},"author":2,"featured_media":50627,"comment_status":"","ping_status":"","sticky":false,"template":"","format":"standard","meta":{"footnotes":""},"categories":[171],"tags":[146,147,25,24,5930,11257,23,214],"class_list":{"0":"post-50626","1":"post","2":"type-post","3":"status-publish","4":"format-standard","5":"has-post-thumbnail","7":"category-tv","8":"tag-entertainment","9":"tag-entretenimiento","10":"tag-es","11":"tag-espana","12":"tag-kiko-jimenez","13":"tag-sofia-suescun","14":"tag-spain","15":"tag-tv"},"share_on_mastodon":{"url":"","error":""},"_links":{"self":[{"href":"https:\/\/www.europesays.com\/es\/wp-json\/wp\/v2\/posts\/50626","targetHints":{"allow":["GET"]}}],"collection":[{"href":"https:\/\/www.europesays.com\/es\/wp-json\/wp\/v2\/posts"}],"about":[{"href":"https:\/\/www.europesays.com\/es\/wp-json\/wp\/v2\/types\/post"}],"author":[{"embeddable":true,"href":"https:\/\/www.europesays.com\/es\/wp-json\/wp\/v2\/users\/2"}],"replies":[{"embeddable":true,"href":"https:\/\/www.europesays.com\/es\/wp-json\/wp\/v2\/comments?post=50626"}],"version-history":[{"count":0,"href":"https:\/\/www.europesays.com\/es\/wp-json\/wp\/v2\/posts\/50626\/revisions"}],"wp:featuredmedia":[{"embeddable":true,"href":"https:\/\/www.europesays.com\/es\/wp-json\/wp\/v2\/media\/50627"}],"wp:attachment":[{"href":"https:\/\/www.europesays.com\/es\/wp-json\/wp\/v2\/media?parent=50626"}],"wp:term":[{"taxonomy":"category","embeddable":true,"href":"https:\/\/www.europesays.com\/es\/wp-json\/wp\/v2\/categories?post=50626"},{"taxonomy":"post_tag","embeddable":true,"href":"https:\/\/www.europesays.com\/es\/wp-json\/wp\/v2\/tags?post=50626"}],"curies":[{"name":"wp","href":"https:\/\/api.w.org\/{rel}","templated":true}]}}