{"id":506355,"date":"2026-04-19T14:23:15","date_gmt":"2026-04-19T14:23:15","guid":{"rendered":"https:\/\/www.europesays.com\/es\/506355\/"},"modified":"2026-04-19T14:23:15","modified_gmt":"2026-04-19T14:23:15","slug":"documental-nuestra-tierra-lucrecia-martel-las-comunidades-indigenas-mejoraron-al-dios-cristiano","status":"publish","type":"post","link":"https:\/\/www.europesays.com\/es\/506355\/","title":{"rendered":"Documental &#8216;Nuestra tierra&#8217;: Lucrecia Martel: \u201cLas comunidades ind\u00edgenas mejoraron al Dios cristiano\u201d"},"content":{"rendered":"<p class=\"\">Quiz\u00e1 la peque\u00f1a Lucrecia Martel, que so\u00f1aba con ser astronauta, habr\u00eda observado la haza\u00f1a lunar pegada a la pantalla de su televisor. Para la cineasta de 59 a\u00f1os, sin embargo, ha pasado sin pena ni gloria. \u201cNo segu\u00ed nada porque estoy tan enojada con Trump, me parece tan una acci\u00f3n de guerra, que un hecho que deber\u00eda ser una celebraci\u00f3n cient\u00edfica, de la humanidad, la estoy viviendo con enojo\u201d, sostiene sin alterarse. No hay acritud en su voz, sencillamente no teme nombrar la realidad tal cual la ve. Es marca de la casa. La directora argentina ha aterrizado en Ciudad de M\u00e9xico para presentar su \u00faltima pel\u00edcula, <a href=\"https:\/\/elpais.com\/argentina\/2025-09-01\/lucrecia-martel-en-el-mito-de-la-fundacion-de-argentina-faltan-los-indios-los-negros-los-mestizos-y-las-mujeres.html\" target=\"_self\" rel=\"nofollow noopener\" title=\"https:\/\/elpais.com\/argentina\/2025-09-01\/lucrecia-martel-en-el-mito-de-la-fundacion-de-argentina-faltan-los-indios-los-negros-los-mestizos-y-las-mujeres.html\">el documental Nuestra tierra<\/a>, y su primer libro, Un destino com\u00fan. Intervenciones p\u00fablicas y conversaciones (Caja Negra, 2025), dos trabajos que se entrelazan y que resumen a la perfecci\u00f3n su relaci\u00f3n con el cine: contar historias para poder hablar de ellas despu\u00e9s, de lo que cuentan y de todo lo que no se ve, pero gravita alrededor, interpel\u00e1ndonos. <\/p>\n<p class=\"\">Directora de las pel\u00edculas La mujer sin cabeza (2008) o <a href=\"https:\/\/elpais.com\/cultura\/2017\/10\/07\/actualidad\/1507401583_261239.html\" target=\"_self\" rel=\"nofollow noopener\" title=\"https:\/\/elpais.com\/cultura\/2017\/10\/07\/actualidad\/1507401583_261239.html\">Zama<\/a> (2017), entre otras, Nuestra tierra, galardonada en el Festival de Cine de Londres, es su primera incursi\u00f3n en la no ficci\u00f3n. Fue un trabajo de largo aliento que le tom\u00f3 mucho tiempo, al punto de que la propia comunidad ind\u00edgena a la que retrataba, los Chuschugasta de la provincia de Tucum\u00e1n, al norte de Argentina, no entend\u00edan qu\u00e9 estaba haciendo con ella. \u201cEn el cine comprendieron m\u00e1s el valor de una pel\u00edcula\u201d, apunta ella: \u201cLas desconfianzas fueron lentamente desapareciendo\u201d. Si algo ten\u00edan los Chuschugasta, acostumbrados al cansancio de la lucha constante, era derecho al recelo.<\/p>\n<p class=\"\">El largometraje parte del juicio por el asesinato del l\u00edder ind\u00edgena Javier Chocobar a manos de quienes quer\u00edan explotar la zona con una empresa minera y quienes eran, sobre el papel, propietarios de una tierra que la comunidad defend\u00eda como propia. Ah\u00ed est\u00e1 el comienzo de un problema que se remonta a la \u00e9poca colonial. \u00bfLa palabra escrita documenta una realidad o la crea, arrollando lo que ya exist\u00eda pese a no estar reflejado en un papel? La arbitrariedad de lo que llamamos Historia es una de las muchas preguntas que sobrevuelan en un film donde mirar las cosas desde la distancia a\u00e9rea es m\u00e1s que una elecci\u00f3n est\u00e9tica. Es la \u00fanica forma de entender el hecho en su contexto. \u201cEs muy dif\u00edcil entender una comunidad que vive en los cerros, porque desde el camino vos no ves a la gente y no ves las casas. Pens\u00e1s que son dos gatos locos. Despu\u00e9s vas con el dron y ves que hay cultivos, hay caminos, hay toda una forma de usar el espacio. No son casitas que se hicieron ayer\u201d, argumenta Martel. <\/p>\n<p><img alt=\"\" decoding=\"auto\" class=\"_re lazyload a_m-h\" height=\"276\"  width=\"414\"  src=\"https:\/\/www.europesays.com\/es\/wp-content\/uploads\/2026\/04\/T7466DZPHZDVHAANFG5C5FAE4Y.jpg\" loading=\"lazy\" fetchpriority=\"low\"\/>Lucrecia Martel.Ginnette Riquelme Quezada<\/p>\n<p class=\"\">Descender sobre el territorio para reconstruir los hechos fue un factor clave para que el juicio terminara por inclinarse a favor de la comunidad. La tierra arropaba sus escuetas palabras de tal forma que la locuacidad de los acusados y sus infinitas pilas de papeles perd\u00edan la fuerza apabullante que demostraban en una habitaci\u00f3n con cuatro paredes. \u201cEl gran invento que lleg\u00f3 con la colonia fue el papel escrito. Quien pose\u00eda la escritura ten\u00eda la ventaja de armar la historia como quisiera. Frente a la Justicia, donde la evidencia, muchas veces, son los papeles, las comunidades est\u00e1n totalmente desprotegidas\u201d, razona la cineasta. <\/p>\n<p class=\"\">Con un potente material audiovisual que abarca desde los momentos previos al asesinato hasta las audiencias p\u00fablicas del juicio, Lucrecia Martel va dejando en evidencia las trampas y los desequilibrios de poder de un sistema que est\u00e1 viciado desde el inicio y que se repite, en esencia, en el resto del continente. Es la historia de la colonizaci\u00f3n, la evangelizaci\u00f3n y el despojo, que los pa\u00edses no revisaron tras convertirse en independientes. \u201cTodos los Estados naci\u00f3n pusieron como argumento de su historia la masacre del lado de Espa\u00f1a. Y es verdad que sucedi\u00f3, pero lo que las naciones latinoamericanas hicieron con los pueblos ind\u00edgenas es peor, porque en la colonia los argumentos eran m\u00e1s claros. En las naciones que dicen que hay igualdad ante la ley y qu\u00e9 s\u00e9 yo, es m\u00e1s ambiguo, m\u00e1s mentiroso\u201d, sentencia. <\/p>\n<p class=\"\">La religi\u00f3n atraviesa el documental como lo hace en los conflictos sociales y territoriales de Am\u00e9rica, herencia, nuevamente, de la \u00e9poca colonial. Est\u00e1 presente en el origen de los despojos, siglos atr\u00e1s, pero tambi\u00e9n hoy, en los juramentos ante el juez, en la presunci\u00f3n de ser \u201cgente de bien\u201d, en los prejuicios y tambi\u00e9n en las creencias m\u00e1s profundas e \u00edntimas. \u201cEl Dios que lleg\u00f3 con la colonia es un Dios salvaje. Las comunidades, que muchas son cristianas, convirtieron ese Dios de la guerra en un Dios m\u00e1s pac\u00edfico, de la agricultura, m\u00e1s parecido a las deidades que hab\u00eda en el continente. Las comunidades mejoraron a Dios\u201d, concluye con l\u00f3gica. <\/p>\n<p class=\"\">Su libro, Un destino com\u00fan, basado en sus conferencias y en conversaciones que ha tenido con periodistas como Leila Guerriero o cineastas como Carla Sim\u00f3n, avanz\u00f3 al tiempo que lo hac\u00edan sus indagaciones para elaborar el documental, que seg\u00fan revelan los editores, \u201cse cuelan constantemente\u201d en \u00e9l. Unos d\u00edas antes de su presentaci\u00f3n en Lago Algo, en la capital mexicana, ya hab\u00eda unas 2.000 personas inscritas para escuchar a la cineasta, que es recibida como una estrella. Ella apuntala esa sensaci\u00f3n con un look que es ya una se\u00f1a de identidad: gafas semitransparentes apuntando hacia arriba, bast\u00f3n en una mano, habano en la otra. <\/p>\n<p class=\"\">No se esconde, sin embargo, tras esas gafas. Lucrecia Martel <a href=\"https:\/\/elpais.com\/cultura\/2019\/08\/28\/actualidad\/1566992342_141514.html \" target=\"_self\" rel=\"nofollow noopener\" title=\"https:\/\/elpais.com\/cultura\/2019\/08\/28\/actualidad\/1566992342_141514.html \">habla con lucidez y transparencia<\/a> de las cuestiones que le preocupan, no teme repercusiones ni castigos de una industria donde tambi\u00e9n hay quien anda con pies de plomo. Una de esas cuestiones es el uso de la inteligencia artificial. La grabaci\u00f3n que juega como testigo a favor de la versi\u00f3n de la comunidad, como ha ocurrido en otros casos de violencia policial, podr\u00eda, en otro contexto, jugar en contra, dice. \u201cYo creo que vamos a tener un problema ah\u00ed. \u00bfC\u00f3mo van a jugar en el futuro las im\u00e1genes en los juicios?\u201d, se pregunta. \u201cSe va volviendo complejo. Mientras haya muchos testigos, creo que va a jugar a favor. Cuando haya un solo video, va a ser peligros\u00edsimo\u201d, se responde, y lo ejemplifica as\u00ed: \u201cViene Trump, nos presenta con horas de anticipaci\u00f3n que tal l\u00edder de otro pa\u00eds ha sido asesinado. Hasta que descubramos que es falso, genera caos. Las consecuencias de la imagen falsa son reales\u201d. <\/p>\n<p><img alt=\"\" decoding=\"auto\" class=\"_re lazyload a_m-h\" height=\"276\"  width=\"414\"  src=\"https:\/\/www.europesays.com\/es\/wp-content\/uploads\/2026\/04\/L6R4QI4BUNFYPPIVFUG5E252WA.jpg\" loading=\"lazy\" fetchpriority=\"low\"\/>Lucrecia Martel en Ciudad de M\u00e9xico.Ginnette Riquelme Quezada<\/p>\n<p class=\"\">Tambi\u00e9n est\u00e1 la concentraci\u00f3n del capital en la industria. \u201cHay <a href=\"https:\/\/elpais.com\/cultura\/2018\/01\/16\/actualidad\/1516125674_495994.html \" target=\"_self\" rel=\"nofollow noopener\" title=\"https:\/\/elpais.com\/cultura\/2018\/01\/16\/actualidad\/1516125674_495994.html \">pocas plataformas que pertenecen a un solo pa\u00eds<\/a>, que son millonarias y que est\u00e1n produciendo el cine del planeta. Tienen sus propios negocios, sus propias ideas de lo que quieren\u201d, templa la alegr\u00eda con la que a veces se viven las apuestas locales de esas compa\u00f1\u00edas. \u201cYo me la paso despotricando contra ellas\u201d, sostiene indiferente. A su alrededor, en cambio, a veces percibe el miedo de otros compa\u00f1eros que dependen de ellas para sacar adelante su trabajo. <\/p>\n<p class=\"\">De fondo, nuevamente, est\u00e1 la pregunta de c\u00f3mo cada pa\u00eds se narra a s\u00ed mismo. Las historias que se cuentan acaban contando la Historia. \u201cHay un problema de la gente del cine de en qu\u00e9 se est\u00e1 poniendo el foco. Tenemos unas sociedades llenas de cuestiones interesant\u00edsimas. Colombia o M\u00e9xico tienen millones de cuestiones de las que hacerse eco en el cine, pero la de los narcos es como una pel\u00edcula de acci\u00f3n\u201d, critica sobre un tema que es predominante en la industria y en la visi\u00f3n que desde el extranjero se tiene de esos pa\u00edses: \u201cCreo que hay autocensura\u201d. <\/p>\n<p class=\"\">Ella habla con la libertad de quien puede hacerlo y decide, adem\u00e1s, usarlo para algo. Ese algo es, ante todo, hablar, reflexionar, poner en com\u00fan, aceptar <a href=\"https:\/\/elpais.com\/cultura\/2018\/01\/18\/actualidad\/1516287430_701460.html \" target=\"_self\" rel=\"nofollow noopener\" title=\"https:\/\/elpais.com\/cultura\/2018\/01\/18\/actualidad\/1516287430_701460.html \">la invitaci\u00f3n a pensar<\/a> que debe plantear una pel\u00edcula. Ese horizonte se repite en cualquiera de sus trabajos y lo escribe claro y sin margen para la duda en su libro: \u201cPuedo definir con total precisi\u00f3n lo que pretendo para la humanidad. Caminar sin miedo, desplazarse como se pueda y conversar con la gente\u201d. Y a\u00f1ade: \u201cEsa es la cultura: las cosas que hacemos que generan conversaciones y nos vinculan, y despu\u00e9s se quedan en la memoria\u201d.<\/p>\n","protected":false},"excerpt":{"rendered":"Quiz\u00e1 la peque\u00f1a Lucrecia Martel, que so\u00f1aba con ser astronauta, habr\u00eda observado la haza\u00f1a lunar pegada a la&hellip;\n","protected":false},"author":2,"featured_media":506356,"comment_status":"","ping_status":"","sticky":false,"template":"","format":"standard","meta":{"footnotes":""},"categories":[169],"tags":[889,283,177,44302,9265,146,147,25,24,176,13937,1804,31713,1906,175,23],"class_list":["post-506355","post","type-post","status-publish","format-standard","has-post-thumbnail","category-cine","tag-america","tag-argentina","tag-cine","tag-cine-iberoamericano","tag-directores-cine","tag-entertainment","tag-entretenimiento","tag-es","tag-espana","tag-film","tag-indigenas","tag-latinoamerica","tag-lucrecia-martel","tag-mexico","tag-movies","tag-spain"],"share_on_mastodon":{"url":"https:\/\/pubeurope.com\/@es\/116431828630284063","error":""},"_links":{"self":[{"href":"https:\/\/www.europesays.com\/es\/wp-json\/wp\/v2\/posts\/506355","targetHints":{"allow":["GET"]}}],"collection":[{"href":"https:\/\/www.europesays.com\/es\/wp-json\/wp\/v2\/posts"}],"about":[{"href":"https:\/\/www.europesays.com\/es\/wp-json\/wp\/v2\/types\/post"}],"author":[{"embeddable":true,"href":"https:\/\/www.europesays.com\/es\/wp-json\/wp\/v2\/users\/2"}],"replies":[{"embeddable":true,"href":"https:\/\/www.europesays.com\/es\/wp-json\/wp\/v2\/comments?post=506355"}],"version-history":[{"count":0,"href":"https:\/\/www.europesays.com\/es\/wp-json\/wp\/v2\/posts\/506355\/revisions"}],"wp:featuredmedia":[{"embeddable":true,"href":"https:\/\/www.europesays.com\/es\/wp-json\/wp\/v2\/media\/506356"}],"wp:attachment":[{"href":"https:\/\/www.europesays.com\/es\/wp-json\/wp\/v2\/media?parent=506355"}],"wp:term":[{"taxonomy":"category","embeddable":true,"href":"https:\/\/www.europesays.com\/es\/wp-json\/wp\/v2\/categories?post=506355"},{"taxonomy":"post_tag","embeddable":true,"href":"https:\/\/www.europesays.com\/es\/wp-json\/wp\/v2\/tags?post=506355"}],"curies":[{"name":"wp","href":"https:\/\/api.w.org\/{rel}","templated":true}]}}