{"id":50640,"date":"2025-08-16T04:20:09","date_gmt":"2025-08-16T04:20:09","guid":{"rendered":"https:\/\/www.europesays.com\/es\/50640\/"},"modified":"2025-08-16T04:20:09","modified_gmt":"2025-08-16T04:20:09","slug":"el-balonman-lalin-veteranos-jugara-el-campeonato-de-mundo-en-croacia","status":"publish","type":"post","link":"https:\/\/www.europesays.com\/es\/50640\/","title":{"rendered":"El Balonm\u00e1n Lal\u00edn Veteranos jugar\u00e1 el Campeonato de Mundo en Croacia"},"content":{"rendered":"<p class=\"ft-text\">El Balonm\u00e1n Lal\u00edn Veteranos firm\u00f3 una gran actuaci\u00f3n el pasado mes de junio en la que era su primera participaci\u00f3n en un Campeonato de Europa de la categor\u00eda, una competici\u00f3n celebrada en la ciudad de Sevilla. Los rojinegros finalizaron su concurso en el Top 6 del continente despu\u00e9s de una fase de grupos notable y de dar la cara en el play-off previo a la gran final. La sexta posici\u00f3n obtenida los clasificaba a los lalinenses para el Mundial de 2026 en Croacia, una invitaci\u00f3n que finalmente han aceptado.<\/p>\n<p class=\"ft-text\">As\u00ed lo anunci\u00f3 ayer la organizaci\u00f3n de la Masters Handball World Cup, una competici\u00f3n que tendr\u00e1 lugar en la localidad de Omis, un pueblo ubicado en la desembocadura del r\u00edo Cetina en el mar Adri\u00e1tico, un antiguo fort\u00edn pirata ahora calificado como una de las grandes joyas del pa\u00eds croata. Los rojinegros tendr\u00e1n tiempo para prepararse para este reto mundialista, ya que el torneo se celebrar\u00e1 en el mes de mayo, entre el 20 y el 24.<\/p>\n<p class=\"ft-text\">Habr\u00e1 que aguardar para ver la convocatoria final para este Mundial por parte del Balonm\u00e1n Lal\u00edn Veteranos, que para su debut europeo reuni\u00f3 a un amplio grupo de jugadores de una de sus mejores generaciones, todos ellos canteranos y todav\u00eda en un buen estado de forma.<\/p>\n<p>El Disicl\u00edn Lal\u00edn se enfrenta al Ca\u00f1iza<\/p>\n<p class=\"ft-text\">El Disicl\u00edn Balonm\u00e1n Lal\u00edn se enfrenta hoy a las 19.30 horas al Ca\u00f1iza en la primera ronda de la Copa Xunta de Galicia. En caso de superar esta ronda los rojinegros se enfrentar\u00edan en la segunda, en los cuartos de final, al Teucro. Este ser\u00e1 adem\u00e1s el primer partido de la pretemporada para el equipo de Cacheda, quien no podr\u00e1 contar con el todav\u00eda lesionado Pedro Toimil.El t\u00e9cnico dezano valor\u00f3 el trabajo realizado por sus hombres en estas dos primeras semanas de preparaci\u00f3n. Ese trabajo ha estado especialmente centrado en el apartado f\u00edsico, aunque el calor vivido en lo que va del mes de agosto impidi\u00f3 llevar ese trabajo al l\u00edmite. \u00abLo que quer\u00edamos hacer lo hemos hecho, tanto con el primer equipo como con los juveniles. El \u00fanico problema que tuvimos vino con las ausencias de jugadores, algo habitual en estas fechas por culpa de compromisos personales. Eso siempre se nota pero ahora ya tenemos a todos recuperados\u00bb, afirm\u00f3, destacando el aprendizaje que est\u00e1n teniendo los m\u00e1s j\u00f3venes.<\/p>\n","protected":false},"excerpt":{"rendered":"El Balonm\u00e1n Lal\u00edn Veteranos firm\u00f3 una gran actuaci\u00f3n el pasado mes de junio en la que era su&hellip;\n","protected":false},"author":2,"featured_media":50641,"comment_status":"","ping_status":"","sticky":false,"template":"","format":"standard","meta":{"footnotes":""},"categories":[278],"tags":[4062,1782,376,15288,4842,818,168,25,24,375,10660,22504,23,167,2752,22505],"class_list":{"0":"post-50640","1":"post","2":"type-post","3":"status-publish","4":"format-standard","5":"has-post-thumbnail","7":"category-balonmano","8":"tag-balonman","9":"tag-balonman-lalin","10":"tag-balonmano","11":"tag-campeonato","12":"tag-competicion","13":"tag-croacia","14":"tag-deportes","15":"tag-es","16":"tag-espana","17":"tag-handball","18":"tag-jugara","19":"tag-lalin","20":"tag-spain","21":"tag-sports","22":"tag-trabajo","23":"tag-veteranos"},"share_on_mastodon":{"url":"","error":""},"_links":{"self":[{"href":"https:\/\/www.europesays.com\/es\/wp-json\/wp\/v2\/posts\/50640","targetHints":{"allow":["GET"]}}],"collection":[{"href":"https:\/\/www.europesays.com\/es\/wp-json\/wp\/v2\/posts"}],"about":[{"href":"https:\/\/www.europesays.com\/es\/wp-json\/wp\/v2\/types\/post"}],"author":[{"embeddable":true,"href":"https:\/\/www.europesays.com\/es\/wp-json\/wp\/v2\/users\/2"}],"replies":[{"embeddable":true,"href":"https:\/\/www.europesays.com\/es\/wp-json\/wp\/v2\/comments?post=50640"}],"version-history":[{"count":0,"href":"https:\/\/www.europesays.com\/es\/wp-json\/wp\/v2\/posts\/50640\/revisions"}],"wp:featuredmedia":[{"embeddable":true,"href":"https:\/\/www.europesays.com\/es\/wp-json\/wp\/v2\/media\/50641"}],"wp:attachment":[{"href":"https:\/\/www.europesays.com\/es\/wp-json\/wp\/v2\/media?parent=50640"}],"wp:term":[{"taxonomy":"category","embeddable":true,"href":"https:\/\/www.europesays.com\/es\/wp-json\/wp\/v2\/categories?post=50640"},{"taxonomy":"post_tag","embeddable":true,"href":"https:\/\/www.europesays.com\/es\/wp-json\/wp\/v2\/tags?post=50640"}],"curies":[{"name":"wp","href":"https:\/\/api.w.org\/{rel}","templated":true}]}}