{"id":50644,"date":"2025-08-16T04:22:11","date_gmt":"2025-08-16T04:22:11","guid":{"rendered":"https:\/\/www.europesays.com\/es\/50644\/"},"modified":"2025-08-16T04:22:11","modified_gmt":"2025-08-16T04:22:11","slug":"lerone-murphy-de-casi-morir-tiroteado-a-estar-a-una-victoria-de-disputar-el-titulo-de-ufc","status":"publish","type":"post","link":"https:\/\/www.europesays.com\/es\/50644\/","title":{"rendered":"Lerone Murphy: de casi morir tiroteado a estar a una victoria de disputar el t\u00edtulo de UFC"},"content":{"rendered":"<p class=\"\">En el mundo de las <b>artes marciales mixtas profesionales<\/b> no es raro que los luchadores tengan or\u00edgenes humildes y\/o conflictivos. Muchos son los casos de peleadores que han hablado de sus infancias como etapas tremendamente duras, como por ejemplo <b>Sean Strickland, Rafael Dos Anjos o Leon Edwards.<\/b><\/p>\n<p class=\"\">Uno de estos luchadores es el brit\u00e1nico <b>Lerone Murphy<\/b>, que protagoniza el <b>evento coestelar del UFC 319<\/b> de este s\u00e1bado 16 de agosto en Chicago en el que se enfrentar\u00e1 al estadounidense<b> Aaron Pico<\/b>. El evento estar\u00e1 encabezado por la pelea por el t\u00edtulo del peso medio: <a href=\"https:\/\/as.com\/masdeporte\/polideportivo\/cartelera-completa-del-ufc-319-combates-orden-y-horarios-mas-alla-del-du-plessis-vs-chimaev-n\/\" target=\"_self\" rel=\"nofollow noopener\" title=\"https:\/\/as.com\/masdeporte\/polideportivo\/cartelera-completa-del-ufc-319-combates-orden-y-horarios-mas-alla-del-du-plessis-vs-chimaev-n\/\"><b>Dricus du Plessis vs Khamzat Chimaev <\/b><\/a>. Habr\u00e1 ojos tambi\u00e9n en los preliminares, pues <a href=\"https:\/\/as.com\/masdeporte\/polideportivo\/susurkaev-peleara-cuatro-dias-despues-de-ganar-en-la-dwcs-n\/\" target=\"_self\" rel=\"nofollow noopener\" title=\"https:\/\/as.com\/masdeporte\/polideportivo\/susurkaev-peleara-cuatro-dias-despues-de-ganar-en-la-dwcs-n\/\"><b>Baysangur Susurkaev har\u00e1 su debut oficial en la compa\u00f1\u00eda.<\/b><\/a><\/p>\n<p class=\"\">Previo a su combate ante Pico, Murphy ha dado una entrevista al medio <a href=\"https:\/\/www.cardplayer.com\/poker-news\/lerone-murphy-ufc-exclusive-interview\" target=\"_self\" rel=\"nofollow noopener\" title=\"https:\/\/www.cardplayer.com\/poker-news\/lerone-murphy-ufc-exclusive-interview\"><b>CardPlayer<\/b><\/a><b> <\/b>en la que<b> ha respondido a unas preguntas de AS en exclusiva.<\/b><\/p>\n<p>Su historia de origen y el evento que le cambi\u00f3 la vida<\/p>\n<p class=\"\">El ingl\u00e9s naci\u00f3 en la ciudad de <b>Manchester <\/b>en 1991 y se crio lejos de los deportes de contacto, m\u00e1s centrado en el deporte m\u00e1s popular de su Inglaterra natal: el <b>f\u00fatbol<\/b>, donde no estuvo lejos de tener alguna oportunidad como profesional. Una dura lesi\u00f3n trunc\u00f3 sus sue\u00f1os en el mundo del f\u00fatbol y eso provoc\u00f3 que se acercara a las artes marciales mixtas, donde r\u00e1pidamente se hizo un nombre. <\/p>\n<p class=\"\">Pero antes de que nada de esto pasara, Murphy sufri\u00f3 un ataque en 2013 que le dej\u00f3 muy tocado. El entonces joven de 21 a\u00f1os sal\u00eda de una peluquer\u00eda en su ciudad natal cuando <b>recibi\u00f3 tres tiros entre cara y cuello<\/b>. Sobrevivi\u00f3 de milagro (su apodo en UFC es \u201cThe Miracle\u201d) y mientras se recuperaba empez\u00f3 a practicar MMA. <\/p>\n<p class=\"\">\u201cMe influy\u00f3 enormemente, como le pasar\u00eda a cualquiera que pasara por una situaci\u00f3n tan dif\u00edcil. Te hace crecer. Dicen que <b>lo que no te mata te hace m\u00e1s fuerte<\/b>, y es muy cierto. Y \u00bfsabes qu\u00e9? En lo que respecta a pelear, creo que <b>he estado en los lugares m\u00e1s oscuros a los que puede llegar tu alma.<\/b> Nada m\u00e1s puede ponerme en una situaci\u00f3n peor que esa. <b>Excepto la muerte.<\/b> As\u00ed que, cuando entro en estas peleas, \u00bfqu\u00e9 me pueden hacer que no haya pasado ya? S\u00e9 que, mientras no est\u00e9s muerto, puedes recuperarte de cualquier cosa. As\u00ed que creo que no tener ese miedo,<b> reducir ese miedo, me ha hecho una persona m\u00e1s fuerte y mejor mentalmente<\/b>, m\u00e1s resistente.\u00bb<\/p>\n<p>Llegada a la UFC<\/p>\n<p class=\"\">Murphy hace su debut profesional en las MMA en el a\u00f1o 2016 en la promotora l\u00edder en su pa\u00eds: FCC (Full Contact Contender). A partir de ah\u00ed se convierte r\u00e1pidamente en una de las grandes figuras de las artes marciales brit\u00e1nicas y en tres a\u00f1os mantiene un <b>r\u00e9cord invicto de 8-0<\/b> y se marcha de FCC siendo el <b>campe\u00f3n de peso pluma de la promotora<\/b>.<\/p>\n<p class=\"\">En 2019, con 28 a\u00f1os, debuta en UFC en un combate que termina en empate, siendo este la \u00fanica pelea en la carrera de Murphy en la que este no ha salido ganador. A partir de ah\u00ed empez\u00f3 a ganar y no par\u00f3, pues <b>el brit\u00e1nico encaden\u00f3 otras ocho victorias seguidas,<\/b> por lo que su r\u00e9cord profesional a d\u00eda de hoy es de 16-0-1.<\/p>\n<p class=\"\">Actualmente <b>tiene 34 a\u00f1os y es el contendiente n\u00famero 6 en los rankings del peso pluma<\/b>. Viene de conseguir la victoria m\u00e1s importante de su carrera al imponerse por decisi\u00f3n un\u00e1nime a Josh Emmet en abril de este a\u00f1o, por lo que<b> un triunfo m\u00e1s podr\u00eda ser el trampol\u00edn definitivo a una pelea por el cintur\u00f3n <\/b>del peso pluma que se encuentra en manos de Alexander Volkanovski. <\/p>\n<p class=\"\">\u201cObviamente, no estoy mirando m\u00e1s all\u00e1 de Pico en absoluto. Simplemente entro en cada pelea con la mentalidad de que necesito ganar esa pelea. Pero dicho esto,<b> (la UFC) es una empresa basada en el rendimiento<\/b>. As\u00ed que tienes a Jean Silva, que se enfrenta a Diego Lopes en el otro lado del cuadro, lo que tambi\u00e9n podr\u00eda ser una pelea por el t\u00edtulo de contendiente n\u00famero uno. Y luego estoy yo contra Pico. Y <b>todo se reducir\u00e1 a qui\u00e9n se ve mejor en las peleas<\/b>. Eso es todo. \u00bfQui\u00e9n se ve mejor en esas peleas y de qui\u00e9n hablan los aficionados? As\u00ed que creo que<b> quien salga ah\u00ed fuera y ofrezca una actuaci\u00f3n dominante ser\u00e1 quien se lleve el premio gordo<\/b>.\u00bb<\/p>\n<p>Lerone Murphy en UFC 319<\/p>\n<p class=\"\"><b>Aaron Pico <\/b>(13-4-0) es un <b>luchador estadounidense que todav\u00eda no ha hecho su debut en UFC<\/b>, pues viene de la promotora Bellator. En principio iba a estrenarse en la UFC ante <b>Movsar Evloev<\/b>, el contendiente n\u00famero 1 de la categor\u00eda. Pero este \u00faltimo, que tiene un historial de bajarse de peleas por problemas f\u00edsicos,<b> termin\u00f3 renunciando al combate<\/b> que iba a tener lugar en el UFC Abu Dhabi del 26 de julio.<\/p>\n<p class=\"\">Ah\u00ed es donde entra Murphy, que finalmente ser\u00e1 qui\u00e9n enfrente a Pico en el debut de este en la promotora de MMA m\u00e1s importante del mundo en lo que ser\u00e1 el<b> evento coestelar del UFC 319<\/b>. El brit\u00e1nico, aun teniendo seis a\u00f1os de experiencia en la compa\u00f1\u00eda y siendo un luchador invicto, no infravalora a su rival.<\/p>\n<p class=\"\">\u201cTodo depende del punto de vista. Puedes verlo desde la perspectiva de que has ganado tres veces a luchadores dentro de los 15 mejores y <b>podr\u00edas esperar a alguien con una clasificaci\u00f3n m\u00e1s alta porque te lo mereces.<\/b> Pero, desde otro punto de vista, \u00e9l es un luchador de primera y muy reconocido. No es como si estuviera peleando contra un don nadie, es muy conocido. <b>Se le considera la pr\u00f3xima gran promesa<\/b> y antes de m\u00ed iba a pelear contra Movsar Evloev, que era el contendiente n\u00famero uno. As\u00ed que, obviamente, <b>la UFC lo valora mucho<\/b> y, en mi opini\u00f3n,<b> es una pelea por el t\u00edtulo de contendiente n\u00famero uno<\/b>. Por lo tanto, es un gran riesgo, pero tambi\u00e9n conlleva una gran recompensa\u201d.<\/p>\n<p class=\"\">Lerone Murphy, de 34 a\u00f1os, no es ni de cerca una joven promesa dentro de UFC y, aunque est\u00e1 lejos del retiro, no puede esperar demasiado si quiere llegar a lo m\u00e1s alto de su divisi\u00f3n. <b>Sus opciones de cintur\u00f3n pasan si o si por derrotar a Aaron Pico este s\u00e1bado 16 de agosto<\/b>.<\/p>\n<p>Noticias relacionadas<a href=\"https:\/\/as.com\/masdeporte\/polideportivo\/el-debut-mas-esperado-quien-es-aaron-pico-el-considerado-mejor-peleador-fuera-de-ufc-n\/\" class=\"s_m_w\" title=\"El estadounidense viene de PFL despu\u00e9s de que esta absorbiese a Bellator, es una de los grandes luchadores del peso pluma. Se medir\u00e1 con Lerone Murphy en el UFC 319. \" data-tb-link=\"\" rel=\"nofollow noopener\" target=\"_blank\"><img decoding=\"async\" src=\"https:\/\/www.europesays.com\/es\/wp-content\/uploads\/2025\/08\/1755318130_469_C2JRPCEXRNGMLLBH6ALNWCVGAA.jpg\" alt=\"El debut m\u00e1s esperado: qui\u00e9n es Aaron Pico, el considerado mejor peleador fuera de UFC\" class=\"\" height=\"1\" width=\"1\"   loading=\"lazy\" data-tb-thumbnail=\"\"\/><\/a><a href=\"https:\/\/as.com\/masdeporte\/polideportivo\/darwin-rodriguez-y-enoc-solves-estrellas-de-wow-22-n\/\" class=\"s_m_w\" title=\"Ambos peleadores disputar\u00e1n el cintur\u00f3n del peso semipesado de la promotora espa\u00f1ola. Adem\u00e1s, Colombo realizar\u00e1 su esperado regreso a la jaula.\" data-tb-link=\"\" rel=\"nofollow noopener\" target=\"_blank\"><img decoding=\"async\" src=\"https:\/\/www.europesays.com\/es\/wp-content\/uploads\/2025\/08\/1755318131_415_45MSBJ6OGZAENCFML6QZTPHLLI.jpeg\" alt=\"Darwin Rodriguez y Enoc Solves, estrellas de WOW 22 \" class=\"\" height=\"1\" width=\"1\"   loading=\"lazy\" data-tb-thumbnail=\"\"\/><\/a><\/p>\n<p class=\"\"><b>\u00a1Tus opiniones importan!<\/b> Comenta en los art\u00edculos y suscr\u00edbete gratis a nuestra <a href=\"https:\/\/asfan.as.com\/newsletters\/\" target=\"_blank\" rel=\"nofollow noopener\" title=\"https:\/\/asfan.as.com\/newsletters\/\">newsletter<\/a> y a las alertas informativas en la <a href=\"https:\/\/as.com\/aplicacion-de-as-n\/\" target=\"_blank\" rel=\"nofollow noopener\" title=\"https:\/\/as.com\/aplicacion-de-as-n\/\">App<\/a> o el canal de <a href=\"https:\/\/www.whatsapp.com\/channel\/0029VaAasdA7j6g745nz9M10\" target=\"_blank\" rel=\"nofollow noopener\" title=\"https:\/\/www.whatsapp.com\/channel\/0029VaAasdA7j6g745nz9M10\">WhatsApp<\/a>.<\/p>\n<p class=\"\">\u00bfBuscas licenciar contenido? Haz clic <a href=\"https:\/\/profesional.elpais.com\/soluciones-sindicacion?utm_medium=interno&amp;utm_source=crosslinking&amp;utm_campaign=sindicacion_as_pie_articulos\" target=\"_blank\" rel=\"nofollow noopener\" title=\"https:\/\/profesional.elpais.com\/soluciones-sindicacion?utm_medium=interno&amp;utm_source=crosslinking&amp;utm_campaign=sindicacion_as_pie_articulos\">aqu\u00ed<\/a><\/p>\n","protected":false},"excerpt":{"rendered":"En el mundo de las artes marciales mixtas profesionales no es raro que los luchadores tengan or\u00edgenes humildes&hellip;\n","protected":false},"author":2,"featured_media":50645,"comment_status":"","ping_status":"","sticky":false,"template":"","format":"standard","meta":{"footnotes":""},"categories":[276],"tags":[168,25,24,23,167,343],"class_list":{"0":"post-50644","1":"post","2":"type-post","3":"status-publish","4":"format-standard","5":"has-post-thumbnail","7":"category-ufc","8":"tag-deportes","9":"tag-es","10":"tag-espana","11":"tag-spain","12":"tag-sports","13":"tag-ufc"},"share_on_mastodon":{"url":"","error":""},"_links":{"self":[{"href":"https:\/\/www.europesays.com\/es\/wp-json\/wp\/v2\/posts\/50644","targetHints":{"allow":["GET"]}}],"collection":[{"href":"https:\/\/www.europesays.com\/es\/wp-json\/wp\/v2\/posts"}],"about":[{"href":"https:\/\/www.europesays.com\/es\/wp-json\/wp\/v2\/types\/post"}],"author":[{"embeddable":true,"href":"https:\/\/www.europesays.com\/es\/wp-json\/wp\/v2\/users\/2"}],"replies":[{"embeddable":true,"href":"https:\/\/www.europesays.com\/es\/wp-json\/wp\/v2\/comments?post=50644"}],"version-history":[{"count":0,"href":"https:\/\/www.europesays.com\/es\/wp-json\/wp\/v2\/posts\/50644\/revisions"}],"wp:featuredmedia":[{"embeddable":true,"href":"https:\/\/www.europesays.com\/es\/wp-json\/wp\/v2\/media\/50645"}],"wp:attachment":[{"href":"https:\/\/www.europesays.com\/es\/wp-json\/wp\/v2\/media?parent=50644"}],"wp:term":[{"taxonomy":"category","embeddable":true,"href":"https:\/\/www.europesays.com\/es\/wp-json\/wp\/v2\/categories?post=50644"},{"taxonomy":"post_tag","embeddable":true,"href":"https:\/\/www.europesays.com\/es\/wp-json\/wp\/v2\/tags?post=50644"}],"curies":[{"name":"wp","href":"https:\/\/api.w.org\/{rel}","templated":true}]}}