{"id":506476,"date":"2026-04-19T16:03:49","date_gmt":"2026-04-19T16:03:49","guid":{"rendered":"https:\/\/www.europesays.com\/es\/506476\/"},"modified":"2026-04-19T16:03:49","modified_gmt":"2026-04-19T16:03:49","slug":"sanchez-se-inviste-de-jefe-del-ejercito-mundial-contra-la-ultraderecha-desde-el-bando-correcto-de-la-historia-el-mundo","status":"publish","type":"post","link":"https:\/\/www.europesays.com\/es\/506476\/","title":{"rendered":"S\u00e1nchez se inviste de jefe del &quot;ej\u00e9rcito&quot; mundial contra la ultraderecha &quot;desde el bando correcto de la Historia&quot; &#8211; El Mundo"},"content":{"rendered":"<ol>\n<li><a href=\"https:\/\/news.google.com\/rss\/articles\/CBMiekFVX3lxTE5xdE8yUmJiRHA0anRPU1lwVUtEWHBWel9JajVjWFJnZGk5blhBTnFRdUhHNjAwNENsWFZfSlVQeURLRXFsb2NuNGZoNWhBdXZqeDhGLVZEb1pnOHlEenRPcFNHdlBqVERmbGxPdnlGVFdFQVlDaWJyMnNR0gF6QVVfeXFMTlUtZXl3WGh1WEJqRWR1VE1NN0J0UWlGbFIxMjYwb050T0h0eHpYYVFqbU95UzFYanhCOXNOamtWTXJqTmVOWG5ua2ZCaU1oQ0EwNGdPU2VOQW1wZWp0UlpNTUVpVlgwUHRjblRvUEpWNkpzUUE2eTlER1E?oc=5\" target=\"_blank\" rel=\"nofollow noopener\">S\u00e1nchez se inviste de jefe del \u00abej\u00e9rcito\u00bb mundial contra la ultraderecha \u00abdesde el bando correcto de la Historia\u00bb<\/a>&nbsp;&nbsp;El Mundo<\/li>\n<li><a href=\"https:\/\/news.google.com\/rss\/articles\/CBMiuwFBVV95cUxPYXQwSk0yODU2VF96ZXV5U3F5VmRTWnZwdkl4SjNzcnBDZ3c2aDZ4WWVxZk5JTDZMc0UxSG1PYk9DdkFTTmlFWXc5QjRSY2liSEhseWdzOGExeWJmbHphZTg0MU5sajlIelBzZXZwcURCLWdtSUExLVRhTmR3bk5BVlJYaFAtVU1GeEE0d1JENDJEb1BqTUZlZWRpenFrU1l6OWVYZjlFVndOaHpKZ2lzY3dHUVdTZFpJbkFn?oc=5\" target=\"_blank\" rel=\"nofollow noopener\">Los excesos de la ultraderecha abren una oportunidad para la izquierda global<\/a>&nbsp;&nbsp;EL PA\u00cdS<\/li>\n<li><a href=\"https:\/\/news.google.com\/rss\/articles\/CBMiiwFBVV95cUxOdjF1ODlQYzloei1wdXgzZ2JuQmxqR0xkR1BuNmxUdDQ2ZmxSSUpKNmxkc3dFckhfOXdRaXpuYzV4aDVTV0E0WS1NZVZHM0EzTGw0VGJzNV9XazhtblpsR2RyTm1yRGhPVmxmTW9WeXllTXh2dEwwX3Z3emtPVmNwNW9na0k0ZzVneG9r0gGLAUFVX3lxTE44N1NXMUZXMVVRU2xGaUNkV1ZPWGY3WW91VzdrR2V4dU5tc2ZOUmFUSnNlUDU4cG5KZjZ0bHVCR2pNR09MbVhaNXNBUzVxeDlxdmlJbnFQRzBseXNzTlBlMElsUUI0U0dRSzJ4ZTVSR1NGcnlYZWNiTFg0VDNCNlhIaTJPbm5mUC1TWHM?oc=5\" target=\"_blank\" rel=\"nofollow noopener\">Ca\u00edda y resurrecci\u00f3n de la Internacional Socialista con la que S\u00e1nchez orquest\u00f3 su macroevento<\/a>&nbsp;&nbsp;El Mundo<\/li>\n<li><a href=\"https:\/\/news.google.com\/rss\/articles\/CBMi0gFBVV95cUxQMVNKVW16WGJpTTlUNGlIUXAxdHFMZm9vZVduNl9PVi1rc0RCdm1xQjhfbjF6NUZxN0ZIRE1aYkw5SDZWR2RfcVB3RG50ZFFjS0JoUzFzRC16QjI4bFlPN2loUzE2Rmw0MHQwa2VqNjB6NXRTWFhoSDNyLXBUbDRyOVBKVHp5UndxQzlQRmRvMmZTQUJQd25CeUhiSWNQT0xybDJXalBpcy1DeEFsMk52YTdrNlZVcVppN2VKeVctZ1pGcXVFak5Gd1hOaFdwNEFZOWc?oc=5\" target=\"_blank\" rel=\"nofollow noopener\">Los l\u00edderes mundiales progresistas reactivan en Barcelona su alianza contra la guerra y la ola reaccionaria<\/a>&nbsp;&nbsp;elDiario.es<\/li>\n<li><a href=\"https:\/\/news.google.com\/rss\/articles\/CBMiuwFBVV95cUxONUo0ZUE3YVBfZDZjeHdBM0hfdERmdnMxVnU1Mnowd2Z0cl8wZU5KZTAzTndqMEFyRE1GVWV2d0V1V2ZSREhzZk1sbnJkenRXZ21SOFhPUlBVWUJZSU80bTlibEdHM095elRFWlhsRWF4MUdzSFNfYWp6OXlmVUVHV3dnWFF6OWxOeDNvT3hhOG5KcGlwZW9XdkNjOHF2ZE53S19RYVg1bS05cFhhYTBOM1NUMnE1UXA0YjJN?oc=5\" target=\"_blank\" rel=\"nofollow noopener\">El bloque de la izquierda internacional planta cara a los ultras \u201ccon el rumbo de la vida y no de la muerte\u201d<\/a>&nbsp;&nbsp;infoLibre<\/li>\n<\/ol>\n","protected":false},"excerpt":{"rendered":"S\u00e1nchez se inviste de jefe del \u00abej\u00e9rcito\u00bb mundial contra la ultraderecha \u00abdesde el bando correcto de la Historia\u00bb&nbsp;&nbsp;El&hellip;\n","protected":false},"author":2,"featured_media":506477,"comment_status":"","ping_status":"","sticky":false,"template":"","format":"standard","meta":{"footnotes":""},"categories":[5],"tags":[17,18,25,24,13,14,11,19,20,3219,9,10,15,16,2959,1699,23,12,21,22],"class_list":["post-506476","post","type-post","status-publish","format-standard","has-post-thumbnail","category-titulares","tag-breaking-news","tag-breakingnews","tag-es","tag-espana","tag-featured-news","tag-featurednews","tag-headlines","tag-latest-news","tag-latestnews","tag-lula-da-silva","tag-news","tag-noticias","tag-noticias-destacadas","tag-noticiasdestacadas","tag-pedro-sanchez","tag-psoe","tag-spain","tag-titulares","tag-ultimas-noticias","tag-ultimasnoticias"],"share_on_mastodon":{"url":"https:\/\/pubeurope.com\/@es\/116432225238297811","error":""},"_links":{"self":[{"href":"https:\/\/www.europesays.com\/es\/wp-json\/wp\/v2\/posts\/506476","targetHints":{"allow":["GET"]}}],"collection":[{"href":"https:\/\/www.europesays.com\/es\/wp-json\/wp\/v2\/posts"}],"about":[{"href":"https:\/\/www.europesays.com\/es\/wp-json\/wp\/v2\/types\/post"}],"author":[{"embeddable":true,"href":"https:\/\/www.europesays.com\/es\/wp-json\/wp\/v2\/users\/2"}],"replies":[{"embeddable":true,"href":"https:\/\/www.europesays.com\/es\/wp-json\/wp\/v2\/comments?post=506476"}],"version-history":[{"count":0,"href":"https:\/\/www.europesays.com\/es\/wp-json\/wp\/v2\/posts\/506476\/revisions"}],"wp:featuredmedia":[{"embeddable":true,"href":"https:\/\/www.europesays.com\/es\/wp-json\/wp\/v2\/media\/506477"}],"wp:attachment":[{"href":"https:\/\/www.europesays.com\/es\/wp-json\/wp\/v2\/media?parent=506476"}],"wp:term":[{"taxonomy":"category","embeddable":true,"href":"https:\/\/www.europesays.com\/es\/wp-json\/wp\/v2\/categories?post=506476"},{"taxonomy":"post_tag","embeddable":true,"href":"https:\/\/www.europesays.com\/es\/wp-json\/wp\/v2\/tags?post=506476"}],"curies":[{"name":"wp","href":"https:\/\/api.w.org\/{rel}","templated":true}]}}