{"id":506497,"date":"2026-04-19T16:21:12","date_gmt":"2026-04-19T16:21:12","guid":{"rendered":"https:\/\/www.europesays.com\/es\/506497\/"},"modified":"2026-04-19T16:21:12","modified_gmt":"2026-04-19T16:21:12","slug":"el-enlace-de-eugenia-fraile-la-intima-amiga-de-su-hija-caritina-goyanes-y-madrina-de-su-hijo-pedro","status":"publish","type":"post","link":"https:\/\/www.europesays.com\/es\/506497\/","title":{"rendered":"el enlace de Eugenia Fraile, la \u00edntima amiga de su hija Caritina Goyanes y madrina de su hijo Pedro"},"content":{"rendered":"<p id=\"en_MCXoZrI\" data-wc=\"71\">La familia Lapique-Goyanes ha disfrutado de un fin de semana muy especial con motivo de<a class=\"hm-link ho-link\" href=\"https:\/\/www.hola.com\/actualidad\/20260414895427\/boda-eugenia-fraile-hija-fallecido-alfredo-fraile-exmanager-julio-iglesias\/\" data-mrf-recirculation=\"article-body-link\" rel=\"nofollow noopener\" target=\"_blank\">\u00a0la boda de Eugenia Fraile y \u00c1lvaro Vega de Seoane<\/a>, que se celebr\u00f3 el pasado 17 de abril. La novia, hija del recordado Alfredo Fraile \u2014quien fuera m\u00e1nager de Julio Iglesias durante 15 a\u00f1os\u2014 <strong>y gran amiga de Caritina Goyanes<\/strong> durante a\u00f1os, se cas\u00f3 por lo civil en Madrid en una ceremonia \u00edntima y muy emotiva.<\/p>\n<p> <img src=\"https:\/\/www.europesays.com\/es\/wp-content\/uploads\/2026\/04\/0e7a0d378cbc-saveclipapp671160746185772845380276805550410129255086928n.jpg\"   width=\"768\" height=\"1024\" loading=\"lazy\" decoding=\"async\" alt=\"Eugenia Fraile y \u00c1lvaro Vega de Seoane saliendo de la Casa de la Panader\u00eda, donde se casaron\" fetchpriority=\"auto\" class=\"image ho-image\"\/>\u00a9 cariilapiqueEugenia Fraile y \u00c1lvaro Vega de Seoane saliendo de la Casa de la Panader\u00eda, donde se casaron<\/p>\n<p id=\"e6K72TvJSv8\" data-wc=\"62\">Hasta all\u00ed se desplazaron <strong>Cari Lapique y su hija, Carla Goyanes,<\/strong> que no quisieron faltar a un d\u00eda tan importante para una familia con la que mantienen un estrecho v\u00ednculo desde hace d\u00e9cadas. Ambas compartieron im\u00e1genes del enlace en sus respectivas redes sociales, dejando constancia del cari\u00f1o que sienten por Eugenia y de la emoci\u00f3n de acompa\u00f1arla en este paso tan esperado.<\/p>\n<p id=\"eSpyoGJ8RYx\" data-wc=\"102\">Cari, que para la ocasi\u00f3n eligi\u00f3 una falda estampada de flores combinada con un jersey de manga francesa en blanco, comparti\u00f3 varias im\u00e1genes del enlace en sus redes sociales. Sin embargo, lo m\u00e1s significativo fue el mensaje que las acompa\u00f1aba, en el que resum\u00eda a la perfecci\u00f3n lo que esta boda supon\u00eda para ella: \u00abEmotiva boda ayer #Eugenia-\u00c1lvaro. Madrina de Pedro, mi nieto mayor, \u00edntima amiga de mi hija Cari. D\u00eda de muchas emociones. Te quiero, Ge\u00f1i, a ti y a toda tu familia\u00bb.\u00a0Unas palabras con las que dejaba ver el estrecho v\u00ednculo que une a la novia con su familia.<\/p>\n<p> <img src=\"https:\/\/www.europesays.com\/es\/wp-content\/uploads\/2026\/04\/4d136feeccb0-saveclipapp67061576718577284547027680711531782706628655n.jpg\"   width=\"768\" height=\"1024\" loading=\"lazy\" decoding=\"async\" alt=\"Cari Lapique junto a otras invitadas de la boda\" fetchpriority=\"auto\" class=\"image ho-image\"\/>\u00a9 cariilapiqueCari Lapique junto a otras invitadas de la boda<\/p>\n<p id=\"esZeKH_WaoJ\" data-wc=\"90\">La empresaria tambi\u00e9n desvel\u00f3 que la <strong>ceremonia civil se celebr\u00f3 en la Casa de la Panader\u00eda,<\/strong> uno de los edificios m\u00e1s emblem\u00e1ticos de la Plaza Mayor de Madrid, que a lo largo de su historia ha albergado instituciones como la Real Academia de Bellas Artes de San Fernando, la Real Academia de la Historia y el Archivo y la Biblioteca Municipal de la Villa. En la actualidad, su Sal\u00f3n Real \u2014donde hasta el siglo XVIII se ubicaban las dependencias de los reyes\u2014 acoge bodas civiles y recepciones del consistorio madrile\u00f1o.<\/p>\n<p> <img src=\"https:\/\/www.europesays.com\/es\/wp-content\/uploads\/2026\/04\/3103653cfe8a-novia.jpg\"   width=\"768\" height=\"1024\" loading=\"lazy\" decoding=\"async\" alt=\"Eugenia Fraile junto a Pedro, hijo mayor de Caritina Goyanes\" fetchpriority=\"auto\" class=\"image ho-image\"\/>\u00a9 cariilapiqueEugenia Fraile junto a Pedro, hijo mayor de Caritina Goyanes<\/p>\n<p id=\"eTaRZ4tG-8A\" data-wc=\"57\">Tras el \u2018s\u00ed, quiero\u2019, <strong>los novios y sus invitados se trasladaron a la finca El Taberal,\u00a0<\/strong>en Galapagar, a apenas 20 minutos en coche de Madrid, donde continuaron la celebraci\u00f3n con el convite nupcial. Situado en un amplio espacio natural y amplias zonas ajardinadas los novios y sus invitados pudieron continuar con una jornada cargada de emoci\u00f3n.<\/p>\n<p> <img src=\"https:\/\/www.europesays.com\/es\/wp-content\/uploads\/2026\/04\/f4d7dd26406a-saveclipapp671307875185762217400020271468278157782995325n.jpg\"   width=\"1024\" height=\"768\" loading=\"lazy\" decoding=\"async\" alt=\"Carla Goyanes con la novia y unas amigas\" fetchpriority=\"auto\" class=\"image ho-image\"\/>\u00a9 carlugoyanesCarla Goyanes con la novia y unas amigas<\/p>\n<p id=\"elRjcfCIv72\" data-wc=\"134\">Por su parte,<strong>\u00a0Carla Goyanes,\u00a0<\/strong>que llevaba un vestido con un colorido estampado, <strong>tambi\u00e9n comparti\u00f3 una imagen del enlace<\/strong> junto a la novia y varias amigas. Adem\u00e1s, public\u00f3 unas emotivas palabras en las que, sin mencionarla directamente, se refer\u00eda a su hermana Caritina, <a class=\"hm-link ho-link\" href=\"https:\/\/www.hola.com\/actualidad\/20240826714659\/caritina-goyanes-muere-46\/\" data-mrf-recirculation=\"article-body-link\" rel=\"nofollow noopener\" target=\"_blank\">fallecida el 26 de agosto de 2024\u00a0<\/a>. Ella\u00a0siempre so\u00f1\u00f3 con ver a su amiga Eugenia felizmente casada:\u00a0\u00abHay historias que demuestran que el amor de verdad no entiende de tiempos, solo de personas. Qu\u00e9 bonito veros dar este paso despu\u00e9s de tantos a\u00f1os construyendo una familia de las de verdad, de las que se eligen cada d\u00eda. \u00a1C\u00f3mo habr\u00eda disfrutado ella! Las ganas que ten\u00eda de verte de blanco\u2026\u2019\u00bb Unas palabras que reflejan la estrecha uni\u00f3n entre ambas familias y el recuerdo siempre presente de quienes ya no est\u00e1n.<\/p>\n<p>Una relaci\u00f3n de a\u00f1os que sigue intacta a pesar de las ausencias<\/p>\n<p id=\"eRWV1PjCRJ8\" data-wc=\"131\"><strong>Eugenia Fraile,<\/strong> interiorista especializada en cocinas y al frente de su propio estudio, <strong>Allegra M\u00fcller,\u00a0<\/strong>apost\u00f3 por un look nupcial alejado de lo convencional. Eligi\u00f3 un vestido de l\u00edneas fluidas en tono blanco roto, con escote en pico y manga por debajo del codo. Complet\u00f3 el conjunto con un sencillo ramo de flores y un exclusivo sombrero modelo Capri de Lorna Murray, una firma australiana conocida por sus piezas elaboradas con materiales naturales y t\u00e9cnicas artesanales y que en Espa\u00f1a se distribuyen a trav\u00e9s de la marca Cayumas, seg\u00fan recoge Vanitatis. El novio, por su parte, iba con americana tono gris verdoso y un pantal\u00f3n blanco sin corbata. El resultado fue un look elegante, fresco y con un punto distintivo que encajaba a la perfecci\u00f3n con la est\u00e9tica de la celebraci\u00f3n.<\/p>\n<p> <img src=\"https:\/\/www.europesays.com\/es\/wp-content\/uploads\/2026\/04\/ef75a1e2479f-invitados.jpg\"   width=\"768\" height=\"1024\" loading=\"lazy\" decoding=\"async\" alt=\"La novia, Eugenia Fraile, lleva en la mano el original sombrero que llev\u00f3\" fetchpriority=\"auto\" class=\"image ho-image\"\/>\u00a9 cariilapiqueLa novia, Eugenia Fraile, lleva en la mano el original sombrero que llev\u00f3<\/p>\n<p id=\"eEqo-RUq4Hi\" data-wc=\"63\">La presencia de Cari Lapique y Carla Goyanes en la boda no es casual. La <strong>relaci\u00f3n entre ambas familias se remonta a muchos a\u00f1os atr\u00e1s,<\/strong> cuando Alfredo Fraile viv\u00eda en Espa\u00f1a. El exm\u00e1nager de Julio Iglesias, cu\u00f1ado del periodista deportivo Jos\u00e9 Mar\u00eda Garc\u00eda \u2014al estar su hermana Montserrat casada con \u00e9l\u2014, manten\u00eda una estrecha amistad con Cari y con su entorno m\u00e1s cercano.\u00a0<\/p>\n<p id=\"eXlCKN6x6J\" data-wc=\"59\">Durante su etapa en Espa\u00f1a, su familia mantuvo una relaci\u00f3n muy cercana con Cari Lapique, Caritina Goyanes y Mar\u00eda Zurita, que estuvieron presentes en su despedida \u2014cabe recordar que Fraile falleci\u00f3 en marzo de 2021 a los 78 a\u00f1os, a causa de complicaciones derivadas del coronavirus\u2014 y acompa\u00f1aron a su viuda, Mar\u00eda Eugenia Fraile, en aquellos momentos tan dif\u00edciles.\u00a0<\/p>\n<p id=\"eDxnvr3CgK\" data-wc=\"59\">Esa uni\u00f3n se ha mantenido intacta con el paso del tiempo y, de hecho, se reforz\u00f3 <strong>gracias a la amistad y a los proyectos profesionales que compartieron Eugenia y Caritina.<\/strong> Durante a\u00f1os trabajaron juntas en SixSens, el catering que fundaron las hermanas Fraile junto a Caritina Goyanes y que hoy dirige el viudo de esta \u00faltima, Antonio Matos.\u00a0 hija<\/p>\n","protected":false},"excerpt":{"rendered":"La familia Lapique-Goyanes ha disfrutado de un fin de semana muy especial con motivo de\u00a0la boda de Eugenia&hellip;\n","protected":false},"author":2,"featured_media":506498,"comment_status":"","ping_status":"","sticky":false,"template":"","format":"standard","meta":{"footnotes":""},"categories":[91],"tags":[517,5277,5276,146,147,25,24,23],"class_list":["post-506497","post","type-post","status-publish","format-standard","has-post-thumbnail","category-entretenimiento","tag-actualidad","tag-cari-lapique","tag-carla-goyanes","tag-entertainment","tag-entretenimiento","tag-es","tag-espana","tag-spain"],"share_on_mastodon":{"url":"https:\/\/pubeurope.com\/@es\/116432292286015015","error":""},"_links":{"self":[{"href":"https:\/\/www.europesays.com\/es\/wp-json\/wp\/v2\/posts\/506497","targetHints":{"allow":["GET"]}}],"collection":[{"href":"https:\/\/www.europesays.com\/es\/wp-json\/wp\/v2\/posts"}],"about":[{"href":"https:\/\/www.europesays.com\/es\/wp-json\/wp\/v2\/types\/post"}],"author":[{"embeddable":true,"href":"https:\/\/www.europesays.com\/es\/wp-json\/wp\/v2\/users\/2"}],"replies":[{"embeddable":true,"href":"https:\/\/www.europesays.com\/es\/wp-json\/wp\/v2\/comments?post=506497"}],"version-history":[{"count":0,"href":"https:\/\/www.europesays.com\/es\/wp-json\/wp\/v2\/posts\/506497\/revisions"}],"wp:featuredmedia":[{"embeddable":true,"href":"https:\/\/www.europesays.com\/es\/wp-json\/wp\/v2\/media\/506498"}],"wp:attachment":[{"href":"https:\/\/www.europesays.com\/es\/wp-json\/wp\/v2\/media?parent=506497"}],"wp:term":[{"taxonomy":"category","embeddable":true,"href":"https:\/\/www.europesays.com\/es\/wp-json\/wp\/v2\/categories?post=506497"},{"taxonomy":"post_tag","embeddable":true,"href":"https:\/\/www.europesays.com\/es\/wp-json\/wp\/v2\/tags?post=506497"}],"curies":[{"name":"wp","href":"https:\/\/api.w.org\/{rel}","templated":true}]}}