{"id":50670,"date":"2025-08-16T04:40:07","date_gmt":"2025-08-16T04:40:07","guid":{"rendered":"https:\/\/www.europesays.com\/es\/50670\/"},"modified":"2025-08-16T04:40:07","modified_gmt":"2025-08-16T04:40:07","slug":"maduro-y-el-chavismo-cierran-filas-ante-la-presion-de-estados-unidos-dejen-quieto-al-que-esta-quieto","status":"publish","type":"post","link":"https:\/\/www.europesays.com\/es\/50670\/","title":{"rendered":"Maduro y el chavismo cierran filas ante la presi\u00f3n de Estados Unidos: \u201cDejen quieto al que est\u00e1 quieto\u201d"},"content":{"rendered":"<p class=\"\">La alta jerarqu\u00eda de la revoluci\u00f3n bolivariana se ha puesto en estado de alerta ante el anuncio del gobierno de Estados Unidos, <a href=\"https:\/\/elpais.com\/internacional\/2025-08-07\/estados-unidos-eleva-a-50-millones-de-dolares-la-recompensa-por-informacion-para-capturar-a-maduro.html\" target=\"_self\" rel=\"nofollow noopener\" title=\"https:\/\/elpais.com\/internacional\/2025-08-07\/estados-unidos-eleva-a-50-millones-de-dolares-la-recompensa-por-informacion-para-capturar-a-maduro.html\">duplicando la recompensa<\/a> a quien ofrezca informaci\u00f3n que conduzca al arresto del presidente de Venezuela, Nicol\u00e1s Maduro. El l\u00edder bolivariano ha sido se\u00f1alado por Washington como el presunto l\u00edder del cartel de los Soles. Este mi\u00e9rcoles, el Departamento de Estado inform\u00f3 que hab\u00eda <a href=\"https:\/\/elpais.com\/us\/2025-08-13\/estados-unidos-asegura-que-se-ha-incautado-de-700-millones-de-dolares-en-activos-de-maduro.html\" target=\"_self\" rel=\"nofollow noopener\" title=\"https:\/\/elpais.com\/us\/2025-08-13\/estados-unidos-asegura-que-se-ha-incautado-de-700-millones-de-dolares-en-activos-de-maduro.html\">incautado activos de Maduro por unos 700 millones de d\u00f3lares. <\/a><\/p>\n<p class=\"\">Los poderes p\u00fablicos del pa\u00eds, todos controlados por los tent\u00e1culos del chavismo, emitieron una secuencia de comunicados en solidaridad con Maduro, defendiendo su nombre y negando las acusaciones en su contra. Tambi\u00e9n, en una transmisi\u00f3n en cadena, como ya ocurri\u00f3 en enero de este a\u00f1o en la v\u00edspera de su nueva juramentaci\u00f3n como Presidente, todos los componentes de la Fuerza Armada Nacional Bolivariana, incluyendo la Guardia de Honor Presidencial y la Direcci\u00f3n General de Contrainteligencia Militar, salieron en defensa del presidente. Los pronunciamientos televisados en respaldo a Maduro de la \u201cfusi\u00f3n militar-policial-popular\u201d incluyeron el Servicio Bolivariano de Inteligencia, la Polic\u00eda Nacional Bolivariana y la Polic\u00eda Judicial.<\/p>\n<p class=\"\">Los rostros de Diosdado Cabello, ministro de Interior y de Justicia, y de Jorge Rodr\u00edguez, presidente de la Asamblea Nacional, tienen semblante severo. El tono es terminante y con amenazas. Cabello denunci\u00f3 este lunes el desmantelamiento de \u201cc\u00e9lulas terroristas\u201d, presuntamente vinculadas con la oposici\u00f3n, en Caracas y Matur\u00edn. El ministro acusa a <a href=\"https:\/\/elpais.com\/america\/2025-07-28\/machado-llama-a-la-organizacion-clandestina-un-ano-despues-de-las-presidenciales-del-28-de-julio.html\" target=\"_self\" rel=\"nofollow noopener\" title=\"https:\/\/elpais.com\/america\/2025-07-28\/machado-llama-a-la-organizacion-clandestina-un-ano-despues-de-las-presidenciales-del-28-de-julio.html\">Mar\u00eda Corina Machado, l\u00edder opositora, <\/a>y a Iv\u00e1n Simonovis, jefe policial e hist\u00f3rico enemigo del chavismo en el exilio, de estar detr\u00e1s de ellas. <\/p>\n<p class=\"\">Uno de estos grupos, afirm\u00f3 Cabello, pretend\u00eda colocar un explosivo en el reci\u00e9n inaugurado monumento de la Victoria de la Gran Guerra Patria contra el Nazifascismo, en honor a la extinta Uni\u00f3n Sovi\u00e9tica, que est\u00e1 ubicado cerca de la Plaza Venezuela, en una zona muy c\u00e9ntrica de la ciudad.<\/p>\n<p class=\"\">En las calles de Caracas y el resto del pa\u00eds contin\u00faan, ahora reforzadas, las alcabalas policiales, el \u201cpatrullaje estrat\u00e9gico\u201d y los operativos de inteligencia a cielo abierto. Este lunes, el Partido Socialista Unido de Venezuela convoc\u00f3 en Caracas a una concentraci\u00f3n de sus militantes en respaldo a Maduro.<\/p>\n<p><img alt=\"Manifestaci\u00f3n en apoyo a Nicol\u00e1s Maduro, este lunes, en Caracas (Venezuela).\" decoding=\"auto\" class=\"_re lazyload a_m-h\" height=\"277\"  width=\"414\"  src=\"https:\/\/www.europesays.com\/es\/wp-content\/uploads\/2025\/08\/URX7OHQB45KJDGOI53GHLBRLIE.jpg\" loading=\"lazy\"\/>Manifestaci\u00f3n en apoyo a Nicol\u00e1s Maduro, este lunes, en Caracas (Venezuela).MIGUEL GUTIERREZ (EFE)<\/p>\n<p class=\"\">El canciller venezolano, Yv\u00e1n Gil, dijo que el anuncio de Washington ofreciendo 50 millones de d\u00f3lares por informaci\u00f3n que conduzca al arresto de Maduro, acusado de fomentar el terrorismo internacional, es \u201cuna operaci\u00f3n de propaganda pol\u00edtica\u201d, que calific\u00f3 de \u201cun chiste\u201d. \u201cLa cortina de humo m\u00e1s rid\u00edcula que hemos visto\u201d, dijo.<\/p>\n<p class=\"\">\u201cEs una falta de respeto a la inteligencia de todos, de ustedes, generales presentes, que tienen criterio, que conocen el mundo, que se han preparado con tanto esfuerzo, afirmar as\u00ed sin m\u00e1s, que sus comandantes, que el presidente Maduro, est\u00e1 metido en el narcotr\u00e1fico\u201d, afirm\u00f3 el ministro de la Defensa, Vladimir Padrino L\u00f3pez, rodeado de los integrantes del Alto Mando en una conferencia de prensa.<\/p>\n<p class=\"\">Padrino dijo que tales se\u00f1alamientos constituyen \u201cuna inmoralidad\u201d, y que las bandas criminales que la administraci\u00f3n Trump alude como soportes o socios de la revoluci\u00f3n bolivariana (como el Tren de Aragua) \u201cest\u00e1n totalmente desarticuladas en el pa\u00eds\u201d.<\/p>\n<p class=\"\">Finalmente, luego de tres d\u00edas en silencio, Maduro respondi\u00f3 a Estados Unidos. \u201cSoy un hombre de paz\u201d, afirm\u00f3 en su programa de televisi\u00f3n. \u201cDejen quieto al que est\u00e1 quieto. Les digo a los imperialistas: no se atrevan, porque la respuesta puede ser el inicio del final del imperio norteamericano\u201d<\/p>\n<p class=\"\">En esta ocasi\u00f3n, un Diosdado Cabello evidentemente irritado puso un \u00e9nfasis particular en sus declaraciones para darle a entender a las audiencias que no est\u00e1 jugando con sus denuncias.<\/p>\n<p class=\"\">Dijo que la alianza de Machado y Simonovis est\u00e1 vinculada con grupos criminales y de narcotr\u00e1fico asociados con la oligarqu\u00eda colombiana, que han estado planeando sembrar el terror en el pa\u00eds, y que nadie deber\u00eda sorprenderse con los nombres que arrojen las investigaciones en desarrollo. \u201cHay gente que se pregunta qu\u00e9 va a pasar\u201d, coment\u00f3. \u201cLo \u00fanico que va a pasar es que los vamos a joder\u201d.<\/p>\n<p>Reacci\u00f3n opositora<\/p>\n<p class=\"\">Mientras, desde la clandestinidad, Mar\u00eda Corina Machado redobla su desaf\u00edo al Gobierno. El apoyo a su causa de algunos \u2014que no de todos\u2014 halcones de Washington, en particular de Marco Rubio, secretario de Estado, es manifiesto.<\/p>\n<p class=\"\">Empe\u00f1ada en afirmar que el gobierno chavista est\u00e1 mucho m\u00e1s d\u00e9bil de lo que se piensa, expres\u00f3 su \u201cinmenso agradecimiento\u201d al gobierno de<a href=\"https:\/\/elpais.com\/us\/2025-08-13\/un-tribunal-federal-permite-a-la-administracion-de-trump-retener-miles-de-millones-de-dolares-en-ayuda-exterior.html\" target=\"_self\" rel=\"nofollow noopener\" title=\"https:\/\/elpais.com\/us\/2025-08-13\/un-tribunal-federal-permite-a-la-administracion-de-trump-retener-miles-de-millones-de-dolares-en-ayuda-exterior.html\"> Donald Trump<\/a> por redoblar el valor de la recompensa de la captura de Maduro. \u201cPienso que las cosas van a moverse realmente r\u00e1pido, el mensaje no solo ha llegado a Maduro, sino a los l\u00edderes cercanos a \u00e9l\u201d.<\/p>\n<p class=\"\">Machado afirm\u00f3 que la presi\u00f3n \u201cser\u00e1 tan grande\u201d, que Maduro terminar\u00e1 forzado a gestar un acuerdo para abandonar el poder y evitar su captura. Este es un escenario que observadores en Venezuela consideran, en principio, improbable.<\/p>\n","protected":false},"excerpt":{"rendered":"La alta jerarqu\u00eda de la revoluci\u00f3n bolivariana se ha puesto en estado de alerta ante el anuncio del&hellip;\n","protected":false},"author":2,"featured_media":50671,"comment_status":"","ping_status":"","sticky":false,"template":"","format":"standard","meta":{"footnotes":""},"categories":[42],"tags":[889,17,18,1196,352,629,13,14,11,61,62,63,64,19,20,1804,9,1194,10,15,16,15489,12,21,22,1192,65,66,67],"class_list":{"0":"post-50670","1":"post","2":"type-post","3":"status-publish","4":"format-standard","5":"has-post-thumbnail","7":"category-internacional","8":"tag-america","9":"tag-breaking-news","10":"tag-breakingnews","11":"tag-chavismo","12":"tag-donald-trump","13":"tag-estados-unidos","14":"tag-featured-news","15":"tag-featurednews","16":"tag-headlines","17":"tag-internacional","18":"tag-international","19":"tag-international-news","20":"tag-internationalnews","21":"tag-latest-news","22":"tag-latestnews","23":"tag-latinoamerica","24":"tag-news","25":"tag-nicolas-maduro","26":"tag-noticias","27":"tag-noticias-destacadas","28":"tag-noticiasdestacadas","29":"tag-relaciones-exteriores","30":"tag-titulares","31":"tag-ultimas-noticias","32":"tag-ultimasnoticias","33":"tag-venezuela","34":"tag-world","35":"tag-world-news","36":"tag-worldnews"},"share_on_mastodon":{"url":"","error":""},"_links":{"self":[{"href":"https:\/\/www.europesays.com\/es\/wp-json\/wp\/v2\/posts\/50670","targetHints":{"allow":["GET"]}}],"collection":[{"href":"https:\/\/www.europesays.com\/es\/wp-json\/wp\/v2\/posts"}],"about":[{"href":"https:\/\/www.europesays.com\/es\/wp-json\/wp\/v2\/types\/post"}],"author":[{"embeddable":true,"href":"https:\/\/www.europesays.com\/es\/wp-json\/wp\/v2\/users\/2"}],"replies":[{"embeddable":true,"href":"https:\/\/www.europesays.com\/es\/wp-json\/wp\/v2\/comments?post=50670"}],"version-history":[{"count":0,"href":"https:\/\/www.europesays.com\/es\/wp-json\/wp\/v2\/posts\/50670\/revisions"}],"wp:featuredmedia":[{"embeddable":true,"href":"https:\/\/www.europesays.com\/es\/wp-json\/wp\/v2\/media\/50671"}],"wp:attachment":[{"href":"https:\/\/www.europesays.com\/es\/wp-json\/wp\/v2\/media?parent=50670"}],"wp:term":[{"taxonomy":"category","embeddable":true,"href":"https:\/\/www.europesays.com\/es\/wp-json\/wp\/v2\/categories?post=50670"},{"taxonomy":"post_tag","embeddable":true,"href":"https:\/\/www.europesays.com\/es\/wp-json\/wp\/v2\/tags?post=50670"}],"curies":[{"name":"wp","href":"https:\/\/api.w.org\/{rel}","templated":true}]}}