{"id":50672,"date":"2025-08-16T04:41:04","date_gmt":"2025-08-16T04:41:04","guid":{"rendered":"https:\/\/www.europesays.com\/es\/50672\/"},"modified":"2025-08-16T04:41:04","modified_gmt":"2025-08-16T04:41:04","slug":"incendios-en-espana-ultima-hora-en-directo","status":"publish","type":"post","link":"https:\/\/www.europesays.com\/es\/50672\/","title":{"rendered":"Incendios en Espa\u00f1a, \u00faltima hora en directo"},"content":{"rendered":"<p class=\"paragraph\" id=\"paragraph_1\">La ola de incendios de este mes de agosto ha calcinado m\u00e1s 115.000 hect\u00e1reas. Tres personas han muerto, miles en todo el pa\u00eds han tenido que ser evacuadas y desde principios de junio 30 sospechosos han sido detenidos. El ministro del Interior, Fernando Grande-Marlaska, ha cifrado en 16 los fuegos activos en nivel de gravedad 2. El fuego avanza descontrolado entre Orense y Zamora.<\/p>\n<p class=\"paragraph\" id=\"paragraph_2\"><a href=\"https:\/\/www.elespanol.com\/espana\/20250815\/arden-hectareas-dias-agosto-fuego-suma-muertos-miles-evacuados-sospechosos-detenidos\/1003743887286_0.html?utm_cmp_rs=linksinline\" rel=\"nofollow noopener\" target=\"_blank\">Arden 115.000 hect\u00e1reas en 14 d\u00edas de agosto: el fuego suma 3 muertos, miles de evacuados y 30 sospechosos detenidos<\/a><\/p>\n<p class=\"paragraph\" id=\"paragraph_3\"><a href=\"https:\/\/www.elespanol.com\/reportajes\/20250814\/ume-zona-cero-incendio-orense-fuego-traicionero-viento-cambia-espalda\/1003743886791_0.html?utm_cmp_rs=linksinline\" rel=\"nofollow noopener\" target=\"_blank\">Con la UME en la zona cero del incendio de Orense: \u00abEste fuego es traicionero. El viento cambia y en nada lo tienes a tu espalda\u00bb<\/a><\/p>\n<p>\n    Actualizar<\/p>\n","protected":false},"excerpt":{"rendered":"La ola de incendios de este mes de agosto ha calcinado m\u00e1s 115.000 hect\u00e1reas. Tres personas han muerto,&hellip;\n","protected":false},"author":2,"featured_media":50673,"comment_status":"","ping_status":"","sticky":false,"template":"","format":"standard","meta":{"footnotes":""},"categories":[8],"tags":[17,18,25,24,13,14,11,4342,19,20,9,10,15,16,492,23,12,21,22],"class_list":{"0":"post-50672","1":"post","2":"type-post","3":"status-publish","4":"format-standard","5":"has-post-thumbnail","7":"category-espana","8":"tag-breaking-news","9":"tag-breakingnews","10":"tag-es","11":"tag-espana","12":"tag-featured-news","13":"tag-featurednews","14":"tag-headlines","15":"tag-incendios","16":"tag-latest-news","17":"tag-latestnews","18":"tag-news","19":"tag-noticias","20":"tag-noticias-destacadas","21":"tag-noticiasdestacadas","22":"tag-sociedad","23":"tag-spain","24":"tag-titulares","25":"tag-ultimas-noticias","26":"tag-ultimasnoticias"},"share_on_mastodon":{"url":"","error":""},"_links":{"self":[{"href":"https:\/\/www.europesays.com\/es\/wp-json\/wp\/v2\/posts\/50672","targetHints":{"allow":["GET"]}}],"collection":[{"href":"https:\/\/www.europesays.com\/es\/wp-json\/wp\/v2\/posts"}],"about":[{"href":"https:\/\/www.europesays.com\/es\/wp-json\/wp\/v2\/types\/post"}],"author":[{"embeddable":true,"href":"https:\/\/www.europesays.com\/es\/wp-json\/wp\/v2\/users\/2"}],"replies":[{"embeddable":true,"href":"https:\/\/www.europesays.com\/es\/wp-json\/wp\/v2\/comments?post=50672"}],"version-history":[{"count":0,"href":"https:\/\/www.europesays.com\/es\/wp-json\/wp\/v2\/posts\/50672\/revisions"}],"wp:featuredmedia":[{"embeddable":true,"href":"https:\/\/www.europesays.com\/es\/wp-json\/wp\/v2\/media\/50673"}],"wp:attachment":[{"href":"https:\/\/www.europesays.com\/es\/wp-json\/wp\/v2\/media?parent=50672"}],"wp:term":[{"taxonomy":"category","embeddable":true,"href":"https:\/\/www.europesays.com\/es\/wp-json\/wp\/v2\/categories?post=50672"},{"taxonomy":"post_tag","embeddable":true,"href":"https:\/\/www.europesays.com\/es\/wp-json\/wp\/v2\/tags?post=50672"}],"curies":[{"name":"wp","href":"https:\/\/api.w.org\/{rel}","templated":true}]}}