{"id":50674,"date":"2025-08-16T04:42:08","date_gmt":"2025-08-16T04:42:08","guid":{"rendered":"https:\/\/www.europesays.com\/es\/50674\/"},"modified":"2025-08-16T04:42:08","modified_gmt":"2025-08-16T04:42:08","slug":"empleo-convoca-la-oferta-formativa-especializada-en-hidrogeno-verde-por-179-millones-de-euros-noticias","status":"publish","type":"post","link":"https:\/\/www.europesays.com\/es\/50674\/","title":{"rendered":"Empleo convoca la oferta formativa especializada en hidr\u00f3geno verde por 1,79 millones de euros &#8211; Noticias"},"content":{"rendered":"<p>La <strong>Consejer\u00eda de Empleo, Empresa y Trabajo Aut\u00f3nomo<\/strong> ha publicado hoy en el <strong>Bolet\u00edn Oficial de la Junta de Andaluc\u00eda <\/strong>(<a href=\"https:\/\/lajunta.es\/5u1qx\" rel=\"nofollow noopener\" target=\"_blank\">https:\/\/lajunta.es\/5u1qx<\/a>) la primera convocatoria de subvenciones dirigida a entidades de formaci\u00f3n para el desarrollo de un ambicioso programa centrado en el sector del <strong>hidr\u00f3geno verde<\/strong>, especialmente dirigido a las <strong>personas trabajadoras desempleadas de las provincias de C\u00e1diz y Huelva<\/strong>, principales polos del desarrollo de esta nueva fuente de energ\u00eda en Espa\u00f1a. <\/p>\n<p>El <strong>proyecto singular<\/strong>, que se desarrollar\u00e1 en el horizonte <strong>2025-2027<\/strong>, pretende formar a <strong>8.500 alumnos<\/strong> a trav\u00e9s de <strong>465 acciones formativas<\/strong>, contando para ello con un presupuesto aproximado de <strong>5,5 millones de euros<\/strong>. Para la presente convocatoria, que se ejecutar\u00e1 en las anualidades <strong>2025 y 2026<\/strong>, se dispondr\u00e1 de un presupuesto global de <strong>1.794.784,80 euros<\/strong>, y una oferta formativa articulada en <strong>dos l\u00edneas de actuaci\u00f3n<\/strong>. <a name=\"_Hlk205365635\">En concreto, en esta <strong>primera edici\u00f3n<\/strong> se convocar\u00e1n <strong>86 cursos<\/strong> entre las dos provincias para formar a <strong>1.290 alumnos<\/strong>.<\/a><\/p>\n<p>Por un lado, la <strong>l\u00ednea 1<\/strong> en <strong>modalidad presencial <\/strong>con especialidades no vinculadas a certificados profesionales. Y, por otro, la <strong>l\u00ednea 2<\/strong>, que incluye <strong>formaci\u00f3n profesional correspondiente a los Grados C<\/strong> del nuevo Sistema de Formaci\u00f3n Profesional, con car\u00e1cter tambi\u00e9n <strong>presencial<\/strong> y con un <strong>periodo obligatorio de formaci\u00f3n en empresas<\/strong>, lo que garantiza una aproximaci\u00f3n pr\u00e1ctica de los beneficiarios al entorno laboral.<\/p>\n<p>Podr\u00e1n acceder a esta oferta, adem\u00e1s de las personas trabajadoras desempleadas inscritas en el <strong>Servicio Andaluz de Empleo (SAE)<\/strong>, un <strong>m\u00e1ximo del 30% de personas ocupadas<\/strong> por acci\u00f3n formativa siempre que no existan personas desempleadas candidatas que cumplan los requisitos de acceso. El proyecto contempla que las acciones formativas tengan una <strong>duraci\u00f3n m\u00e1xima de 12 meses<\/strong> y que se desarrollen en <strong>centros debidamente inscritos o autorizados en Andaluc\u00eda<\/strong>.<\/p>\n<p>Las <strong>entidades de formaci\u00f3n interesadas<\/strong> en participar en esta convocatoria dispondr\u00e1n de plazo hasta el pr\u00f3ximo <strong>3 de septiembre<\/strong> para presentar sus solicitudes a trav\u00e9s de la plataforma inform\u00e1tica <strong>PROFEUS-A<\/strong>. Cada entidad podr\u00e1 presentar <strong>una solicitud por provincia y l\u00ednea<\/strong>, detallando las especialidades a desarrollar.<\/p>\n<p>El proyecto contempla un <strong>sistema de financiaci\u00f3n por m\u00f3dulos<\/strong>, que cubre hasta el <strong>100% del coste de la actividad formativa <\/strong>y se calcula en funci\u00f3n del n\u00famero de participantes, horas lectivas y tipo de modalidad. El <strong>70% de la subvenci\u00f3n se abonar\u00e1 de forma anticipada<\/strong> y el <strong>30% restante, tras la correspondiente justificaci\u00f3n<\/strong>.<\/p>\n<p><strong>Colaboraci\u00f3n directa con el tejido industrial andaluz<\/strong><\/p>\n<p>La programaci\u00f3n formativa ha sido dise\u00f1ada en <strong>colaboraci\u00f3n con el tejido industrial <\/strong>de las provincias de<strong> C\u00e1diz y Huelva<\/strong>, tal y como qued\u00f3 establecido el pasado <strong>17 de julio<\/strong> en un <strong>protocolo general de actuaci\u00f3n<\/strong> suscrito por la <strong>Junta de Andaluc\u00eda<\/strong> con la <strong>Asociaci\u00f3n de Grandes Industrias del Campo de Gibraltar (AGI)<\/strong> y <strong>16 entidades <\/strong>del sector energ\u00e9tico e industrial.<\/p>\n<p>En el acto, presidido por la consejera <strong>Roc\u00edo Blanco<\/strong>, se subray\u00f3 la necesidad de <strong>alinear la oferta formativa con los requerimientos reales<\/strong> de estas empresas en \u00e1reas como <strong>producci\u00f3n, almacenamiento, distribuci\u00f3n y uso del hidr\u00f3geno verde<\/strong>. La previsi\u00f3n del proyecto es alcanzar las <strong>70 especialidades<\/strong> con la participaci\u00f3n de <strong>m\u00e1s de 330 entidades de formaci\u00f3n<\/strong>, cubriendo <strong>toda la cadena de valor del hidr\u00f3geno verde<\/strong>.<\/p>\n<p>Junto a la formaci\u00f3n especializada, las acciones formativas tambi\u00e9n incorporar\u00e1n <strong>medidas transversales de sensibilizaci\u00f3n<\/strong> -como sesiones obligatorias en <strong>igualdad de g\u00e9nero<\/strong>&#8211; y, en el caso de los <strong>Grados C<\/strong>, <strong>servicios de orientaci\u00f3n profesional personalizada<\/strong> al inicio y al final del proceso. Adem\u00e1s, las <strong>pr\u00e1cticas en empresas<\/strong>, de entre un <strong>20% y un 25% de la duraci\u00f3n total<\/strong>, ser\u00e1n <strong>obligatorias y curriculares<\/strong>.<\/p>\n<p>El <strong>hidr\u00f3geno verde<\/strong>, producido a trav\u00e9s de <strong>electricidad renovable sin emisiones contaminantes<\/strong>, es una energ\u00eda considerada <strong>estrat\u00e9gica<\/strong> por su capacidad de contribuir a la <strong>descarbonizaci\u00f3n<\/strong>, al <strong>almacenamiento energ\u00e9tico<\/strong> y a la <strong>mejora de la competitividad<\/strong> de sectores industriales intensivos en consumo energ\u00e9tico. <\/p>\n<p>Esta tecnolog\u00eda genera una <strong>alta demanda de perfiles profesionales<\/strong> en campos como la <strong>ingenier\u00eda energ\u00e9tica<\/strong>, el <strong>mantenimiento industrial<\/strong>, la <strong>automatizaci\u00f3n<\/strong>, la <strong>rob\u00f3tica<\/strong> o la <strong>inteligencia artificial<\/strong>, impulsando tanto la <strong>inserci\u00f3n laboral de personas desempleadas<\/strong> como la <strong>recualificaci\u00f3n de las ocupadas<\/strong>.<\/p>\n<p>Con esta actuaci\u00f3n, la <strong>Junta de Andaluc\u00eda<\/strong> reafirma su compromiso con una <strong>formaci\u00f3n profesional moderna, pr\u00e1ctica y adaptada<\/strong> a los desaf\u00edos tecnol\u00f3gicos y energ\u00e9ticos del sector productivo regional. En ese sentido, el <strong>impulso del hidr\u00f3geno verde<\/strong> como eje de esta convocatoria sit\u00faa a la comunidad aut\u00f3noma<strong> a la cabeza de la transformaci\u00f3n productiva, la innovaci\u00f3n y la empleabilidad sostenible<\/strong>.<\/p>\n","protected":false},"excerpt":{"rendered":"La Consejer\u00eda de Empleo, Empresa y Trabajo Aut\u00f3nomo ha publicado hoy en el Bolet\u00edn Oficial de la Junta&hellip;\n","protected":false},"author":2,"featured_media":50675,"comment_status":"","ping_status":"","sticky":false,"template":"","format":"standard","meta":{"footnotes":""},"categories":[5],"tags":[17,18,25,24,13,14,22510,11,19,20,9,10,15,16,23,12,21,22],"class_list":{"0":"post-50674","1":"post","2":"type-post","3":"status-publish","4":"format-standard","5":"has-post-thumbnail","7":"category-titulares","8":"tag-breaking-news","9":"tag-breakingnews","10":"tag-es","11":"tag-espana","12":"tag-featured-news","13":"tag-featurednews","14":"tag-formacion-profesional-para-el-empleo","15":"tag-headlines","16":"tag-latest-news","17":"tag-latestnews","18":"tag-news","19":"tag-noticias","20":"tag-noticias-destacadas","21":"tag-noticiasdestacadas","22":"tag-spain","23":"tag-titulares","24":"tag-ultimas-noticias","25":"tag-ultimasnoticias"},"share_on_mastodon":{"url":"","error":""},"_links":{"self":[{"href":"https:\/\/www.europesays.com\/es\/wp-json\/wp\/v2\/posts\/50674","targetHints":{"allow":["GET"]}}],"collection":[{"href":"https:\/\/www.europesays.com\/es\/wp-json\/wp\/v2\/posts"}],"about":[{"href":"https:\/\/www.europesays.com\/es\/wp-json\/wp\/v2\/types\/post"}],"author":[{"embeddable":true,"href":"https:\/\/www.europesays.com\/es\/wp-json\/wp\/v2\/users\/2"}],"replies":[{"embeddable":true,"href":"https:\/\/www.europesays.com\/es\/wp-json\/wp\/v2\/comments?post=50674"}],"version-history":[{"count":0,"href":"https:\/\/www.europesays.com\/es\/wp-json\/wp\/v2\/posts\/50674\/revisions"}],"wp:featuredmedia":[{"embeddable":true,"href":"https:\/\/www.europesays.com\/es\/wp-json\/wp\/v2\/media\/50675"}],"wp:attachment":[{"href":"https:\/\/www.europesays.com\/es\/wp-json\/wp\/v2\/media?parent=50674"}],"wp:term":[{"taxonomy":"category","embeddable":true,"href":"https:\/\/www.europesays.com\/es\/wp-json\/wp\/v2\/categories?post=50674"},{"taxonomy":"post_tag","embeddable":true,"href":"https:\/\/www.europesays.com\/es\/wp-json\/wp\/v2\/tags?post=50674"}],"curies":[{"name":"wp","href":"https:\/\/api.w.org\/{rel}","templated":true}]}}