{"id":506795,"date":"2026-04-19T20:07:11","date_gmt":"2026-04-19T20:07:11","guid":{"rendered":"https:\/\/www.europesays.com\/es\/506795\/"},"modified":"2026-04-19T20:07:11","modified_gmt":"2026-04-19T20:07:11","slug":"soy-andaluz-el-acento-lo-dejo-en-el-cajon-porque-si-no-no-me-contratan","status":"publish","type":"post","link":"https:\/\/www.europesays.com\/es\/506795\/","title":{"rendered":"Soy andaluz, el acento lo dejo en el caj\u00f3n porque si no no me contratan"},"content":{"rendered":"<p class=\"c-paragraph\">Desde el pasado marzo,<b> Juan Ochoa se ha consolidado como la voz en off principal de <a href=\"https:\/\/www.20minutos.es\/tags\/instituciones-empresas\/mediaset.html\" title=\"Mediaset\" rel=\"nofollow noopener\" target=\"_blank\">Mediaset<\/a><\/b>. Sus promos forman parte ya de la nueva est\u00e9tica sonora de su principal cadena, <a href=\"https:\/\/www.20minutos.es\/tags\/instituciones-empresas\/telecinco.html\" title=\"Telecinco\" rel=\"nofollow noopener\" target=\"_blank\">Telecinco<\/a>, en sinton\u00eda con el cambio de estrategia de la cadena.<\/p>\n<p class=\"c-paragraph\">Pero, \u00bfqui\u00e9n se esconde detr\u00e1s de esta caracter\u00edstica voz? Se trata de Juan Ochoa, un locutor de radio que ahora ha dado el salto a la peque\u00f1a pantalla. Este domingo, en <a href=\"https:\/\/www.20minutos.es\/tags\/temas\/fiesta-telecinco.html\" title=\"Fiesta (Telecinco)\" rel=\"nofollow noopener\" target=\"_blank\">Fiesta<\/a>, ha hablado sobre su nueva etapa profesional.<\/p>\n<p class=\"c-paragraph\">\u00ab<b>Convivir con mi voz, que es para mi un privilegio, es algo extraordinario<\/b>, porque a diario hay mucha gente que te reconoce en situaciones cotidianas, y eso es muy de agradecer. De alguna manera formas parte de ese entorno familiar, de ese entorno sonoro de la gente que nos ve en la tele o nos escucha en la radio\u00bb, ha asegurado Ochoa.<\/p>\n<p class=\"c-paragraph\">Sobre c\u00f3mo descubri\u00f3 su talento, el profesional aseguraba que \u00abfue una <b>casualidad<\/b>\u00ab. \u00ab<b>Empiezo a hacer radio a ra\u00edz de haber escuchado mucha radio<\/b>. Un d\u00eda me ofrecieron la oportunidad en una emisora pirata de presentar un disco y lo que hice fue interpretar al locutor del radio con el que ten\u00eda tanta cercan\u00eda por mi contacto cotidiano con el medio. Me sali\u00f3 tan bien que <b>llevo ya cuarenta y tantos a\u00f1os haciendo esto<\/b>\u00ab, contaba.<\/p>\n<p class=\"c-paragraph\">Asimismo, ha revelado que es de San Fernando, C\u00e1diz, aunque por su acento ser\u00eda casi imposible adivinarlo. \u00ab<b>Soy andaluz<\/b>\u00ab, aseguraba, ante el asombro de Emma Garc\u00eda.\u00a0<\/p>\n<p class=\"c-paragraph\">\u00ab\u00bfEn serio? \u00bfY d\u00f3nde has dejado el acento?\u00bb, cuestionaba la presentadora. \u00abPues mira, <b>cuando voy a trabajar lo dejo en el caj\u00f3n, porque si no no hay forma de que me contraten<\/b>\u00ab, aseguraba entre risas el incitado.<\/p>\n","protected":false},"excerpt":{"rendered":"Desde el pasado marzo, Juan Ochoa se ha consolidado como la voz en off principal de Mediaset. Sus&hellip;\n","protected":false},"author":2,"featured_media":506796,"comment_status":"","ping_status":"","sticky":false,"template":"","format":"standard","meta":{"footnotes":""},"categories":[171],"tags":[3416,146,147,25,24,6949,955,11395,23,214,1447],"class_list":["post-506795","post","type-post","status-publish","format-standard","has-post-thumbnail","category-tv","tag-descubierto","tag-entertainment","tag-entretenimiento","tag-es","tag-espana","tag-identidad","tag-mediaset","tag-off","tag-spain","tag-tv","tag-voz"],"share_on_mastodon":{"url":"https:\/\/pubeurope.com\/@es\/116433180759570753","error":""},"_links":{"self":[{"href":"https:\/\/www.europesays.com\/es\/wp-json\/wp\/v2\/posts\/506795","targetHints":{"allow":["GET"]}}],"collection":[{"href":"https:\/\/www.europesays.com\/es\/wp-json\/wp\/v2\/posts"}],"about":[{"href":"https:\/\/www.europesays.com\/es\/wp-json\/wp\/v2\/types\/post"}],"author":[{"embeddable":true,"href":"https:\/\/www.europesays.com\/es\/wp-json\/wp\/v2\/users\/2"}],"replies":[{"embeddable":true,"href":"https:\/\/www.europesays.com\/es\/wp-json\/wp\/v2\/comments?post=506795"}],"version-history":[{"count":0,"href":"https:\/\/www.europesays.com\/es\/wp-json\/wp\/v2\/posts\/506795\/revisions"}],"wp:featuredmedia":[{"embeddable":true,"href":"https:\/\/www.europesays.com\/es\/wp-json\/wp\/v2\/media\/506796"}],"wp:attachment":[{"href":"https:\/\/www.europesays.com\/es\/wp-json\/wp\/v2\/media?parent=506795"}],"wp:term":[{"taxonomy":"category","embeddable":true,"href":"https:\/\/www.europesays.com\/es\/wp-json\/wp\/v2\/categories?post=506795"},{"taxonomy":"post_tag","embeddable":true,"href":"https:\/\/www.europesays.com\/es\/wp-json\/wp\/v2\/tags?post=506795"}],"curies":[{"name":"wp","href":"https:\/\/api.w.org\/{rel}","templated":true}]}}