{"id":50690,"date":"2025-08-16T04:57:10","date_gmt":"2025-08-16T04:57:10","guid":{"rendered":"https:\/\/www.europesays.com\/es\/50690\/"},"modified":"2025-08-16T04:57:10","modified_gmt":"2025-08-16T04:57:10","slug":"en-speed-iban-a-tanta-velocidad-que-se-olvidaron-de-pedirle-al-camara-que-no-saliera-en-la-pelicula-noticias-de-cine","status":"publish","type":"post","link":"https:\/\/www.europesays.com\/es\/50690\/","title":{"rendered":"En &#8216;Speed&#8217; iban a tanta velocidad que se olvidaron de pedirle al c\u00e1mara que no saliera en la pel\u00edcula &#8211; Noticias de cine"},"content":{"rendered":"<p>No importa a la velocidad que pasen las cosas: cuando hay un gazapo en una pel\u00edcula, se pilla a la primera<\/p>\n<p class=\"bo-p\">En 1985, un joven <a href=\"https:\/\/www.sensacine.com\/actores\/actor-55594\/\" class=\"bo-link\" rel=\"nofollow noopener\" target=\"_blank\">Graham Yost<\/a> fue con su padre a ver <a href=\"https:\/\/www.sensacine.com\/peliculas\/pelicula-40864\/\" class=\"bo-link\" rel=\"nofollow noopener\" target=\"_blank\">El tren del infierno<\/a>, una pel\u00edcula con <a href=\"https:\/\/www.sensacine.com\/actores\/actor-618\/\" class=\"bo-link\" rel=\"nofollow noopener\" target=\"_blank\">Jon Voight<\/a> y <a href=\"https:\/\/www.sensacine.com\/actores\/actor-11147\/\" class=\"bo-link\" rel=\"nofollow noopener\" target=\"_blank\">Eric Roberts<\/a> que originalmente quer\u00eda dirigir <a href=\"https:\/\/www.sensacine.com\/actores\/actor-72\/\" class=\"bo-link\" rel=\"nofollow noopener\" target=\"_blank\">Akira Kurosawa<\/a> (de hecho, la historia es suya). En la pel\u00edcula, dos reclusos se escapaban cogiendo un tren y poni\u00e9ndolo a m\u00e1xima velocidad, pero <b>Yost entendi\u00f3, de alguna manera, que hab\u00eda una bomba en el tren y no pod\u00eda bajar de cierta velocidad o explotar\u00eda<\/b>. A\u00f1os despu\u00e9s, se dar\u00eda cuenta de que la idea quedaba mejor en un autob\u00fas y crear\u00eda el guion de -lo hab\u00e9is adivinado- <a href=\"https:\/\/www.sensacine.com\/peliculas\/pelicula-10498\/\" class=\"bo-link\" rel=\"nofollow noopener\" target=\"_blank\">Speed<\/a>. <\/p>\n<p>El autob\u00fas que no pod\u00eda ir m\u00e1s despacio<\/p>\n<p class=\"bo-p\">Speed podr\u00eda haber sido un desastre inmenso porque ya desde su inicio nadie parec\u00eda confiar en ella. En Paramount, por ejemplo, <b>decidieron pasar de ella porque no cre\u00edan que nadie fuera a ver una pel\u00edcula ambientada en un autob\u00fas<\/b>. De hecho, en Fox pidieron m\u00e1s secuencias de acci\u00f3n dentro del mismo, creyendo que la historia estaba bien, pero necesitaban m\u00e1s distracciones para que el p\u00fablico pudiera distraerse.<\/p>\n<p class=\"bo-p\">Menos mal que no se distrajeron demasiado, o se podr\u00edan haber dado cuenta de un gazapo como la copa de un pino: en el minuto 1:45:55, podemos ver a <a href=\"https:\/\/www.sensacine.com\/actores\/actor-4700\/\" class=\"bo-link\" rel=\"nofollow noopener\" target=\"_blank\">Sandra Bullock<\/a> sola en el tren, cuando <a href=\"https:\/\/www.sensacine.com\/actores\/actor-4819\/\" class=\"bo-link\" rel=\"nofollow noopener\" target=\"_blank\">Keanu Reeves<\/a> le dice que tienen que saltar del mismo. \u00bfCu\u00e1l es el problema? Que no est\u00e1n tan solos: <b>en el cristal vemos a un operador de c\u00e1mara y al encargado de sonido sosteniendo la p\u00e9rtiga<\/b>. Un tren, desde luego, de lo m\u00e1s lleno. <\/p>\n<p>                                <img loading=\"lazy\" decoding=\"async\" class=\"article-figure-img\" src=\"https:\/\/www.europesays.com\/es\/wp-content\/uploads\/2025\/08\/b817dcffe82a6c01616c72b52e28b847.jpg\" width=\"640\" height=\"320\" alt=\"\"\/><\/p>\n<p>                                    Fox<\/p>\n<p>                                <img loading=\"lazy\" decoding=\"async\" class=\"article-figure-img\" src=\"https:\/\/www.europesays.com\/es\/wp-content\/uploads\/2025\/08\/07d0bdc16529c54a37f34e1d7d397067.jpg\" width=\"640\" height=\"320\" alt=\"\"\/><\/p>\n<p>                                    Fox<\/p>\n<p class=\"bo-p\">Con gazapo o sin \u00e9l, Paramount debi\u00f3 quedarse con un palmo de narices cuando vio el resultado en taquilla de la pel\u00edcula: 350 millones de d\u00f3lares, o sea, diez veces su presupuesto, lo que hizo que se aprobara de manera inmediata una secuela, pero esta vez en un barco. <b>La idea es un poco loca, pero originalmente iba a ser el guion de <\/b><a href=\"https:\/\/www.sensacine.com\/peliculas\/pelicula-12854\/\" class=\"bo-link\" rel=\"nofollow noopener\" target=\"_blank\"><b>La jungla de cristal: La venganza<\/b><\/a> antes de que decidieran convertirlo en Speed 2. Si algo qued\u00f3 claro es que la saga muri\u00f3 aqu\u00ed&#8230; A no ser que en 2028 hagan una tercera parte ambientada en, por ejemplo, un patinete. Nunca se sabe ya en Hollywood.<\/p>\n","protected":false},"excerpt":{"rendered":"No importa a la velocidad que pasen las cosas: cuando hay un gazapo en una pel\u00edcula, se pilla&hellip;\n","protected":false},"author":2,"featured_media":50691,"comment_status":"","ping_status":"","sticky":false,"template":"","format":"standard","meta":{"footnotes":""},"categories":[169],"tags":[177,146,147,25,24,176,6494,22517,175,22516,23,17484],"class_list":{"0":"post-50690","1":"post","2":"type-post","3":"status-publish","4":"format-standard","5":"has-post-thumbnail","7":"category-cine","8":"tag-cine","9":"tag-entertainment","10":"tag-entretenimiento","11":"tag-es","12":"tag-espana","13":"tag-film","14":"tag-gazapos","15":"tag-keanu_reeves","16":"tag-movies","17":"tag-sandra_bullock","18":"tag-spain","19":"tag-speed"},"share_on_mastodon":{"url":"","error":""},"_links":{"self":[{"href":"https:\/\/www.europesays.com\/es\/wp-json\/wp\/v2\/posts\/50690","targetHints":{"allow":["GET"]}}],"collection":[{"href":"https:\/\/www.europesays.com\/es\/wp-json\/wp\/v2\/posts"}],"about":[{"href":"https:\/\/www.europesays.com\/es\/wp-json\/wp\/v2\/types\/post"}],"author":[{"embeddable":true,"href":"https:\/\/www.europesays.com\/es\/wp-json\/wp\/v2\/users\/2"}],"replies":[{"embeddable":true,"href":"https:\/\/www.europesays.com\/es\/wp-json\/wp\/v2\/comments?post=50690"}],"version-history":[{"count":0,"href":"https:\/\/www.europesays.com\/es\/wp-json\/wp\/v2\/posts\/50690\/revisions"}],"wp:featuredmedia":[{"embeddable":true,"href":"https:\/\/www.europesays.com\/es\/wp-json\/wp\/v2\/media\/50691"}],"wp:attachment":[{"href":"https:\/\/www.europesays.com\/es\/wp-json\/wp\/v2\/media?parent=50690"}],"wp:term":[{"taxonomy":"category","embeddable":true,"href":"https:\/\/www.europesays.com\/es\/wp-json\/wp\/v2\/categories?post=50690"},{"taxonomy":"post_tag","embeddable":true,"href":"https:\/\/www.europesays.com\/es\/wp-json\/wp\/v2\/tags?post=50690"}],"curies":[{"name":"wp","href":"https:\/\/api.w.org\/{rel}","templated":true}]}}