{"id":50692,"date":"2025-08-16T04:58:16","date_gmt":"2025-08-16T04:58:16","guid":{"rendered":"https:\/\/www.europesays.com\/es\/50692\/"},"modified":"2025-08-16T04:58:16","modified_gmt":"2025-08-16T04:58:16","slug":"laporta-da-por-hechas-las-inscripciones-de-joan-garcia-y-rashford","status":"publish","type":"post","link":"https:\/\/www.europesays.com\/es\/50692\/","title":{"rendered":"Laporta da por hechas las inscripciones de Joan Garcia y Rashford"},"content":{"rendered":"<p class=\"ft-text\">A menos de un d\u00eda para que el FC Barcelona debute en la Liga ante el RCD Mallorca, <strong>Joan Garcia y Marcus Rashford siguen sin estar inscritos.<\/strong> Los dos grandes fichajes de la temporada siguen esperando que la competici\u00f3n acepte sus inscripciones y el tiempo se va terminando.<\/p>\n<p class=\"ft-text\">El Bar\u00e7a jugar\u00e1 en Son Moix este s\u00e1bado a las 19.30h y este viernes han hecho avances para que los dos puedan estar. Tras la baja de larga duraci\u00f3n de Ter Stegen, los cul\u00e9s afirmaron que se podr\u00eda utilizar parte de su sueldo para inscribir a Joan Garc\u00eda inmediatamente, <strong>pero la idea de Laporta es hacer lo mismo con los dos.<\/strong><\/p>\n<p class=\"ft-text\">El presidente del FC Barcelona confirm\u00f3 que los dos fichajes podr\u00e1n estar disponibles en <strong>la Trobada de Penyes Barcelonistes de les Illes Baleares organizada en Maria de la Salut<\/strong>, un pueblo del centro de la isla. Laporta dio un discurso ante los pe\u00f1istas con un mensaje muy claro:<strong> \u00abSi Flick quiere, Joan Garcia y Rashford pueden jugar ma\u00f1ana\u00bb. <\/strong><\/p>\n<p class=\"ft-text\">Los azulgranas est\u00e1n pendientes de la validaci\u00f3n final por parte de LaLiga. Adem\u00e1s de la baja de Ter Stegen,<strong> los cul\u00e9s han renovado a Kounde para diferir la amortizaci\u00f3n de su fichaje y vendieron el 50% de los derechos que conservaban de Francisco Trincao <\/strong>por 11 millones de euros al Sporting de Portugal.<\/p>\n<p class=\"ft-text\">El presidente estuvo acompa\u00f1ado por Josep Ignasi Maci\u00e0, el directivo responsable de las pe\u00f1as en su visita a Maria de la Salut. All\u00ed tambi\u00e9n estaba Jaume Ferriol, alcalde del municipio mallorqu\u00edn y Pere Jord\u00e0, presidente de la pe\u00f1a, entre otros representantes de instituciones baleares.<\/p>\n<p class=\"ft-text\">Los azulgranas no son el \u00fanico equipo con problemas de inscripciones en la competici\u00f3n. De hecho, es un problema bastante generalizado en la Liga, aunque Tebas conf\u00eda en que todas se llevar\u00e1n a termo: \u00ab<strong>Hay un reglamento que los clubes conocen desde hace tiempo. Siempre pasa algo. A 31 de agosto todos o casi todos tienen los deberes hechos\u00bb.<\/strong><\/p>\n","protected":false},"excerpt":{"rendered":"A menos de un d\u00eda para que el FC Barcelona debute en la Liga ante el RCD Mallorca,&hellip;\n","protected":false},"author":2,"featured_media":50693,"comment_status":"","ping_status":"","sticky":false,"template":"","format":"standard","meta":{"footnotes":""},"categories":[93],"tags":[1136,168,25,24,3142,19896,5170,883,4467,1737,3254,23,167],"class_list":{"0":"post-50692","1":"post","2":"type-post","3":"status-publish","4":"format-standard","5":"has-post-thumbnail","7":"category-deportes","8":"tag-asegura","9":"tag-deportes","10":"tag-es","11":"tag-espana","12":"tag-garcia","13":"tag-inscripciones","14":"tag-joan","15":"tag-joan-garcia","16":"tag-joan-laporta","17":"tag-laporta","18":"tag-marcus-rashford","19":"tag-spain","20":"tag-sports"},"share_on_mastodon":{"url":"","error":""},"_links":{"self":[{"href":"https:\/\/www.europesays.com\/es\/wp-json\/wp\/v2\/posts\/50692","targetHints":{"allow":["GET"]}}],"collection":[{"href":"https:\/\/www.europesays.com\/es\/wp-json\/wp\/v2\/posts"}],"about":[{"href":"https:\/\/www.europesays.com\/es\/wp-json\/wp\/v2\/types\/post"}],"author":[{"embeddable":true,"href":"https:\/\/www.europesays.com\/es\/wp-json\/wp\/v2\/users\/2"}],"replies":[{"embeddable":true,"href":"https:\/\/www.europesays.com\/es\/wp-json\/wp\/v2\/comments?post=50692"}],"version-history":[{"count":0,"href":"https:\/\/www.europesays.com\/es\/wp-json\/wp\/v2\/posts\/50692\/revisions"}],"wp:featuredmedia":[{"embeddable":true,"href":"https:\/\/www.europesays.com\/es\/wp-json\/wp\/v2\/media\/50693"}],"wp:attachment":[{"href":"https:\/\/www.europesays.com\/es\/wp-json\/wp\/v2\/media?parent=50692"}],"wp:term":[{"taxonomy":"category","embeddable":true,"href":"https:\/\/www.europesays.com\/es\/wp-json\/wp\/v2\/categories?post=50692"},{"taxonomy":"post_tag","embeddable":true,"href":"https:\/\/www.europesays.com\/es\/wp-json\/wp\/v2\/tags?post=50692"}],"curies":[{"name":"wp","href":"https:\/\/api.w.org\/{rel}","templated":true}]}}